{"id":10473,"date":"2022-05-30T12:23:37","date_gmt":"2022-05-30T15:23:37","guid":{"rendered":"https:\/\/nubesmgzdigital.com.ar\/?p=10473"},"modified":"2022-05-30T12:24:48","modified_gmt":"2022-05-30T15:24:48","slug":"buenos-aires-presento-sus-atractivos-turisticos-en-brasil","status":"publish","type":"post","link":"https:\/\/nubesmgzdigital.com.ar\/index.php\/2022\/05\/30\/buenos-aires-presento-sus-atractivos-turisticos-en-brasil\/","title":{"rendered":"Buenos Aires present\u00f3 sus atractivos tur\u00edsticos en Brasil"},"content":{"rendered":"\n<figure class=\"wp-block-image size-large\"><a href=\"https:\/\/www.termatalia.com\/termatalia-2022\/\" target=\"_blank\" rel=\"noreferrer noopener\"><img loading=\"lazy\" decoding=\"async\" width=\"1024\" height=\"72\" src=\"http:\/\/nubesmgzdigital.com.ar\/wp-content\/uploads\/2022\/05\/Captura-web_27-5-2022_185555_www.termatalia.com_-1024x72.jpeg\" alt=\"\" class=\"wp-image-10470\" srcset=\"https:\/\/nubesmgzdigital.com.ar\/wp-content\/uploads\/2022\/05\/Captura-web_27-5-2022_185555_www.termatalia.com_-1024x72.jpeg 1024w, https:\/\/nubesmgzdigital.com.ar\/wp-content\/uploads\/2022\/05\/Captura-web_27-5-2022_185555_www.termatalia.com_-300x21.jpeg 300w, https:\/\/nubesmgzdigital.com.ar\/wp-content\/uploads\/2022\/05\/Captura-web_27-5-2022_185555_www.termatalia.com_-768x54.jpeg 768w, https:\/\/nubesmgzdigital.com.ar\/wp-content\/uploads\/2022\/05\/Captura-web_27-5-2022_185555_www.termatalia.com_-696x49.jpeg 696w, https:\/\/nubesmgzdigital.com.ar\/wp-content\/uploads\/2022\/05\/Captura-web_27-5-2022_185555_www.termatalia.com_-1068x75.jpeg 1068w, https:\/\/nubesmgzdigital.com.ar\/wp-content\/uploads\/2022\/05\/Captura-web_27-5-2022_185555_www.termatalia.com_.jpeg 1187w\" sizes=\"auto, (max-width: 1024px) 100vw, 1024px\" \/><\/a><\/figure>\n\n\n\n<h4 class=\"has-cyan-bluish-gray-color has-text-color has-background wp-block-heading\" style=\"background-color:#05314b\"><strong><em>Como parte del cronograma de actividades de promoci\u00f3n tur\u00edstica entre ambos pa\u00edses, y en el marco del reciente vuelo directo entre Brasilia y Buenos Aires, la Ciudad particip\u00f3 de la presentaci\u00f3n de destino realizada por el INPROTUR.<\/em><\/strong><\/h4>\n\n\n\n<p>La Ciudad de Buenos Aires form\u00f3 parte del encuentro realizado en la Embajada Argentina en Brasil en el que INPROTUR present\u00f3 la propuesta tur\u00edstica nacional, en la que la Ciudad tuvo un rol preponderante. A su vez, tambi\u00e9n se lanz\u00f3 la reapertura de la ruta a\u00e9rea Buenos Aires &#8211; Brasilia.<\/p>\n\n\n\n<p>Participaron del evento m\u00e1s de&nbsp;<strong>300 operadores<\/strong>&nbsp;<strong>y prestadores de servicios tur\u00edsticos&nbsp;<\/strong>argentinos y brasile\u00f1os; y estuvieron presentes el Embajador argentino en Brasil, Daniel Scioli; el Secretario de Turismo de Brasilia, William Almeida; el Secretario Ejecutivo del INPROTUR, Ricardo Sosa; el presidente del ENTUR, Lucas Delfino; y el Gerente Comercial de Aerol\u00edneas Argentinas en Brasil, Iv\u00e1n Blanco Cadahia.<\/p>\n\n\n\n<p><em>&#8220;Venimos trabajando de forma mancomunada con el Embajador y los operadores brasile\u00f1os. Si bien la reactivaci\u00f3n del sector pospandemia comenz\u00f3 por los destinos de cercan\u00eda, es el momento de empezar a trabajar en pol\u00edticas que fomenten la llegada de turistas extranjeros de pa\u00edses lim\u00edtrofes. Aqu\u00ed la articulaci\u00f3n p\u00fablico-privada para brindar una oferta acorde a las necesidades de las personas es fundamental.&#8221;&nbsp;<\/em>afirma Lucas Delfino, presidente del Entur.<\/p>\n\n\n\n<p><\/p>\n\n\n\n<figure class=\"wp-block-image size-large\"><img loading=\"lazy\" decoding=\"async\" width=\"851\" height=\"1024\" src=\"https:\/\/nubesmgzdigital.com.ar\/wp-content\/uploads\/2022\/05\/WhatsApp-Image-2022-05-24-at-8.14.11-PM-851x1024.jpeg\" alt=\"\" class=\"wp-image-10474\" srcset=\"https:\/\/nubesmgzdigital.com.ar\/wp-content\/uploads\/2022\/05\/WhatsApp-Image-2022-05-24-at-8.14.11-PM-851x1024.jpeg 851w, https:\/\/nubesmgzdigital.com.ar\/wp-content\/uploads\/2022\/05\/WhatsApp-Image-2022-05-24-at-8.14.11-PM-249x300.jpeg 249w, https:\/\/nubesmgzdigital.com.ar\/wp-content\/uploads\/2022\/05\/WhatsApp-Image-2022-05-24-at-8.14.11-PM-768x924.jpeg 768w, https:\/\/nubesmgzdigital.com.ar\/wp-content\/uploads\/2022\/05\/WhatsApp-Image-2022-05-24-at-8.14.11-PM-696x837.jpeg 696w, https:\/\/nubesmgzdigital.com.ar\/wp-content\/uploads\/2022\/05\/WhatsApp-Image-2022-05-24-at-8.14.11-PM-349x420.jpeg 349w, https:\/\/nubesmgzdigital.com.ar\/wp-content\/uploads\/2022\/05\/WhatsApp-Image-2022-05-24-at-8.14.11-PM.jpeg 1064w\" sizes=\"auto, (max-width: 851px) 100vw, 851px\" \/><\/figure>\n\n\n\n<p>Brasil es una de las plazas m\u00e1s importantes a nivel emisivo para la Ciudad. En 2019, a\u00f1o r\u00e9cord en el turismo para Buenos Aires, el pa\u00eds lim\u00edtrofe fue&nbsp;el&nbsp;<strong>principal aportante de turistas extranjeros<\/strong>&nbsp;(27% del total de ese a\u00f1o). A su vez,&nbsp;durante el<strong>&nbsp;primer trimestre del 2022 m\u00e1s de 33 mil turistas brasileros visitaron la Ciudad<\/strong>, de los cuales m\u00e1s del 70% lo hizo por vacaciones o viajes de ocio.&nbsp;<\/p>\n\n\n\n<p><\/p>\n\n\n\n<figure class=\"wp-block-image size-large\"><img loading=\"lazy\" decoding=\"async\" width=\"1024\" height=\"898\" src=\"https:\/\/nubesmgzdigital.com.ar\/wp-content\/uploads\/2022\/05\/WhatsApp-Image-2022-05-24-at-8.14.12-PM-1024x898.jpeg\" alt=\"\" class=\"wp-image-10475\" srcset=\"https:\/\/nubesmgzdigital.com.ar\/wp-content\/uploads\/2022\/05\/WhatsApp-Image-2022-05-24-at-8.14.12-PM-1024x898.jpeg 1024w, https:\/\/nubesmgzdigital.com.ar\/wp-content\/uploads\/2022\/05\/WhatsApp-Image-2022-05-24-at-8.14.12-PM-300x263.jpeg 300w, https:\/\/nubesmgzdigital.com.ar\/wp-content\/uploads\/2022\/05\/WhatsApp-Image-2022-05-24-at-8.14.12-PM-768x674.jpeg 768w, https:\/\/nubesmgzdigital.com.ar\/wp-content\/uploads\/2022\/05\/WhatsApp-Image-2022-05-24-at-8.14.12-PM-696x611.jpeg 696w, https:\/\/nubesmgzdigital.com.ar\/wp-content\/uploads\/2022\/05\/WhatsApp-Image-2022-05-24-at-8.14.12-PM-1068x937.jpeg 1068w, https:\/\/nubesmgzdigital.com.ar\/wp-content\/uploads\/2022\/05\/WhatsApp-Image-2022-05-24-at-8.14.12-PM-479x420.jpeg 479w, https:\/\/nubesmgzdigital.com.ar\/wp-content\/uploads\/2022\/05\/WhatsApp-Image-2022-05-24-at-8.14.12-PM.jpeg 1280w\" sizes=\"auto, (max-width: 1024px) 100vw, 1024px\" \/><\/figure>\n\n\n\n<p>A nivel conectividad, Buenos Aires viene recuperando varias rutas&nbsp;a\u00e9reas que conectan a la Ciudad con Brasil. En el primer trimestre registr\u00f3&nbsp;<strong>45 vuelos semanales con San Pablo, 25 con R\u00edo de Janeiro, 10 con Florian\u00f3polis y 3 con Salvador de Bah\u00eda<\/strong>&nbsp;y, a partir de abril, retom\u00f3 la ruta Buenos Aires &#8211; Brasilia.<strong>&nbsp;<\/strong><\/p>\n\n\n\n<p><strong><em>&#8220;<\/em><\/strong><em>Un dato clave para trabajar tanto para el turismo internacional como el nacional es la conectividad, frecuencias y rutas de vuelo. El turista prioriza destinos naturales, tenemos un pa\u00eds con amplia oferta que podr\u00eda dinamizar y generar progreso en muchas provincias argentinas. Si bien a\u00fan falta para recuperar los 269 vuelos mensuales<\/em><strong><em>&nbsp;<\/em><\/strong><em>que ten\u00edamos en el primer trimestre del 2019, se est\u00e1 trabajando en conjunto con los gobiernos nacionales de ambos pa\u00edses de muy buena manera para que cada vez existan m\u00e1s y mejores rutas a\u00e9reas que interconecten los distintos destinos brasile\u00f1os con la Ciudad&#8221;<\/em>&nbsp;concluy\u00f3 Delfino.<\/p>\n","protected":false},"excerpt":{"rendered":"<p>Como parte del cronograma de actividades de promoci\u00f3n tur\u00edstica entre ambos pa\u00edses, y en el marco del reciente vuelo directo entre Brasilia y Buenos Aires, la Ciudad particip\u00f3 de la presentaci\u00f3n de destino realizada por el INPROTUR. La Ciudad de Buenos Aires form\u00f3 parte del encuentro realizado en la Embajada Argentina en Brasil en el [&hellip;]<\/p>\n","protected":false},"author":2,"featured_media":10476,"comment_status":"open","ping_status":"open","sticky":false,"template":"","format":"standard","meta":{"footnotes":""},"categories":[137],"tags":[],"class_list":["post-10473","post","type-post","status-publish","format-standard","has-post-thumbnail","hentry","category-buenos-aires-caba"],"post_mailing_queue_ids":[],"_links":{"self":[{"href":"https:\/\/nubesmgzdigital.com.ar\/index.php\/wp-json\/wp\/v2\/posts\/10473","targetHints":{"allow":["GET"]}}],"collection":[{"href":"https:\/\/nubesmgzdigital.com.ar\/index.php\/wp-json\/wp\/v2\/posts"}],"about":[{"href":"https:\/\/nubesmgzdigital.com.ar\/index.php\/wp-json\/wp\/v2\/types\/post"}],"author":[{"embeddable":true,"href":"https:\/\/nubesmgzdigital.com.ar\/index.php\/wp-json\/wp\/v2\/users\/2"}],"replies":[{"embeddable":true,"href":"https:\/\/nubesmgzdigital.com.ar\/index.php\/wp-json\/wp\/v2\/comments?post=10473"}],"version-history":[{"count":2,"href":"https:\/\/nubesmgzdigital.com.ar\/index.php\/wp-json\/wp\/v2\/posts\/10473\/revisions"}],"predecessor-version":[{"id":10478,"href":"https:\/\/nubesmgzdigital.com.ar\/index.php\/wp-json\/wp\/v2\/posts\/10473\/revisions\/10478"}],"wp:featuredmedia":[{"embeddable":true,"href":"https:\/\/nubesmgzdigital.com.ar\/index.php\/wp-json\/wp\/v2\/media\/10476"}],"wp:attachment":[{"href":"https:\/\/nubesmgzdigital.com.ar\/index.php\/wp-json\/wp\/v2\/media?parent=10473"}],"wp:term":[{"taxonomy":"category","embeddable":true,"href":"https:\/\/nubesmgzdigital.com.ar\/index.php\/wp-json\/wp\/v2\/categories?post=10473"},{"taxonomy":"post_tag","embeddable":true,"href":"https:\/\/nubesmgzdigital.com.ar\/index.php\/wp-json\/wp\/v2\/tags?post=10473"}],"curies":[{"name":"wp","href":"https:\/\/api.w.org\/{rel}","templated":true}]}}