{"id":10479,"date":"2022-05-30T13:04:40","date_gmt":"2022-05-30T16:04:40","guid":{"rendered":"https:\/\/nubesmgzdigital.com.ar\/?p=10479"},"modified":"2022-05-30T13:06:06","modified_gmt":"2022-05-30T16:06:06","slug":"49-finalistas-de-25-ciudades-bonaerenses-compiten-por-el-premio-feba-cultura-2022","status":"publish","type":"post","link":"https:\/\/nubesmgzdigital.com.ar\/index.php\/2022\/05\/30\/49-finalistas-de-25-ciudades-bonaerenses-compiten-por-el-premio-feba-cultura-2022\/","title":{"rendered":"49 finalistas de 25 ciudades bonaerenses compiten por el Premio FEBA Cultura 2022"},"content":{"rendered":"\n<h4 class=\"has-light-green-cyan-background-color has-text-color has-background wp-block-heading\" style=\"color:#41464b\"><em>Con m\u00e1s de 80 inscriptos, el \u00e1rea de Cultura de la Federaci\u00f3n Econ\u00f3mica de la Provincia de Buenos Aires (FEBA) presenta a los 49 finalistas que representar\u00e1n a 25 ciudades bonaerenses en las 6 categor\u00edas que tiene esta 4ta. edici\u00f3n del Premio.<\/em><\/h4>\n\n\n\n<figure class=\"wp-block-image size-large\"><a href=\"https:\/\/www.termatalia.com\/termatalia-2022\/\" target=\"_blank\" rel=\"noreferrer noopener\"><img loading=\"lazy\" decoding=\"async\" width=\"1024\" height=\"72\" src=\"http:\/\/nubesmgzdigital.com.ar\/wp-content\/uploads\/2022\/05\/Captura-web_27-5-2022_185555_www.termatalia.com_-1024x72.jpeg\" alt=\"\" class=\"wp-image-10470\" srcset=\"https:\/\/nubesmgzdigital.com.ar\/wp-content\/uploads\/2022\/05\/Captura-web_27-5-2022_185555_www.termatalia.com_-1024x72.jpeg 1024w, https:\/\/nubesmgzdigital.com.ar\/wp-content\/uploads\/2022\/05\/Captura-web_27-5-2022_185555_www.termatalia.com_-300x21.jpeg 300w, https:\/\/nubesmgzdigital.com.ar\/wp-content\/uploads\/2022\/05\/Captura-web_27-5-2022_185555_www.termatalia.com_-768x54.jpeg 768w, https:\/\/nubesmgzdigital.com.ar\/wp-content\/uploads\/2022\/05\/Captura-web_27-5-2022_185555_www.termatalia.com_-696x49.jpeg 696w, https:\/\/nubesmgzdigital.com.ar\/wp-content\/uploads\/2022\/05\/Captura-web_27-5-2022_185555_www.termatalia.com_-1068x75.jpeg 1068w, https:\/\/nubesmgzdigital.com.ar\/wp-content\/uploads\/2022\/05\/Captura-web_27-5-2022_185555_www.termatalia.com_.jpeg 1187w\" sizes=\"auto, (max-width: 1024px) 100vw, 1024px\" \/><\/a><\/figure>\n\n\n\n<p><em>&#8220;Esta es la cuarta edici\u00f3n del Premio FEBA Cultura, y en todos estos a\u00f1os buscamos legitimar y visibilizar el trabajo que hacen las industrias culturales de la Provincia, generando empleo y entretenimiento a todos los bonaerenses. Para las pymes culturales muchas veces es complejo llegar a subsidios o programas de asistencia financiera, y desde FEBA Cultura trabajamos cotidianamente para obtener nuevas herramientas. Este Premio es un reconocimiento al trabajo que llevan adelante&#8221;,<\/em>&nbsp;comenta&nbsp;la presidenta de&nbsp;<a href=\"https:\/\/www.febaweb.org.ar\/\" target=\"_blank\" rel=\"noreferrer noopener\">FEBA Cultura<\/a>,&nbsp;<strong>Alejandra Moccioli<\/strong>.<\/p>\n\n\n\n<p><em>&#8220;A\u00f1o tras a\u00f1o nos encontramos con m\u00e1s artistas inscriptos, todos muy buenos. Nos sorprendemos con las propuestas que presentan y c\u00f3mo desde su lugar buscan mostrar su arte y transformar la ciudad en la que viven. Este a\u00f1o tuvimos 80 inscriptos y la selecci\u00f3n de los finalistas fue muy dif\u00edcil. El jurado va a tener mucho trabajo para elegir al mejor de cada categor\u00eda&#8221;,<\/em>&nbsp;agrega Alejandra Moccioli.<\/p>\n\n\n\n<p>El jurado&nbsp;de excelencia est\u00e1 integrado por el artista pl\u00e1stico Milo Lockett; el m\u00fasico Odino Faccia; la presidenta de la Fundaci\u00f3n Julio Bocca, Elena Presas; la secretar\u00eda de Investigaci\u00f3n y Posgrado de la Universidad Nacional de las Artes, Dra. Mar\u00eda Valdez; el fot\u00f3grafo Pablo Elia y el Presidente de la Asociaci\u00f3n Borgesiana de Buenos Aires, Alejandro Vaccaro. Elegir\u00e1 al ganador por categor\u00eda en la ceremonia que se realizar\u00e1el jueves 2 de junio, a las 18, en el Scala Hotel, Bdo. de Irigoyen 740, CABA.<\/p>\n\n\n\n<p>FEBA Cultura trabaja con el objetivo de revalorizar a la cultura como eje fundamental de la econom\u00eda. Es una generadora de trabajo genuino y creadora de identidad en cada una de las localidades de la Provincia de Buenos Aires.&nbsp;<em>&#8220;Hace unos meses, desde FEBA Cultura realizamos un relevamiento entre los empresarios y artistas del \u00e1rea cultural bonaerense, donde se advert\u00eda una importante recuperaci\u00f3n del sector luego de la pandemia. Actualmente, la actividad de teatros y espect\u00e1culos p\u00fablicos sigue funcionando muy bien. Otro dato que vimos a partir de la consulta que hicimos, es que la modalidad virtual lleg\u00f3 para quedarse, y hoy se est\u00e1 implementando en muchos espacios culturales, la convivencia de ambos formatos -virtual y presencial-&#8220;,<\/em>&nbsp;explica&nbsp;la presidenta de&nbsp;<a href=\"https:\/\/www.febaweb.org.ar\/\" target=\"_blank\" rel=\"noreferrer noopener\">FEBA Cultura<\/a>. Y advierte:&nbsp;<em>&#8220;La pandemia&nbsp;<\/em><em>dej\u00f3 al descubierto la informalidad en el sector, por eso estamos trabajando junto a CAME para crear un monotributo con especificidades del sector para tener categor\u00edas que involucren a las actividades culturales&#8221;.<\/em><\/p>\n\n\n\n<p><strong>Finalistas por categor\u00eda de la 4ta. Edici\u00f3n Premio FEBA Cultura 2022<\/strong><\/p>\n\n\n\n<p><strong>M\u00daSICA<\/strong><\/p>\n\n\n\n<p><em>La Rola Intelectual<\/em><\/p>\n\n\n\n<p><em>Centro Uni\u00f3n Comercial e Industrial de Bragado<\/em><\/p>\n\n\n\n<p><em>Mauricio Berterreche<\/em><\/p>\n\n\n\n<p><em>C\u00e1mara de Comercio, Industria y Producci\u00f3n de General Alvarado<\/em><\/p>\n\n\n\n<p><em>Roc\u00edo Godoy<\/em><\/p>\n\n\n\n<p><em>Uni\u00f3n Comercio, Industria y Servicios del Partido de General Arenales&nbsp;&nbsp;&nbsp;<\/em><\/p>\n\n\n\n<p><em>Voces Nativas<\/em><\/p>\n\n\n\n<p><em>Uni\u00f3n Empresarial del Partido de Moreno<\/em><\/p>\n\n\n\n<p><em>Orquesta Filarm\u00f3nica de Chascom\u00fas<\/em><\/p>\n\n\n\n<p><em>C\u00e1mara de Comercio, Industria, Producci\u00f3n y Servicios de Chascom\u00fas<\/em><em>&nbsp;&nbsp;&nbsp;&nbsp;<\/em><\/p>\n\n\n\n<p><em>Micaela Mujica<\/em><\/p>\n\n\n\n<p><em>C\u00e1mara de Comercio, Industria y Producci\u00f3n de General Alvarado<\/em><\/p>\n\n\n\n<p><em>Marcela Aibe<\/em><\/p>\n\n\n\n<p><em>C\u00e1mara de Comercio e Industria de San Isidro<\/em><\/p>\n\n\n\n<p><em>Ciudad Paranoia<\/em><\/p>\n\n\n\n<p><em>Centro Uni\u00f3n Comercial e Industrial de Bragado<\/em><\/p>\n\n\n\n<p><strong>PL\u00c1STICA<br>MURALISMO Y ESCULTURA<\/strong><\/p>\n\n\n\n<p><em>Camila Cabrera Rivero<\/em><\/p>\n\n\n\n<p><em>C\u00e1mara de Comercio, Industria, Producci\u00f3n y Servicios de Casbas<\/em><\/p>\n\n\n\n<p><em>Silvia Cristina Kuhn<\/em><\/p>\n\n\n\n<p><em>Sociedad de Comerciantes, Industriales, Propietarios y Afines de Pilar<\/em><\/p>\n\n\n\n<p><em>Nardo Andr\u00e9s Moyano<\/em><\/p>\n\n\n\n<p><em>C\u00e1mara de Comercio, Industria y Producci\u00f3n de General Alvarado<\/em><\/p>\n\n\n\n<p><em>Cristina Mabel Fubs<\/em><\/p>\n\n\n\n<p><em>C\u00e1mara de Industria y Comercio de La Matanza<\/em><\/p>\n\n\n\n<p><strong>PL\u00c1STICA<br>PINTURA<\/strong><\/p>\n\n\n\n<p><em>Mar\u00eda Luj\u00e1n Famularo<\/em><\/p>\n\n\n\n<p><em>C\u00e1mara de Comercio e Industria del Partido de San Miguel<\/em><\/p>\n\n\n\n<p><em>Antonio Torres<\/em><\/p>\n\n\n\n<p><em>Centro Comercial, Industrial, Profesional y Servicios de San Justo<\/em><\/p>\n\n\n\n<p><em>Silvina Alcira Gaudino<\/em><\/p>\n\n\n\n<p><em>Centro Comercial e Industrial de Castelar<\/em><\/p>\n\n\n\n<p><em>Graciela Dameri<\/em><\/p>\n\n\n\n<p><em>Centro Comercial e Industrial de Castelar<\/em><\/p>\n\n\n\n<p><em>Exequiel Eloy Vento<\/em><\/p>\n\n\n\n<p><em>Uni\u00f3n Comercio, Industria y Servicios del Partido de General Arenales&nbsp;&nbsp;&nbsp;<\/em><\/p>\n\n\n\n<p><em>Paola Bertolotto<\/em><\/p>\n\n\n\n<p><em>Centro Econ\u00f3mico de Suipacha<\/em><em><\/em><\/p>\n\n\n\n<p><em>Carlos Alberto Romano<\/em><\/p>\n\n\n\n<p><em>C\u00e1mara de Comercio, Industria y Profesionales de Ciudad Celina<\/em><\/p>\n\n\n\n<p><em>Mabel Cariolo<\/em><\/p>\n\n\n\n<p><em>Centro Comercial e Industrial de Castelar<\/em><\/p>\n\n\n\n<p><em>Hilda L\u00f3pez<\/em><\/p>\n\n\n\n<p><em>Sociedad de Comerciantes, Industriales, Propietarios y Afines de Pilar<\/em><\/p>\n\n\n\n<p><strong>TEATRO<\/strong><\/p>\n\n\n\n<p><em>Carlos Jos\u00e9 Aringoli<\/em><em>&nbsp;&nbsp;&nbsp;&nbsp;&nbsp;&nbsp;&nbsp;<br><\/em><em>C\u00e1mara de Comercio e Industria de San Isidro<\/em><em>&nbsp;&nbsp;&nbsp;<\/em><\/p>\n\n\n\n<p><em>Jorge Acebo<\/em><\/p>\n\n\n\n<p><em>C\u00e1mara de Industria y Comercio de La Matanza<\/em><\/p>\n\n\n\n<p><em>Nicol\u00e1s Alejandro Redondo<br>Corporaci\u00f3n del Comercio, Industria y Servicios de Bah\u00eda Blanca<\/em><\/p>\n\n\n\n<p><em>Julieta Zubiri<br>C<\/em><em>\u00e1mara de Comercio e Industria de Coronel Pringles<\/em><\/p>\n\n\n\n<p><em>Dar\u00edo Basualdo<br>C\u00e1mara de Comercio, Industria y Servicios de Carlos Casares<\/em><\/p>\n\n\n\n<p><strong>DANZA<\/strong><strong><\/strong><\/p>\n\n\n\n<p><em>Johanna Zaccarello&nbsp;<\/em><\/p>\n\n\n\n<p><em>C\u00e1mara de Industria y Comercio de La Matanza<\/em><\/p>\n\n\n\n<p><em>Agrupaci\u00f3n Tradicional &#8220;El Ceibo&#8221;<\/em><\/p>\n\n\n\n<p><em>Uni\u00f3n del Comercio, la Industria y la Producci\u00f3n de Mar del Plata<\/em><\/p>\n\n\n\n<p><em>Raquel Taborda&nbsp;<\/em><em>&nbsp;&nbsp;&nbsp;&nbsp;&nbsp;&nbsp;&nbsp;&nbsp;&nbsp;&nbsp;&nbsp;&nbsp;&nbsp;<\/em><\/p>\n\n\n\n<p><em>C\u00e1mara de Comercio e Industria de Chacabuco<\/em><\/p>\n\n\n\n<p><em>Mat\u00edas Falaschi<\/em><\/p>\n\n\n\n<p><em>Uni\u00f3n del Comercio, la Industria y el Agro de Punta Alta<\/em><\/p>\n\n\n\n<p><em>Olga De Micheli<\/em><\/p>\n\n\n\n<p><em>C\u00e1mara de Comercio e Industria de San Isidro<\/em><em><\/em><\/p>\n\n\n\n<p><em>Pablo Adri\u00e1n P\u00e9rez Carnevale<\/em><\/p>\n\n\n\n<p><em>C\u00e1mara de Comercio, Industria y Producci\u00f3n de General Alvarado<\/em><\/p>\n\n\n\n<p><strong>LITERATURA<\/strong><\/p>\n\n\n\n<p><em>Silvina Gruppo Cigliutti<\/em><\/p>\n\n\n\n<p><em>C\u00e1mara de Industria y Comercio de La Matanza<\/em><\/p>\n\n\n\n<p><em>Mar\u00eda Rosa Rzepka<\/em><\/p>\n\n\n\n<p><em>Asociaci\u00f3n de Colegios Privados de la Provincia de Buenos Aires<\/em><\/p>\n\n\n\n<p><em>Carlos Marcelo Montero<\/em><\/p>\n\n\n\n<p><em>C\u00e1mara del Comercio y la Industria del Partido de de Almirante Brown<\/em><\/p>\n\n\n\n<p><em>Marcos Tabossi<\/em><\/p>\n\n\n\n<p><em>C\u00e1mara Econ\u00f3mica Mercedina<\/em><\/p>\n\n\n\n<p><em>Lisandro Ramiro de la Vega<\/em><\/p>\n\n\n\n<p><em>C\u00e1mara de Comercio e Industria de Coronel Pringles<\/em><\/p>\n\n\n\n<p><em>Silvia Mabel V\u00e1zquez<\/em><\/p>\n\n\n\n<p><em>Liga del Comercio y la Industria de San Mart\u00edn<\/em><\/p>\n\n\n\n<p><em>Carlos F\u00e9lix P\u00e9rez de Villarreal<\/em><\/p>\n\n\n\n<p><em>Uni\u00f3n del Comercio, la Industria y la Producci\u00f3n de Mar del Plata<\/em><\/p>\n\n\n\n<p><em>Roberto Jes\u00fas Mart\u00ednez<\/em><\/p>\n\n\n\n<p><em>C\u00e1mara de Comercio e Industria de Carlos Casares<\/em><\/p>\n\n\n\n<p><em>Graciela Reveco Manzano<\/em><\/p>\n\n\n\n<p><em>Uni\u00f3n del Comercio, la Industria y la Producci\u00f3n de Mar del Plata<\/em><\/p>\n\n\n\n<p><strong>FOTOGRAF\u00cdA<\/strong><\/p>\n\n\n\n<p><em>Miguel Fernandino<\/em><\/p>\n\n\n\n<p><em>C\u00e1mara de Comercio, Industria, Producci\u00f3n y Servicios de Salliquel\u00f3<\/em><\/p>\n\n\n\n<p><em>Juan Manuel Schenberger<\/em><\/p>\n\n\n\n<p><em>Sociedad de Comerciantes, Industriales, Propietarios y Afines de Pilar<\/em><\/p>\n\n\n\n<p><em>Antonela Pelorosso Coggan<\/em><\/p>\n\n\n\n<p><em>C\u00e1mara de Comercio, Turismo e Industria de Sierra de la Ventana, Villa Arcadia y Saldungaray<\/em><\/p>\n\n\n\n<p><em>Paola Garc\u00eda<\/em><\/p>\n\n\n\n<p><em>C\u00e1mara de Comercio e Industria de Coronel Pringles<\/em><\/p>\n\n\n\n<p><em>Miguel \u00c1ngel D Urbano<\/em><\/p>\n\n\n\n<p><em>C\u00e1mara de Industria y Comercio de La Matanza<\/em><\/p>\n\n\n\n<p><em>Marcelo Panozzo<\/em><\/p>\n\n\n\n<p><em>C\u00e1mara de Comercio, Industria, Producci\u00f3n y Servicios de Salliquel\u00f3<\/em><\/p>\n\n\n\n<p><em>Luc\u00eda Robert<\/em><\/p>\n\n\n\n<p><em>C\u00e1mara Comercio, Industria y Servicios de Pergamino<\/em><\/p>\n\n\n\n<p><em>Bernardo Sabisky<\/em><\/p>\n\n\n\n<p><em>Sociedad de Comerciantes, Industriales, Propietarios y Afines de Pilar<\/em><\/p>\n\n\n","protected":false},"excerpt":{"rendered":"<p>Con m\u00e1s de 80 inscriptos, el \u00e1rea de Cultura de la Federaci\u00f3n Econ\u00f3mica de la Provincia de Buenos Aires (FEBA) presenta a los 49 finalistas que representar\u00e1n a 25 ciudades bonaerenses en las 6 categor\u00edas que tiene esta 4ta. edici\u00f3n del Premio. &#8220;Esta es la cuarta edici\u00f3n del Premio FEBA Cultura, y en todos estos [&hellip;]<\/p>\n","protected":false},"author":2,"featured_media":10480,"comment_status":"open","ping_status":"open","sticky":false,"template":"","format":"standard","meta":{"footnotes":""},"categories":[131,114],"tags":[],"class_list":["post-10479","post","type-post","status-publish","format-standard","has-post-thumbnail","hentry","category-bodegas","category-turismo-destinos"],"post_mailing_queue_ids":[],"_links":{"self":[{"href":"https:\/\/nubesmgzdigital.com.ar\/index.php\/wp-json\/wp\/v2\/posts\/10479","targetHints":{"allow":["GET"]}}],"collection":[{"href":"https:\/\/nubesmgzdigital.com.ar\/index.php\/wp-json\/wp\/v2\/posts"}],"about":[{"href":"https:\/\/nubesmgzdigital.com.ar\/index.php\/wp-json\/wp\/v2\/types\/post"}],"author":[{"embeddable":true,"href":"https:\/\/nubesmgzdigital.com.ar\/index.php\/wp-json\/wp\/v2\/users\/2"}],"replies":[{"embeddable":true,"href":"https:\/\/nubesmgzdigital.com.ar\/index.php\/wp-json\/wp\/v2\/comments?post=10479"}],"version-history":[{"count":2,"href":"https:\/\/nubesmgzdigital.com.ar\/index.php\/wp-json\/wp\/v2\/posts\/10479\/revisions"}],"predecessor-version":[{"id":10482,"href":"https:\/\/nubesmgzdigital.com.ar\/index.php\/wp-json\/wp\/v2\/posts\/10479\/revisions\/10482"}],"wp:featuredmedia":[{"embeddable":true,"href":"https:\/\/nubesmgzdigital.com.ar\/index.php\/wp-json\/wp\/v2\/media\/10480"}],"wp:attachment":[{"href":"https:\/\/nubesmgzdigital.com.ar\/index.php\/wp-json\/wp\/v2\/media?parent=10479"}],"wp:term":[{"taxonomy":"category","embeddable":true,"href":"https:\/\/nubesmgzdigital.com.ar\/index.php\/wp-json\/wp\/v2\/categories?post=10479"},{"taxonomy":"post_tag","embeddable":true,"href":"https:\/\/nubesmgzdigital.com.ar\/index.php\/wp-json\/wp\/v2\/tags?post=10479"}],"curies":[{"name":"wp","href":"https:\/\/api.w.org\/{rel}","templated":true}]}}