{"id":10486,"date":"2022-05-31T11:35:39","date_gmt":"2022-05-31T14:35:39","guid":{"rendered":"https:\/\/nubesmgzdigital.com.ar\/?p=10486"},"modified":"2022-05-31T11:35:42","modified_gmt":"2022-05-31T14:35:42","slug":"tierra-del-fuego-mostro-sus-atractivos-de-nieve-en-el-lanzamiento-de-la-temporada","status":"publish","type":"post","link":"https:\/\/nubesmgzdigital.com.ar\/index.php\/2022\/05\/31\/tierra-del-fuego-mostro-sus-atractivos-de-nieve-en-el-lanzamiento-de-la-temporada\/","title":{"rendered":"Tierra del Fuego mostr\u00f3 sus atractivos de nieve en el lanzamiento de la temporada"},"content":{"rendered":"\n<h4 class=\"has-vivid-cyan-blue-color has-cyan-bluish-gray-background-color has-text-color has-background wp-block-heading\">e trat\u00f3 de un evento del Instituto Fueguino de Turismo\u00a0encabezado por el presidente del organismo, Dante Querciali, como cierre del Roadshow de invierno, una gira por el interior de la cual participaron prestadores de servicios tur\u00edsticos y alojamientos provinciales.<\/h4>\n\n\n\n<figure class=\"wp-block-image size-large\"><a href=\"https:\/\/www.termatalia.com\/termatalia-2022\/\" target=\"_blank\" rel=\"noreferrer noopener\"><img loading=\"lazy\" decoding=\"async\" width=\"1024\" height=\"72\" src=\"http:\/\/nubesmgzdigital.com.ar\/wp-content\/uploads\/2022\/05\/Captura-web_27-5-2022_185555_www.termatalia.com_-1024x72.jpeg\" alt=\"\" class=\"wp-image-10470\" srcset=\"https:\/\/nubesmgzdigital.com.ar\/wp-content\/uploads\/2022\/05\/Captura-web_27-5-2022_185555_www.termatalia.com_-1024x72.jpeg 1024w, https:\/\/nubesmgzdigital.com.ar\/wp-content\/uploads\/2022\/05\/Captura-web_27-5-2022_185555_www.termatalia.com_-300x21.jpeg 300w, https:\/\/nubesmgzdigital.com.ar\/wp-content\/uploads\/2022\/05\/Captura-web_27-5-2022_185555_www.termatalia.com_-768x54.jpeg 768w, https:\/\/nubesmgzdigital.com.ar\/wp-content\/uploads\/2022\/05\/Captura-web_27-5-2022_185555_www.termatalia.com_-696x49.jpeg 696w, https:\/\/nubesmgzdigital.com.ar\/wp-content\/uploads\/2022\/05\/Captura-web_27-5-2022_185555_www.termatalia.com_-1068x75.jpeg 1068w, https:\/\/nubesmgzdigital.com.ar\/wp-content\/uploads\/2022\/05\/Captura-web_27-5-2022_185555_www.termatalia.com_.jpeg 1187w\" sizes=\"auto, (max-width: 1024px) 100vw, 1024px\" \/><\/a><\/figure>\n\n\n\n<p><a href=\"https:\/\/infuetur.gob.ar\/\" target=\"_blank\" rel=\"noreferrer noopener\">El Instituto Fueguino de Turismo<\/a>&nbsp;(InFueTur) present\u00f3 en Buenos Aires el lanzamiento oficial de la temporada invernal, en un evento encabezado por el presidente del organismo, Dante Querciali, como cierre del Roadshow de invierno, una gira por el interior del pa\u00eds en la cual participaron m\u00e1s de 10 prestadores de servicios tur\u00edsticos y alojamientos provinciales.<\/p>\n\n\n\n<p>Durante la presentaci\u00f3n, que se realiz\u00f3 en la noche del viernes en la&nbsp;<strong>Casa Patria Grande&nbsp;<\/strong>ubicada en Carlos Pellegrini 1285, los asistentes pudieron&nbsp;<strong>conocer la oferta de actividades y los atractivos de Tierra del Fuego<\/strong>&nbsp;a trav\u00e9s de videos promocionales, e interactuando en un espacio con nieve artificial destinado a tomarse fotograf\u00edas.<\/p>\n\n\n\n<p><strong>Los sabores fueguinos<\/strong>&nbsp;estuvieron presentes con una degustaci\u00f3n de gastronom\u00eda local y una masterclass a cargo del chef Luis Bernal, como as\u00ed tambi\u00e9n degustaci\u00f3n de cerveza artesanal producida por la destiler\u00eda Oshovia, emprendimiento local distinguido con el Sello de Calidad Certificada Tierra del Fuego &#8211; Fin del Mundo.<\/p>\n\n\n\n<p>En declaraciones a T\u00e9lam, Querciali destac\u00f3 que&nbsp;<strong>la expectativas para esta temporada &#8220;es muy buena&#8221;<\/strong>&nbsp;y celebr\u00f3 que se incorpora este a\u00f1o, tras la apertura de las fronteras, el &#8220;<strong>turismo regiona<\/strong>l, sobre todo el de&nbsp;<strong>Brasil<\/strong>, con el apoyo de&nbsp;<strong>Aerol\u00edneas Argentinas<\/strong>&nbsp;que pone dos<strong>&nbsp;vuelos directos semanales de San Pablo a Ushuaia<\/strong>, una excelente oportunidad para posicionar el destino en el exterior&#8221;.<\/p>\n\n\n\n<figure class=\"wp-block-image size-large\"><img decoding=\"async\" src=\"https:\/\/www.telam.com.ar\/thumbs\/bluesteel\/advf\/imagenes\/2022\/05\/629259da5560a_900.jpg\" alt=\"\"\/><\/figure>\n\n\n\n<p>Tenemos muchos visitantes de todo el pa\u00eds, sobre todo del Gran Buenos Aires, de CABA, de C\u00f3rdoba&#8221;, detall\u00f3, y en ese sentido, ponder\u00f3 el PreViaje, &#8220;esta herramienta que gener\u00f3 el Ministerio de Turismo y Deportes que hizo que sobre fin del a\u00f1o pasado mucha gente ya eligiera este invierno ir a visitar Ushuaia y conocer el producto nieve&#8221;.<\/p>\n\n\n\n<p>A su vez, Querciali se\u00f1al\u00f3 que la provincia apuesta no solo a los amantes del esqu\u00ed, del deporte invernal, porque, precis\u00f3, &#8220;tenemos una variedad mucho mas amplia para toda la familia&#8221;.<\/p>\n\n\n\n<p><strong>Entre otras atracciones<\/strong>&nbsp;mencion\u00f3&nbsp;<strong>el tren del fin del mundo,<\/strong>&nbsp;la navegaci\u00f3n por el canal del Beagle, caminata con raquetas, trineos de perros, el esqu\u00ed de fondo, el esqu\u00ed alpino, el centro de esqu\u00ed m\u00e1s austral del mundo con la temporada mas larga y con nieve segura desde junio hasta principios de octubre.<\/p>\n\n\n\n<figure class=\"wp-block-image size-large\"><img decoding=\"async\" src=\"https:\/\/www.telam.com.ar\/thumbs\/bluesteel\/advf\/imagenes\/editadas\/62925a33b2c84_900.jpg\" alt=\"\"\/><\/figure>\n\n\n\n<p><strong>El turismo nacional tiene tarifas diferenciadas, hay promociones, con la hoteler\u00eda trabajando muy fuerte para recibir al turismo nacional&#8221;<\/strong>, agreg\u00f3.<\/p>\n\n\n\n<p>Si algo distingue a Tierra del Fuego es la&nbsp;<strong>variedad y frescura de sus productos gastron\u00f3micos<\/strong>, algo que destac\u00f3 a T\u00e9lam&nbsp;<strong>Luis Bernal, reconocido chef cocinero de la isla<\/strong>&nbsp;que particip\u00f3 de una &#8220;mini clase&#8221; en el escenario montado para la ocasi\u00f3n.<\/p>\n\n\n\n<p>&#8220;<strong>Uno de los productos mas solicitados es la centolla<\/strong>&nbsp;-detall\u00f3-, pero nuestro canal Beagle tiene buenos mejillones y erizos; en nuestros r\u00edos tenemos truchas; tenemos el cordero fueguino que se puede comer en distintos tipos -cazuela o estaca-, es decir, un mont\u00f3n de variantes ya sea de mar o de tierra que hacen que nuestra gastronom\u00eda sea elegida por mucho como destino&#8221;.<\/p>\n\n\n\n<p>&#8220;Como hecho distintivo, Bernal indic\u00f3 el hecho de que los productores &#8221; ya sea los pescadores artesanales, los que cultivan hongos, los que hacen hortalizas, tienen mucha cercan\u00eda con el cocinero al ser un lugar chico, entonces tenemos un producto muy fresco&#8221;.<\/p>\n\n\n\n<figure class=\"wp-block-image size-large\"><img decoding=\"async\" src=\"https:\/\/www.telam.com.ar\/thumbs\/bluesteel\/advf\/imagenes\/2022\/05\/629259da41583_900.jpg\" alt=\"\"\/><\/figure>\n\n\n\n<p>Por su parte, l<strong>a directora Nacional de Fiestas Nacionales y Eventos del Ministerio de Turismo y Deportes, Fernanda Rodr\u00edguez,<\/strong>&nbsp;se refiri\u00f3 a tradicional bajada de antorchas en el Cerro Castor, &#8220;que es la m\u00e1s importante de la provincia&#8221;.<\/p>\n\n\n\n<p>&#8220;Es muy emocionante -subray\u00f3-, y convoca a turismo nacional e internacional, convoca a la familia, y la verdad es una de las fiestas mas importantes del pa\u00eds&#8221;.<\/p>\n\n\n\n<p>La funcionaria anticip\u00f3 que se va a tener una transmisi\u00f3n en vivo de la Fiesta de Invierno y la bajada de antorcha a todo el pa\u00eds, &#8220;para que todos los argentinos y argentinas lo puedan disfrutar desde sus casas&#8221;.<\/p>\n\n\n\n<p>El cierre del evento fue realizado por Querciali y Enrique Plantey, atleta paral\u00edmpico argentino que compite en esqu\u00ed alpino adaptado, quienes encendieron una antorcha como adelanto de lo que se vivir\u00e1 en la Fiesta del Invierno.<\/p>\n\n\n\n<figure class=\"wp-block-embed is-type-rich is-provider-twitter wp-block-embed-twitter\"><div class=\"wp-block-embed__wrapper\">\n<blockquote class=\"twitter-tweet\" data-width=\"550\" data-dnt=\"true\"><p lang=\"es\" dir=\"ltr\">\u2744Lanzamiento de la temporada de invierno de Tierra del Fuego 2022\u2744<br><br>\ud83d\udce3Hoy lanzamos en CABA esta temporada que tendr\u00e1 su inicio oficial el 9 de julio en la tradicional Fiesta del Invierno con la bajada con antorchas en <a href=\"https:\/\/twitter.com\/Cerro_Castor?ref_src=twsrc%5Etfw\">@Cerro_Castor<\/a> <a href=\"https:\/\/t.co\/juFgeVQWEd\">pic.twitter.com\/juFgeVQWEd<\/a><\/p>&mdash; Instituto Fueguino de Turismo (@InFueTur) <a href=\"https:\/\/twitter.com\/InFueTur\/status\/1530372825961439233?ref_src=twsrc%5Etfw\">May 28, 2022<\/a><\/blockquote><script async src=\"https:\/\/platform.twitter.com\/widgets.js\" charset=\"utf-8\"><\/script>\n<\/div><\/figure>\n\n\n\n<figure class=\"wp-block-embed is-type-video is-provider-youtube wp-block-embed-youtube wp-embed-aspect-16-9 wp-has-aspect-ratio\"><div class=\"wp-block-embed__wrapper\">\n<iframe loading=\"lazy\"  id=\"_ytid_82801\"  width=\"640\" height=\"360\"  data-origwidth=\"640\" data-origheight=\"360\" src=\"https:\/\/www.youtube.com\/embed\/dE7aZWm8Wfw?enablejsapi=1&#038;autoplay=0&#038;cc_load_policy=0&#038;cc_lang_pref=&#038;iv_load_policy=1&#038;loop=0&#038;rel=1&#038;fs=1&#038;playsinline=0&#038;autohide=2&#038;theme=dark&#038;color=red&#038;controls=1&#038;disablekb=0&#038;\" class=\"__youtube_prefs__  epyt-is-override  no-lazyload\" title=\"YouTube player\"  allow=\"fullscreen; accelerometer; autoplay; clipboard-write; encrypted-media; gyroscope; picture-in-picture; web-share\" referrerpolicy=\"strict-origin-when-cross-origin\" allowfullscreen data-no-lazy=\"1\" data-skipgform_ajax_framebjll=\"\"><\/iframe>\n<\/div><\/figure>\n\n\n\n<figure class=\"wp-block-image size-full\"><a href=\"https:\/\/www.telam.com.ar\/notas\/202205\/593893-tierra-del-fuego-mostro-sus-atractivos-de-nieve-en-el-lanzamiento-de-la-temporada.html\" target=\"_blank\" rel=\"noreferrer noopener\"><img loading=\"lazy\" decoding=\"async\" width=\"964\" height=\"96\" src=\"http:\/\/nubesmgzdigital.com.ar\/wp-content\/uploads\/2022\/05\/Captura-web_6-4-2022_125922_www.telam_.com_.ar_.jpeg\" alt=\"\" class=\"wp-image-10193\" srcset=\"https:\/\/nubesmgzdigital.com.ar\/wp-content\/uploads\/2022\/05\/Captura-web_6-4-2022_125922_www.telam_.com_.ar_.jpeg 964w, https:\/\/nubesmgzdigital.com.ar\/wp-content\/uploads\/2022\/05\/Captura-web_6-4-2022_125922_www.telam_.com_.ar_-300x30.jpeg 300w, https:\/\/nubesmgzdigital.com.ar\/wp-content\/uploads\/2022\/05\/Captura-web_6-4-2022_125922_www.telam_.com_.ar_-768x76.jpeg 768w, https:\/\/nubesmgzdigital.com.ar\/wp-content\/uploads\/2022\/05\/Captura-web_6-4-2022_125922_www.telam_.com_.ar_-696x69.jpeg 696w\" sizes=\"auto, (max-width: 964px) 100vw, 964px\" \/><\/a><\/figure>\n","protected":false},"excerpt":{"rendered":"<p>e trat\u00f3 de un evento del Instituto Fueguino de Turismo\u00a0encabezado por el presidente del organismo, Dante Querciali, como cierre del Roadshow de invierno, una gira por el interior de la cual participaron prestadores de servicios tur\u00edsticos y alojamientos provinciales. El Instituto Fueguino de Turismo&nbsp;(InFueTur) present\u00f3 en Buenos Aires el lanzamiento oficial de la temporada invernal, [&hellip;]<\/p>\n","protected":false},"author":2,"featured_media":10487,"comment_status":"open","ping_status":"open","sticky":false,"template":"","format":"standard","meta":{"footnotes":""},"categories":[114,136],"tags":[],"class_list":["post-10486","post","type-post","status-publish","format-standard","has-post-thumbnail","hentry","category-turismo-destinos","category-patagonia"],"post_mailing_queue_ids":[],"_links":{"self":[{"href":"https:\/\/nubesmgzdigital.com.ar\/index.php\/wp-json\/wp\/v2\/posts\/10486","targetHints":{"allow":["GET"]}}],"collection":[{"href":"https:\/\/nubesmgzdigital.com.ar\/index.php\/wp-json\/wp\/v2\/posts"}],"about":[{"href":"https:\/\/nubesmgzdigital.com.ar\/index.php\/wp-json\/wp\/v2\/types\/post"}],"author":[{"embeddable":true,"href":"https:\/\/nubesmgzdigital.com.ar\/index.php\/wp-json\/wp\/v2\/users\/2"}],"replies":[{"embeddable":true,"href":"https:\/\/nubesmgzdigital.com.ar\/index.php\/wp-json\/wp\/v2\/comments?post=10486"}],"version-history":[{"count":1,"href":"https:\/\/nubesmgzdigital.com.ar\/index.php\/wp-json\/wp\/v2\/posts\/10486\/revisions"}],"predecessor-version":[{"id":10488,"href":"https:\/\/nubesmgzdigital.com.ar\/index.php\/wp-json\/wp\/v2\/posts\/10486\/revisions\/10488"}],"wp:featuredmedia":[{"embeddable":true,"href":"https:\/\/nubesmgzdigital.com.ar\/index.php\/wp-json\/wp\/v2\/media\/10487"}],"wp:attachment":[{"href":"https:\/\/nubesmgzdigital.com.ar\/index.php\/wp-json\/wp\/v2\/media?parent=10486"}],"wp:term":[{"taxonomy":"category","embeddable":true,"href":"https:\/\/nubesmgzdigital.com.ar\/index.php\/wp-json\/wp\/v2\/categories?post=10486"},{"taxonomy":"post_tag","embeddable":true,"href":"https:\/\/nubesmgzdigital.com.ar\/index.php\/wp-json\/wp\/v2\/tags?post=10486"}],"curies":[{"name":"wp","href":"https:\/\/api.w.org\/{rel}","templated":true}]}}