{"id":10615,"date":"2022-06-14T09:02:50","date_gmt":"2022-06-14T12:02:50","guid":{"rendered":"https:\/\/nubesmgzdigital.com.ar\/?p=10615"},"modified":"2022-06-14T09:02:52","modified_gmt":"2022-06-14T12:02:52","slug":"invierno-2022-lammens-recibio-a-melella","status":"publish","type":"post","link":"https:\/\/nubesmgzdigital.com.ar\/index.php\/2022\/06\/14\/invierno-2022-lammens-recibio-a-melella\/","title":{"rendered":"Invierno 2022: Lammens recibi\u00f3 a Melella"},"content":{"rendered":"\n<figure class=\"wp-block-image size-large\"><a href=\"https:\/\/www.termatalia.com\/\" target=\"_blank\" rel=\"noreferrer noopener\"><img loading=\"lazy\" decoding=\"async\" width=\"1024\" height=\"72\" src=\"http:\/\/nubesmgzdigital.com.ar\/wp-content\/uploads\/2022\/05\/Captura-web_27-5-2022_185555_www.termatalia.com_-1024x72.jpeg\" alt=\"\" class=\"wp-image-10470\" srcset=\"https:\/\/nubesmgzdigital.com.ar\/wp-content\/uploads\/2022\/05\/Captura-web_27-5-2022_185555_www.termatalia.com_-1024x72.jpeg 1024w, https:\/\/nubesmgzdigital.com.ar\/wp-content\/uploads\/2022\/05\/Captura-web_27-5-2022_185555_www.termatalia.com_-300x21.jpeg 300w, https:\/\/nubesmgzdigital.com.ar\/wp-content\/uploads\/2022\/05\/Captura-web_27-5-2022_185555_www.termatalia.com_-768x54.jpeg 768w, https:\/\/nubesmgzdigital.com.ar\/wp-content\/uploads\/2022\/05\/Captura-web_27-5-2022_185555_www.termatalia.com_-696x49.jpeg 696w, https:\/\/nubesmgzdigital.com.ar\/wp-content\/uploads\/2022\/05\/Captura-web_27-5-2022_185555_www.termatalia.com_-1068x75.jpeg 1068w, https:\/\/nubesmgzdigital.com.ar\/wp-content\/uploads\/2022\/05\/Captura-web_27-5-2022_185555_www.termatalia.com_.jpeg 1187w\" sizes=\"auto, (max-width: 1024px) 100vw, 1024px\" \/><\/a><\/figure>\n\n\n\n<h3 class=\"has-pale-cyan-blue-background-color has-background wp-block-heading\">Reactivaci\u00f3n del turismo receptivo en los destinos fueguinos.<\/h3>\n\n\n\n<p>Para seguir trabajando articuladamente de cara a la&nbsp;<strong>temporada de invierno 2022<\/strong>, el ministro de Turismo y Deportes de la Naci\u00f3n,&nbsp;<strong>Mat\u00edas Lammens<\/strong>, recibi\u00f3 al gobernador de la provincia de Tierra del Fuego, Ant\u00e1rtida e Islas del Atl\u00e1ntico Sur,&nbsp;<strong>Gustavo Melella<\/strong>.<\/p>\n\n\n\n<p><em>\u201cTenemos la expectativa de disfrutar una temporada de invierno r\u00e9cord en todo el pa\u00eds, especialmente en nuestros destinos patag\u00f3nicos, con la reactivaci\u00f3n del turismo receptivo gracias a las mejoras de conectividad que impulsamos\u201d<\/em>, reflexion\u00f3 el ministro&nbsp;<strong>Lammens<\/strong>&nbsp;tras el encuentro.<\/p>\n\n\n\n<p><em>&#8220;Las expectativas para este invierno son muy buenas por las ganas de moverse de todos los argentinos y la llegada del turismo extranjero&#8221;<\/em>, agreg\u00f3 el gobernador&nbsp;<strong>Melella<\/strong>. Y finaliz\u00f3:&nbsp;<em>&#8220;Casi no hemos tenido temporada baja, sigue habiendo un gran nivel de llegada de turistas a la provincia. Y esto tiene que ver con el PreViaje, que ha ayudado much\u00edsimo&#8221;<\/em>.<\/p>\n\n\n\n<p>Durante la reuni\u00f3n, los funcionarios tambi\u00e9n repasaron el plan de obras de infraestructura tur\u00edstica que se est\u00e1n desarrollando mediante el plan&nbsp;<a href=\"https:\/\/www.argentina.gob.ar\/turismoydeportes\/pacit\/50-destinos\">&#8220;50 Destinos&#8221;<\/a>; los impactos del Encuentro de Selecciones de Futsal AFA \u201cMalvinas Nos Une\u201d, organizado por el ministerio y el gobierno provincial el \u00faltimo fin de semana en&nbsp;<strong>R\u00edo Grande<\/strong>; y los alcances del programa&nbsp;<a href=\"https:\/\/www.argentina.gob.ar\/turismoydeportes\/clubes-en-obra\">Clubes en Obra<\/a>, que se encuentra en su tercera etapa, en entidades fueguinas.<\/p>\n\n\n\n<p>De acuerdo a los reportes del Ministerio de Turismo y Deportes de la Naci\u00f3n, m\u00e1s de&nbsp;<strong>300 mil turistas<\/strong>&nbsp;que accedieron a la segunda edici\u00f3n del programa PreViaje utilizar\u00e1n el beneficio durante el invierno 2022, lo que generar\u00e1 ingresos superiores a los&nbsp;<strong>$9000 millones<\/strong>. En ese marco,&nbsp;<strong>Ushuaia<\/strong>&nbsp;fue el segundo destino m\u00e1s elegido. En el mismo sentido, desde el Gobierno Nacional esperan el arribo de un mill\u00f3n de visitantes del extranjero, con el impulso del turismo proveniente de Brasil.<\/p>\n\n\n\n<figure class=\"wp-block-image size-full is-style-rounded\"><a href=\"https:\/\/www.argentina.gob.ar\/noticias\/invierno-2022-lammens-recibio-melella\" target=\"_blank\" rel=\"noreferrer noopener\"><img loading=\"lazy\" decoding=\"async\" width=\"779\" height=\"142\" src=\"https:\/\/nubesmgzdigital.com.ar\/wp-content\/uploads\/2022\/06\/779x142-1-2.png\" alt=\"\" class=\"wp-image-10616\" srcset=\"https:\/\/nubesmgzdigital.com.ar\/wp-content\/uploads\/2022\/06\/779x142-1-2.png 779w, https:\/\/nubesmgzdigital.com.ar\/wp-content\/uploads\/2022\/06\/779x142-1-2-300x55.png 300w, https:\/\/nubesmgzdigital.com.ar\/wp-content\/uploads\/2022\/06\/779x142-1-2-768x140.png 768w, https:\/\/nubesmgzdigital.com.ar\/wp-content\/uploads\/2022\/06\/779x142-1-2-696x127.png 696w\" sizes=\"auto, (max-width: 779px) 100vw, 779px\" \/><\/a><\/figure>\n","protected":false},"excerpt":{"rendered":"<p>Reactivaci\u00f3n del turismo receptivo en los destinos fueguinos. Para seguir trabajando articuladamente de cara a la&nbsp;temporada de invierno 2022, el ministro de Turismo y Deportes de la Naci\u00f3n,&nbsp;Mat\u00edas Lammens, recibi\u00f3 al gobernador de la provincia de Tierra del Fuego, Ant\u00e1rtida e Islas del Atl\u00e1ntico Sur,&nbsp;Gustavo Melella. \u201cTenemos la expectativa de disfrutar una temporada de invierno [&hellip;]<\/p>\n","protected":false},"author":2,"featured_media":10617,"comment_status":"open","ping_status":"open","sticky":false,"template":"","format":"standard","meta":{"footnotes":""},"categories":[136],"tags":[],"class_list":["post-10615","post","type-post","status-publish","format-standard","has-post-thumbnail","hentry","category-patagonia"],"post_mailing_queue_ids":[],"_links":{"self":[{"href":"https:\/\/nubesmgzdigital.com.ar\/index.php\/wp-json\/wp\/v2\/posts\/10615","targetHints":{"allow":["GET"]}}],"collection":[{"href":"https:\/\/nubesmgzdigital.com.ar\/index.php\/wp-json\/wp\/v2\/posts"}],"about":[{"href":"https:\/\/nubesmgzdigital.com.ar\/index.php\/wp-json\/wp\/v2\/types\/post"}],"author":[{"embeddable":true,"href":"https:\/\/nubesmgzdigital.com.ar\/index.php\/wp-json\/wp\/v2\/users\/2"}],"replies":[{"embeddable":true,"href":"https:\/\/nubesmgzdigital.com.ar\/index.php\/wp-json\/wp\/v2\/comments?post=10615"}],"version-history":[{"count":1,"href":"https:\/\/nubesmgzdigital.com.ar\/index.php\/wp-json\/wp\/v2\/posts\/10615\/revisions"}],"predecessor-version":[{"id":10618,"href":"https:\/\/nubesmgzdigital.com.ar\/index.php\/wp-json\/wp\/v2\/posts\/10615\/revisions\/10618"}],"wp:featuredmedia":[{"embeddable":true,"href":"https:\/\/nubesmgzdigital.com.ar\/index.php\/wp-json\/wp\/v2\/media\/10617"}],"wp:attachment":[{"href":"https:\/\/nubesmgzdigital.com.ar\/index.php\/wp-json\/wp\/v2\/media?parent=10615"}],"wp:term":[{"taxonomy":"category","embeddable":true,"href":"https:\/\/nubesmgzdigital.com.ar\/index.php\/wp-json\/wp\/v2\/categories?post=10615"},{"taxonomy":"post_tag","embeddable":true,"href":"https:\/\/nubesmgzdigital.com.ar\/index.php\/wp-json\/wp\/v2\/tags?post=10615"}],"curies":[{"name":"wp","href":"https:\/\/api.w.org\/{rel}","templated":true}]}}