{"id":10852,"date":"2022-07-07T21:53:54","date_gmt":"2022-07-08T00:53:54","guid":{"rendered":"https:\/\/nubesmgzdigital.com.ar\/?p=10852"},"modified":"2022-07-07T21:56:06","modified_gmt":"2022-07-08T00:56:06","slug":"los-turistas-brasilenos-colman-bariloche","status":"publish","type":"post","link":"https:\/\/nubesmgzdigital.com.ar\/index.php\/2022\/07\/07\/los-turistas-brasilenos-colman-bariloche\/","title":{"rendered":"Los turistas brasile\u00f1os colman Bariloche"},"content":{"rendered":"\n<figure class=\"wp-block-image size-large\"><a href=\"https:\/\/www.termatalia.com\/\" target=\"_blank\" rel=\"noreferrer noopener\"><img loading=\"lazy\" decoding=\"async\" width=\"1024\" height=\"72\" src=\"https:\/\/nubesmgzdigital.com.ar\/wp-content\/uploads\/2022\/07\/Captura-web_27-5-2022_185555_www.termatalia.com_-1024x72.jpeg\" alt=\"\" class=\"wp-image-10820\" srcset=\"https:\/\/nubesmgzdigital.com.ar\/wp-content\/uploads\/2022\/07\/Captura-web_27-5-2022_185555_www.termatalia.com_-1024x72.jpeg 1024w, https:\/\/nubesmgzdigital.com.ar\/wp-content\/uploads\/2022\/07\/Captura-web_27-5-2022_185555_www.termatalia.com_-300x21.jpeg 300w, https:\/\/nubesmgzdigital.com.ar\/wp-content\/uploads\/2022\/07\/Captura-web_27-5-2022_185555_www.termatalia.com_-768x54.jpeg 768w, https:\/\/nubesmgzdigital.com.ar\/wp-content\/uploads\/2022\/07\/Captura-web_27-5-2022_185555_www.termatalia.com_-696x49.jpeg 696w, https:\/\/nubesmgzdigital.com.ar\/wp-content\/uploads\/2022\/07\/Captura-web_27-5-2022_185555_www.termatalia.com_-1068x75.jpeg 1068w, https:\/\/nubesmgzdigital.com.ar\/wp-content\/uploads\/2022\/07\/Captura-web_27-5-2022_185555_www.termatalia.com_.jpeg 1187w\" sizes=\"auto, (max-width: 1024px) 100vw, 1024px\" \/><\/a><\/figure>\n\n\n\n<h3 class=\"has-white-color has-vivid-cyan-blue-background-color has-text-color has-background wp-block-heading\">Este martes, tras dos a\u00f1os sin poder visitar la ciudad patag\u00f3nica por la pandemia de coronavirus, arrib\u00f3 desde Brasil el primer vuelo directo de Aerol\u00edneas Argentinas entre San Pablo y Bariloche, de cara a la temporada invernal 2022.<\/h3>\n\n\n<div class=\"wp-block-image\">\n<figure class=\"alignright size-full is-resized\"><img loading=\"lazy\" decoding=\"async\" src=\"https:\/\/nubesmgzdigital.com.ar\/wp-content\/uploads\/2022\/07\/62b0fd2775604_900.jpg\" alt=\"\" class=\"wp-image-10853\" width=\"518\" height=\"291\" srcset=\"https:\/\/nubesmgzdigital.com.ar\/wp-content\/uploads\/2022\/07\/62b0fd2775604_900.jpg 900w, https:\/\/nubesmgzdigital.com.ar\/wp-content\/uploads\/2022\/07\/62b0fd2775604_900-300x169.jpg 300w, https:\/\/nubesmgzdigital.com.ar\/wp-content\/uploads\/2022\/07\/62b0fd2775604_900-768x432.jpg 768w, https:\/\/nubesmgzdigital.com.ar\/wp-content\/uploads\/2022\/07\/62b0fd2775604_900-696x391.jpg 696w, https:\/\/nubesmgzdigital.com.ar\/wp-content\/uploads\/2022\/07\/62b0fd2775604_900-747x420.jpg 747w\" sizes=\"auto, (max-width: 518px) 100vw, 518px\" \/><\/figure>\n<\/div>\n\n\n<p>Los turistas brasile\u00f1os ya disfrutan del invierno en San Carlos de Bariloche, donde &#8220;se distinguen por la alegr\u00eda que tienen&#8221;, describi\u00f3 el secretario de Turismo local, Gast\u00f3n Burl\u00f3n, al tiempo que confirm\u00f3 que&nbsp;<strong>la ciudad rionegrina &#8220;est\u00e1 con much\u00edsima gente&#8221;.<\/strong><\/p>\n\n\n\n<p>Este martes,&nbsp;<strong>tras dos a\u00f1os sin poder visitar la ciudad patag\u00f3nica por la pandemia&nbsp;<\/strong>de coronavirus, arrib\u00f3 desde Brasil el primer vuelo directo de Aerol\u00edneas Argentinas entre San Pablo y Bariloche, de cara a la temporada invernal 2022, &#8220;con m\u00e1s del 95 por ciento de sus asientos ocupados\u201d, dijo Burl\u00f3n.<\/p>\n\n\n\n<p>Por su parte, el intendente de la ciudad, Gustavo Gennuso, expres\u00f3 su emoci\u00f3n por la vuelta del turismo extranjero y resalt\u00f3 la labor de Aerol\u00edneas Argentinas, de traer un vuelo diario desde Brasil a Bariloche, entendiendo que \u201ces una apuesta muy grande, que si bien&nbsp;<strong>Bariloche siempre devuelve esa apuesta con pasajeros,<\/strong>&nbsp;les agradecemos mucho\u201d.<\/p>\n\n\n\n<p>El mandatario local felicit\u00f3 a Aeropuertos Argentina 2000 por las obras que se han llevado a cabo y remarco que el Aeropuerto barilochense \u201cest\u00e1 hermoso y renovado, listo para recibir visitantes\u201d.<\/p>\n\n\n\n<figure class=\"wp-block-image size-full\"><a href=\"https:\/\/www.telam.com.ar\/notas\/202207\/597656-los-turistas-brasilenos-se-distinguen-entre-los-visitantes-que-colman-la-ciudad-de-bariloche.html\" target=\"_blank\" rel=\"noreferrer noopener\"><img loading=\"lazy\" decoding=\"async\" width=\"964\" height=\"96\" src=\"https:\/\/nubesmgzdigital.com.ar\/wp-content\/uploads\/2022\/05\/Captura-web_6-4-2022_125922_www.telam_.com_.ar_.jpeg\" alt=\"\" class=\"wp-image-10193\" srcset=\"https:\/\/nubesmgzdigital.com.ar\/wp-content\/uploads\/2022\/05\/Captura-web_6-4-2022_125922_www.telam_.com_.ar_.jpeg 964w, https:\/\/nubesmgzdigital.com.ar\/wp-content\/uploads\/2022\/05\/Captura-web_6-4-2022_125922_www.telam_.com_.ar_-300x30.jpeg 300w, https:\/\/nubesmgzdigital.com.ar\/wp-content\/uploads\/2022\/05\/Captura-web_6-4-2022_125922_www.telam_.com_.ar_-768x76.jpeg 768w, https:\/\/nubesmgzdigital.com.ar\/wp-content\/uploads\/2022\/05\/Captura-web_6-4-2022_125922_www.telam_.com_.ar_-696x69.jpeg 696w\" sizes=\"auto, (max-width: 964px) 100vw, 964px\" \/><\/a><\/figure>\n","protected":false},"excerpt":{"rendered":"<p>Este martes, tras dos a\u00f1os sin poder visitar la ciudad patag\u00f3nica por la pandemia de coronavirus, arrib\u00f3 desde Brasil el primer vuelo directo de Aerol\u00edneas Argentinas entre San Pablo y Bariloche, de cara a la temporada invernal 2022. Los turistas brasile\u00f1os ya disfrutan del invierno en San Carlos de Bariloche, donde &#8220;se distinguen por la [&hellip;]<\/p>\n","protected":false},"author":2,"featured_media":10856,"comment_status":"open","ping_status":"open","sticky":false,"template":"","format":"standard","meta":{"footnotes":""},"categories":[114,136],"tags":[],"class_list":["post-10852","post","type-post","status-publish","format-standard","has-post-thumbnail","hentry","category-turismo-destinos","category-patagonia"],"post_mailing_queue_ids":[],"_links":{"self":[{"href":"https:\/\/nubesmgzdigital.com.ar\/index.php\/wp-json\/wp\/v2\/posts\/10852","targetHints":{"allow":["GET"]}}],"collection":[{"href":"https:\/\/nubesmgzdigital.com.ar\/index.php\/wp-json\/wp\/v2\/posts"}],"about":[{"href":"https:\/\/nubesmgzdigital.com.ar\/index.php\/wp-json\/wp\/v2\/types\/post"}],"author":[{"embeddable":true,"href":"https:\/\/nubesmgzdigital.com.ar\/index.php\/wp-json\/wp\/v2\/users\/2"}],"replies":[{"embeddable":true,"href":"https:\/\/nubesmgzdigital.com.ar\/index.php\/wp-json\/wp\/v2\/comments?post=10852"}],"version-history":[{"count":1,"href":"https:\/\/nubesmgzdigital.com.ar\/index.php\/wp-json\/wp\/v2\/posts\/10852\/revisions"}],"predecessor-version":[{"id":10855,"href":"https:\/\/nubesmgzdigital.com.ar\/index.php\/wp-json\/wp\/v2\/posts\/10852\/revisions\/10855"}],"wp:featuredmedia":[{"embeddable":true,"href":"https:\/\/nubesmgzdigital.com.ar\/index.php\/wp-json\/wp\/v2\/media\/10856"}],"wp:attachment":[{"href":"https:\/\/nubesmgzdigital.com.ar\/index.php\/wp-json\/wp\/v2\/media?parent=10852"}],"wp:term":[{"taxonomy":"category","embeddable":true,"href":"https:\/\/nubesmgzdigital.com.ar\/index.php\/wp-json\/wp\/v2\/categories?post=10852"},{"taxonomy":"post_tag","embeddable":true,"href":"https:\/\/nubesmgzdigital.com.ar\/index.php\/wp-json\/wp\/v2\/tags?post=10852"}],"curies":[{"name":"wp","href":"https:\/\/api.w.org\/{rel}","templated":true}]}}