{"id":10891,"date":"2022-07-12T17:21:05","date_gmt":"2022-07-12T20:21:05","guid":{"rendered":"https:\/\/nubesmgzdigital.com.ar\/?p=10891"},"modified":"2022-07-12T17:24:09","modified_gmt":"2022-07-12T20:24:09","slug":"intenso-movimiento-turistico-en-el-inicio-de-las-vacaciones-de-invierno","status":"publish","type":"post","link":"https:\/\/nubesmgzdigital.com.ar\/index.php\/2022\/07\/12\/intenso-movimiento-turistico-en-el-inicio-de-las-vacaciones-de-invierno\/","title":{"rendered":"Intenso movimiento tur\u00edstico en el inicio de las vacaciones de invierno"},"content":{"rendered":"\n<figure class=\"wp-block-image size-large\"><a href=\"https:\/\/www.termatalia.com\/\" target=\"_blank\" rel=\"noreferrer noopener\"><img loading=\"lazy\" decoding=\"async\" width=\"1024\" height=\"166\" src=\"https:\/\/nubesmgzdigital.com.ar\/wp-content\/uploads\/2022\/07\/unnamed-1-1024x166.jpg\" alt=\"\" class=\"wp-image-10895\" srcset=\"https:\/\/nubesmgzdigital.com.ar\/wp-content\/uploads\/2022\/07\/unnamed-1-1024x166.jpg 1024w, https:\/\/nubesmgzdigital.com.ar\/wp-content\/uploads\/2022\/07\/unnamed-1-300x48.jpg 300w, https:\/\/nubesmgzdigital.com.ar\/wp-content\/uploads\/2022\/07\/unnamed-1-768x124.jpg 768w, https:\/\/nubesmgzdigital.com.ar\/wp-content\/uploads\/2022\/07\/unnamed-1-1536x248.jpg 1536w, https:\/\/nubesmgzdigital.com.ar\/wp-content\/uploads\/2022\/07\/unnamed-1-2048x331.jpg 2048w, https:\/\/nubesmgzdigital.com.ar\/wp-content\/uploads\/2022\/07\/unnamed-1-696x112.jpg 696w, https:\/\/nubesmgzdigital.com.ar\/wp-content\/uploads\/2022\/07\/unnamed-1-1068x173.jpg 1068w\" sizes=\"auto, (max-width: 1024px) 100vw, 1024px\" \/><\/a><\/figure>\n\n\n\n<h2 class=\"has-white-color has-text-color has-background wp-block-heading\" style=\"background-color:#073b59\">La segunda edici\u00f3n de PreViaje inyectar\u00e1 m\u00e1s de $9000 millones al sector durante la temporada invernal.<\/h2>\n\n\n\n<p>Seg\u00fan las primeras estimaciones del&nbsp;<strong>Observatorio Argentino de Turismo (OAT)<\/strong>, que act\u00faa bajo la \u00f3rbita de la&nbsp;<strong>C\u00e1mara Argentina de Turismo (CAT)<\/strong>, se registra un intenso movimiento tur\u00edstico en el inicio de las vacaciones de invierno en las provincias de&nbsp;<strong>Catamarca, Chubut, C\u00f3rdoba, Entre R\u00edos, Jujuy, La Pampa, La Rioja, Mendoza, Misiones, Neuqu\u00e9n, R\u00edo Negro, Salta, San Juan, San Luis, Santa Fe y Tucum\u00e1n<\/strong>.<\/p>\n\n\n\n<p>De acuerdo con los relevamientos del sector privado, las cifras&nbsp;<strong>subir\u00e1n entre un 5% y un 15%<\/strong>&nbsp;en los pr\u00f3ximos d\u00edas de la mano de las reservas de \u00faltimo momento. Y a partir del 18 de julio, con el inicio de las vacaciones en la&nbsp;<strong>Ciudad de Buenos Aires<\/strong>&nbsp;y en la&nbsp;<strong>provincia de Buenos Aires<\/strong>, la ocupaci\u00f3n ser\u00e1 plena en los principales destinos del pa\u00eds.<\/p>\n\n\n\n<p><em>\u201cDise\u00f1amos un ambicioso plan de cara al invierno, con estrategias de promoci\u00f3n de nuestros maravillosos destinos y la recuperaci\u00f3n de la conectividad liderada por Aerol\u00edneas Argentinas. Por lo que nos informan desde todo el pa\u00eds, vamos a vivir una temporada r\u00e9cord, con un intenso movimiento tur\u00edstico interno y la llegada de m\u00e1s de un mill\u00f3n de turistas del extranjero\u201d<\/em>, asegur\u00f3 el ministro de Turismo y Deportes de la Naci\u00f3n,&nbsp;<strong>Mat\u00edas Lammens<\/strong>.<\/p>\n\n\n\n<p><em>\u201cLa reactivaci\u00f3n del turismo receptivo est\u00e1 en marcha, encabezada por visitantes de Brasil, Uruguay y los Estados Unidos. Esta temporada de invierno va a confirmar no s\u00f3lo la recuperaci\u00f3n, sino el firme crecimiento del sector tur\u00edstico despu\u00e9s de un verano, una Semana Santa y varios fines de semana largos absolutamente r\u00e9cord\u201d<\/em>, agreg\u00f3 el ministro nacional.<\/p>\n\n\n\n<p>Por su parte, el presidente de la C\u00e1mara Argentina de Turismo,&nbsp;<strong>Gustavo Hani<\/strong>, reflexion\u00f3:&nbsp;<em>\u201cTenemos grandes expectativas para las vacaciones de invierno. Los primeros sondeos realizados por nuestro Observatorio Tur\u00edstico hablan de una ocupaci\u00f3n que estar\u00e1 en el orden del 90% en los destinos tradicionales de invierno y creemos que sorprender\u00e1, adem\u00e1s, el movimiento tur\u00edstico en destinos no tradicionales para la temporada invernal. Se est\u00e1 reactivando, tambi\u00e9n, el turismo receptivo y eso es una gran noticia para nuestro pa\u00eds\u201d<\/em>.<\/p>\n\n\n\n<p>Seg\u00fan estad\u00edsticas oficiales,&nbsp;<strong>m\u00e1s de 300 mil turistas<\/strong>&nbsp;que accedieron a la segunda edici\u00f3n de&nbsp;<strong>PreViaje<\/strong>&nbsp;utilizar\u00e1n el beneficio durante el invierno 2022, lo que generar\u00e1 ingresos superiores a los&nbsp;<strong>$9000 millones<\/strong>&nbsp;para el sector tur\u00edstico. Destinos patag\u00f3nicos como&nbsp;<strong>San Carlos de Bariloche, San Mart\u00edn de los Andes, Puerto Madryn, El Calafate y Ushuaia<\/strong>&nbsp;aparecen entre los m\u00e1s elegidos.&nbsp;<strong>Mendoza, Puerto Iguaz\u00fa, Salta, Villa Carlos Paz y la Ciudad de Buenos Aires<\/strong>&nbsp;completan el ranking de las diez ciudades preferidas por las personas que utilizaron el programa.<\/p>\n\n\n\n<p>Reservas en destinos de todo el pa\u00eds:<\/p>\n\n\n\n<p><strong>Norte<\/strong><\/p>\n\n\n\n<ul class=\"wp-block-list\"><li>Jujuy: 80% (promedio provincial)<\/li><li>Ciudad de Salta: 89%<\/li><li>San Lorenzo: 93%<\/li><li>Cafayate: 90%<\/li><li>Cachi: 92%<\/li><li>San Miguel de Tucum\u00e1n: 81%<\/li><li>Taf\u00ed del Valle: 82%<\/li><li>San Javier: 68%<\/li><li>Yerba Buena: 65%<\/li><li>San Pedro de Colalao: 60%<\/li><li>El Cadillal: 90%<\/li><li>Taf\u00ed Viejo: 98%<\/li><li>Amaicha del Valle: 88%<\/li><li>Termas de R\u00edo Hondo: 90%<\/li><li>Santiago del Estero: 95%<\/li><li>La Rioja: 80%<\/li><li>Villa Uni\u00f3n: 81%<\/li><li>Chilecito: 80%<\/li><li>Famatina: 90%<\/li><li>Catamarca 90% (promedio provincial)<\/li><\/ul>\n\n\n\n<p><strong>Litoral<\/strong><\/p>\n\n\n\n<ul class=\"wp-block-list\"><li>Iguaz\u00fa: 86%<\/li><li>Posadas: 77%<\/li><li>San Ignacio: 75%<\/li><li>El Soberbio: 62%<\/li><li>Corrientes: 82%<\/li><li>Iber\u00e1: 85%<\/li><li>Federaci\u00f3n: 70%<\/li><li>Rosario: 90%<\/li><li>Santa Fe: 80%<\/li><li>Corredor de la Ruta Provincial N\u00b01: 90%<\/li><li>Chaco: 80% (promedio provincial)<\/li><\/ul>\n\n\n\n<p><strong>C\u00f3rdoba y Cuyo<\/strong><\/p>\n\n\n\n<ul class=\"wp-block-list\"><li>Villa Carlos Paz: 75%<\/li><li>Gran San Juan 65%<\/li><li>Calingasta: 80%<\/li><li>Iglesia: 60%<\/li><li>Valle F\u00e9rtil: 78%<\/li><li>Gran Mendoza: 87%<\/li><li>Mendoza: 82% (promedio provincial)<\/li><li>Malarg\u00fce: 80%<\/li><li>Cacheuta: por encima del 88%<\/li><li>San Rafael: 76%<\/li><li>Potrerillos: 92%<\/li><li>Tupungato: 91%<\/li><li>Uspallata: 91%<\/li><li>Merlo: 85%<\/li><\/ul>\n\n\n\n<p><strong>Buenos Aires<\/strong><\/p>\n\n\n\n<ul class=\"wp-block-list\"><li>Ciudad de Buenos Aires: 65 %<\/li><li>Tandil: 90%<\/li><li>Pinamar: 70%<\/li><li>Mar del Plata: 55%<\/li><li>San Antonio de Areco: 60%<\/li><li>Sierras de la Ventana: 60%<\/li><li>Villa Gesell: 55%<\/li><\/ul>\n\n\n\n<p><strong>Patagonia<\/strong><\/p>\n\n\n\n<ul class=\"wp-block-list\"><li>San Mart\u00edn de los Andes: 92%<\/li><li>Villa La Angostura: 70%<\/li><li>Bariloche: 90%<\/li><li>Puerto Madryn: 55%<\/li><li>Esquel: 50%<\/li><li>El Calafate:<\/li><li>Ushuaia: 85%<\/li><\/ul>\n\n\n\n<p>Adem\u00e1s,&nbsp;<strong>Aerol\u00edneas Argentinas<\/strong>&nbsp;tambi\u00e9n muestra cifras alentadoras de ocupaci\u00f3n para estas vacaciones de invierno. Bariloche (93% de ocupaci\u00f3n desde Aeroparque), Ushuaia (97%), Iguaz\u00fa (95%), San Mart\u00edn de Los Andes (94%), Esquel (95%), El Calafate (92%), Puerto Madryn (87%), Trelew (87%), Salta (95%), Mendoza (85%) y Neuqu\u00e9n (83%) son los destinos m\u00e1s elegidos en cuanto a promedio de ocupaci\u00f3n en sus rutas principales desde el Aeroparque Jorge Newbery.<\/p>\n\n\n\n<p>Para las pr\u00f3ximas dos semanas, se prev\u00e9 m\u00e1s de medio mill\u00f3n de pasajeros en toda la red de vuelos de Aerol\u00edneas Argentinas, que comprende los&nbsp;<strong>36 destinos dom\u00e9sticos, los 45 inter-tramos o rutas federales y los 20 internacionales<\/strong>&nbsp;con un promedio de 34.000 pasajeros diarios.<\/p>\n\n\n\n<figure class=\"wp-block-image size-full is-style-rounded\"><a href=\"https:\/\/www.argentina.gob.ar\/noticias\/intenso-movimiento-turistico-en-el-inicio-de-las-vacaciones-de-invierno\" target=\"_blank\" rel=\"noreferrer noopener\"><img loading=\"lazy\" decoding=\"async\" width=\"779\" height=\"142\" src=\"https:\/\/nubesmgzdigital.com.ar\/wp-content\/uploads\/2022\/07\/779x142-1.png\" alt=\"\" class=\"wp-image-10869\" srcset=\"https:\/\/nubesmgzdigital.com.ar\/wp-content\/uploads\/2022\/07\/779x142-1.png 779w, https:\/\/nubesmgzdigital.com.ar\/wp-content\/uploads\/2022\/07\/779x142-1-300x55.png 300w, https:\/\/nubesmgzdigital.com.ar\/wp-content\/uploads\/2022\/07\/779x142-1-768x140.png 768w, https:\/\/nubesmgzdigital.com.ar\/wp-content\/uploads\/2022\/07\/779x142-1-696x127.png 696w\" sizes=\"auto, (max-width: 779px) 100vw, 779px\" \/><\/a><\/figure>\n","protected":false},"excerpt":{"rendered":"<p>La segunda edici\u00f3n de PreViaje inyectar\u00e1 m\u00e1s de $9000 millones al sector durante la temporada invernal. Seg\u00fan las primeras estimaciones del&nbsp;Observatorio Argentino de Turismo (OAT), que act\u00faa bajo la \u00f3rbita de la&nbsp;C\u00e1mara Argentina de Turismo (CAT), se registra un intenso movimiento tur\u00edstico en el inicio de las vacaciones de invierno en las provincias de&nbsp;Catamarca, Chubut, [&hellip;]<\/p>\n","protected":false},"author":2,"featured_media":10892,"comment_status":"open","ping_status":"open","sticky":false,"template":"","format":"standard","meta":{"footnotes":""},"categories":[111],"tags":[],"class_list":["post-10891","post","type-post","status-publish","format-standard","has-post-thumbnail","hentry","category-nacional"],"post_mailing_queue_ids":[],"_links":{"self":[{"href":"https:\/\/nubesmgzdigital.com.ar\/index.php\/wp-json\/wp\/v2\/posts\/10891","targetHints":{"allow":["GET"]}}],"collection":[{"href":"https:\/\/nubesmgzdigital.com.ar\/index.php\/wp-json\/wp\/v2\/posts"}],"about":[{"href":"https:\/\/nubesmgzdigital.com.ar\/index.php\/wp-json\/wp\/v2\/types\/post"}],"author":[{"embeddable":true,"href":"https:\/\/nubesmgzdigital.com.ar\/index.php\/wp-json\/wp\/v2\/users\/2"}],"replies":[{"embeddable":true,"href":"https:\/\/nubesmgzdigital.com.ar\/index.php\/wp-json\/wp\/v2\/comments?post=10891"}],"version-history":[{"count":2,"href":"https:\/\/nubesmgzdigital.com.ar\/index.php\/wp-json\/wp\/v2\/posts\/10891\/revisions"}],"predecessor-version":[{"id":10896,"href":"https:\/\/nubesmgzdigital.com.ar\/index.php\/wp-json\/wp\/v2\/posts\/10891\/revisions\/10896"}],"wp:featuredmedia":[{"embeddable":true,"href":"https:\/\/nubesmgzdigital.com.ar\/index.php\/wp-json\/wp\/v2\/media\/10892"}],"wp:attachment":[{"href":"https:\/\/nubesmgzdigital.com.ar\/index.php\/wp-json\/wp\/v2\/media?parent=10891"}],"wp:term":[{"taxonomy":"category","embeddable":true,"href":"https:\/\/nubesmgzdigital.com.ar\/index.php\/wp-json\/wp\/v2\/categories?post=10891"},{"taxonomy":"post_tag","embeddable":true,"href":"https:\/\/nubesmgzdigital.com.ar\/index.php\/wp-json\/wp\/v2\/tags?post=10891"}],"curies":[{"name":"wp","href":"https:\/\/api.w.org\/{rel}","templated":true}]}}