{"id":10906,"date":"2022-07-13T09:35:11","date_gmt":"2022-07-13T12:35:11","guid":{"rendered":"https:\/\/nubesmgzdigital.com.ar\/?p=10906"},"modified":"2022-07-13T09:35:12","modified_gmt":"2022-07-13T12:35:12","slug":"turismo-de-entre-rios-lleva-adelante-acciones-de-promocion-y-capacitacion","status":"publish","type":"post","link":"https:\/\/nubesmgzdigital.com.ar\/index.php\/2022\/07\/13\/turismo-de-entre-rios-lleva-adelante-acciones-de-promocion-y-capacitacion\/","title":{"rendered":"TURISMO DE ENTRE RIOS LLEVA ADELANTE ACCIONES DE PROMOCI\u00d3N Y CAPACITACI\u00d3N"},"content":{"rendered":"\n<figure class=\"wp-block-image size-large\"><a href=\"https:\/\/www.termatalia.com\/\" target=\"_blank\" rel=\"noreferrer noopener\"><img decoding=\"async\" src=\"https:\/\/nubesmgzdigital.com.ar\/wp-content\/uploads\/2022\/07\/unnamed-1-1-1024x166.jpg\" alt=\"\" class=\"wp-image-10899\"\/><\/a><\/figure>\n\n\n\n<h5 class=\"has-vivid-green-cyan-color has-text-color has-background wp-block-heading\" style=\"background-color:#002e49\">Como parte del trabajo que vienen realizando las diferentes \u00e1reas de Turismo de Entre R\u00edos, se realiz\u00f3 un taller de mozos anfitriones y se sumaron visitas de la TV P\u00fablica hacia localidades de la provincia<\/h5>\n\n\n\n<p><strong>Detalles<\/strong><\/p>\n\n\n\n<p>En una acci\u00f3n conjunta, entre la Secretar\u00eda de Turismo de Entre R\u00edos y el \u00c1rea de capacitaci\u00f3n de UTHGRA, se realiz\u00f3 en Diamante una nueva capacitaci\u00f3n de mozos anfitriones de la que participaron m\u00e1s de 20 personas de la ciudad blanca y alrededores. Los beneficiarios adquirieron conceptos te\u00f3ricos y pr\u00e1cticos tanto sobre las particularidades y habilidades espec\u00edficas requeridas para el ejercicio de la profesi\u00f3n de mozo, como sobre elementos que hacen al buen anfitri\u00f3n tur\u00edstico. Estos, se vinculan al conocimiento del entorno, los atractivos y las actividades que se desarrollan en la localidad, entre otros.<br><br>Con el fin de seguir mostrando las bondades de nuestra provincia al pa\u00eds a trav\u00e9s de la TV P\u00fablica, se realizaron transmisiones en vivo entre el 27 de junio y el 1 de julio en los programas &#8220;Ma\u00f1anas P\u00fablicas&#8221;, que va de 10 a 12hs por este canal y &#8220;Todos Estamos Conectados\u201d, que se emite de 16 a 18hs, desde distintas localidades entrerrianas.<\/p>\n\n\n\n<p>Como se realiz\u00f3 en previas oportunidades, la log\u00edstica y coordinaci\u00f3n de las entrevistas, locaciones y visitas, fue realizada por la Secretar\u00eda de Turismo de Entre R\u00edos en conjunto con los equipos de trabajo de los municipios.<\/p>\n\n\n\n<p>En esta oportunidad, salieron al aire Villa del Rosario, San Salvador, La Aurora del Palmar en los alrededores de Ubajay, Col\u00f3n, Pueblo Belgrano y Villa Paranacito, respectivamente. En cada uno de los destinos, se dieron a conocer emprendimientos locales, sitios hist\u00f3ricos y de inter\u00e9s p\u00fablico y se realizaron entrevistas a diferentes actores que fueron los encargados de difundir y promocionar las bellezas, encantos y atractivos de nuestra rica provincia.<\/p>\n\n\n\n<figure class=\"wp-block-image size-full is-resized\"><a href=\"https:\/\/www.entrerios.tur.ar\/noticia\/239\" target=\"_blank\" rel=\"noreferrer noopener\"><img loading=\"lazy\" decoding=\"async\" src=\"https:\/\/nubesmgzdigital.com.ar\/wp-content\/uploads\/2022\/07\/Captura-web_13-7-2022_93224_www.entrerios.tur_.ar_.jpeg\" alt=\"\" class=\"wp-image-10907\" width=\"250\" height=\"66\" srcset=\"https:\/\/nubesmgzdigital.com.ar\/wp-content\/uploads\/2022\/07\/Captura-web_13-7-2022_93224_www.entrerios.tur_.ar_.jpeg 386w, https:\/\/nubesmgzdigital.com.ar\/wp-content\/uploads\/2022\/07\/Captura-web_13-7-2022_93224_www.entrerios.tur_.ar_-300x79.jpeg 300w\" sizes=\"auto, (max-width: 250px) 100vw, 250px\" \/><\/a><\/figure>\n","protected":false},"excerpt":{"rendered":"<p>Como parte del trabajo que vienen realizando las diferentes \u00e1reas de Turismo de Entre R\u00edos, se realiz\u00f3 un taller de mozos anfitriones y se sumaron visitas de la TV P\u00fablica hacia localidades de la provincia Detalles En una acci\u00f3n conjunta, entre la Secretar\u00eda de Turismo de Entre R\u00edos y el \u00c1rea de capacitaci\u00f3n de UTHGRA, [&hellip;]<\/p>\n","protected":false},"author":2,"featured_media":10908,"comment_status":"open","ping_status":"open","sticky":false,"template":"","format":"standard","meta":{"footnotes":""},"categories":[135],"tags":[],"class_list":["post-10906","post","type-post","status-publish","format-standard","has-post-thumbnail","hentry","category-region-pampeana"],"post_mailing_queue_ids":[],"_links":{"self":[{"href":"https:\/\/nubesmgzdigital.com.ar\/index.php\/wp-json\/wp\/v2\/posts\/10906","targetHints":{"allow":["GET"]}}],"collection":[{"href":"https:\/\/nubesmgzdigital.com.ar\/index.php\/wp-json\/wp\/v2\/posts"}],"about":[{"href":"https:\/\/nubesmgzdigital.com.ar\/index.php\/wp-json\/wp\/v2\/types\/post"}],"author":[{"embeddable":true,"href":"https:\/\/nubesmgzdigital.com.ar\/index.php\/wp-json\/wp\/v2\/users\/2"}],"replies":[{"embeddable":true,"href":"https:\/\/nubesmgzdigital.com.ar\/index.php\/wp-json\/wp\/v2\/comments?post=10906"}],"version-history":[{"count":1,"href":"https:\/\/nubesmgzdigital.com.ar\/index.php\/wp-json\/wp\/v2\/posts\/10906\/revisions"}],"predecessor-version":[{"id":10909,"href":"https:\/\/nubesmgzdigital.com.ar\/index.php\/wp-json\/wp\/v2\/posts\/10906\/revisions\/10909"}],"wp:featuredmedia":[{"embeddable":true,"href":"https:\/\/nubesmgzdigital.com.ar\/index.php\/wp-json\/wp\/v2\/media\/10908"}],"wp:attachment":[{"href":"https:\/\/nubesmgzdigital.com.ar\/index.php\/wp-json\/wp\/v2\/media?parent=10906"}],"wp:term":[{"taxonomy":"category","embeddable":true,"href":"https:\/\/nubesmgzdigital.com.ar\/index.php\/wp-json\/wp\/v2\/categories?post=10906"},{"taxonomy":"post_tag","embeddable":true,"href":"https:\/\/nubesmgzdigital.com.ar\/index.php\/wp-json\/wp\/v2\/tags?post=10906"}],"curies":[{"name":"wp","href":"https:\/\/api.w.org\/{rel}","templated":true}]}}