{"id":10910,"date":"2022-07-13T10:54:17","date_gmt":"2022-07-13T13:54:17","guid":{"rendered":"https:\/\/nubesmgzdigital.com.ar\/?p=10910"},"modified":"2022-07-13T10:54:18","modified_gmt":"2022-07-13T13:54:18","slug":"el-tango-argentino-recupera-un-espacio-de-la-noche-portena-reabrio-michelangelo","status":"publish","type":"post","link":"https:\/\/nubesmgzdigital.com.ar\/index.php\/2022\/07\/13\/el-tango-argentino-recupera-un-espacio-de-la-noche-portena-reabrio-michelangelo\/","title":{"rendered":"EL TANGO ARGENTINO RECUPERA UN ESPACIO DE LA NOCHE PORTE\u00d1A: REABRI\u00d3 MICHELANGELO"},"content":{"rendered":"\n<figure class=\"wp-block-image size-large\"><a href=\"https:\/\/www.termatalia.com\/\" target=\"_blank\" rel=\"noreferrer noopener\"><img decoding=\"async\" src=\"https:\/\/nubesmgzdigital.com.ar\/wp-content\/uploads\/2022\/07\/unnamed-1-2-1024x166.jpg\" alt=\"\" class=\"wp-image-10912\"\/><\/a><\/figure>\n\n\n\n<h2 class=\"has-cyan-bluish-gray-color has-text-color has-background wp-block-heading\" style=\"background-color:#064367\">El Secretario Ejecutivo del Instituto Nacional de Promoci\u00f3n Tur\u00edstica, Ricardo Sosa, particip\u00f3 de la reapertura de la hist\u00f3rica y emblem\u00e1tica\u00a0casa ubicada en el barrio de San Telmo.<\/h2>\n\n\n\n<p>Se reinagur\u00f3 la hist\u00f3rica casa de tango\u00a0<strong>Michelangelo<\/strong>, ubicada en la\u00a0<strong>calle Balcare 433<\/strong>, en el barrio de\u00a0<strong>San Telmo<\/strong>, con un show de tango y folklore dirigido por Nicol\u00e1s Ledesma, con la participaci\u00f3n de Horacio Romo y Pablo Agri y m\u00fasicos integrantes de las famosas orquestas de Leopoldo Federico y de Sexteto Mayor. Adem\u00e1s, cont\u00f3 con la participaci\u00f3n estelar de N\u00e9stor Fabi\u00e1n y Mar\u00eda Pisoni en la voz. El evento inaugural cont\u00f3 con la presencia del\u00a0<strong>Secretario Ejecutivo del INPROTUR, Ricardo Sosa<\/strong>, autoridades de la C\u00e1mara Argentina de Turismo y de la ciudad de Buenos Aires y con personalidades importantes del tango y arte argentino.<\/p>\n\n\n\n<p><strong>Ricardo Sosa<\/strong>, fue invitado a dar unas palabras antes del show: \u201c<em>El tango es parte de la cultura porte\u00f1a y argentina y la reapertura de estos lugares emblem\u00e1ticos ayudan a la promoci\u00f3n de nuestro pa\u00eds como destino tur\u00edstico y cultural. Esto demuestra el compromiso de\u00a0<strong>Luis (Machi)<\/strong>\u00a0con el pa\u00eds, para invertir en un espacio y renovarlo totalmente. Nuevamente podemos decir que Michelangelo es tango argentino y me siento orgulloso de poder ser parte de este momento<\/em>.\u201d<\/p>\n\n\n<div class=\"wp-block-image\">\n<figure class=\"aligncenter size-large\"><img loading=\"lazy\" decoding=\"async\" width=\"1024\" height=\"607\" src=\"https:\/\/nubesmgzdigital.com.ar\/wp-content\/uploads\/2022\/07\/unnamed-1024x607.jpg\" alt=\"\" class=\"wp-image-10913\" srcset=\"https:\/\/nubesmgzdigital.com.ar\/wp-content\/uploads\/2022\/07\/unnamed-1024x607.jpg 1024w, https:\/\/nubesmgzdigital.com.ar\/wp-content\/uploads\/2022\/07\/unnamed-300x178.jpg 300w, https:\/\/nubesmgzdigital.com.ar\/wp-content\/uploads\/2022\/07\/unnamed-768x455.jpg 768w, https:\/\/nubesmgzdigital.com.ar\/wp-content\/uploads\/2022\/07\/unnamed-1536x910.jpg 1536w, https:\/\/nubesmgzdigital.com.ar\/wp-content\/uploads\/2022\/07\/unnamed-2048x1213.jpg 2048w, https:\/\/nubesmgzdigital.com.ar\/wp-content\/uploads\/2022\/07\/unnamed-696x412.jpg 696w, https:\/\/nubesmgzdigital.com.ar\/wp-content\/uploads\/2022\/07\/unnamed-1068x633.jpg 1068w, https:\/\/nubesmgzdigital.com.ar\/wp-content\/uploads\/2022\/07\/unnamed-709x420.jpg 709w\" sizes=\"auto, (max-width: 1024px) 100vw, 1024px\" \/><\/figure>\n<\/div>\n\n\n<figure class=\"wp-block-table\"><table><tbody><tr><td>Michelangelo fue&nbsp;<strong>abierto originalmente en 1967<\/strong>&nbsp;al mundo del espect\u00e1culo y fue un emblema del tango en el mismo edificio que se encuentra hoy, que data de 1850 y fue declarado patrimonio hist\u00f3rico de la ciudad. &nbsp;<strong>Luis Machi<\/strong>, es el empresario que compr\u00f3 el espacio hace m\u00e1s de cinco a\u00f1os, una d\u00e9cada despu\u00e9s de cerrarse, y pudo reinaugurarlo, tras una importante inversi\u00f3n. Machi tambi\u00e9n es due\u00f1o de La Ventana, Gala Tango y Aljibe Tango.<\/td><\/tr><\/tbody><\/table><\/figure>\n\n\n\n<figure class=\"wp-block-table\"><table><tbody><tr><td>El espect\u00e1culo al p\u00fablico cuenta con una&nbsp;<strong>cena desde las 19.30hs hasta las 21.30hs<\/strong>&nbsp;y con el&nbsp;<strong>show desde las 21.30hs hasta las 23hs<\/strong>. El teatro cuenta con espacio para&nbsp;<strong>320 personas.<\/strong><br><br>En Michelangelo han tocado y cantado muchos tangueros m\u00e1s conocidos de Buenos Aires, como Astor Piazzola, Roberto Goyeneche o Susana Rinaldi, entre tantos otros.&nbsp;<\/td><\/tr><\/tbody><\/table><\/figure>\n\n\n\n<figure class=\"wp-block-image size-large\"><a href=\"https:\/\/argentina.us10.list-manage.com\/track\/click?u=c72ee12e8482a64a249259cc5&amp;id=851f2ba076&amp;e=1f1bd49e71\" target=\"_blank\" rel=\"noreferrer noopener\"><img loading=\"lazy\" decoding=\"async\" width=\"1024\" height=\"227\" src=\"https:\/\/nubesmgzdigital.com.ar\/wp-content\/uploads\/2022\/07\/unnamed-1-1024x227.png\" alt=\"\" class=\"wp-image-10911\" srcset=\"https:\/\/nubesmgzdigital.com.ar\/wp-content\/uploads\/2022\/07\/unnamed-1-1024x227.png 1024w, https:\/\/nubesmgzdigital.com.ar\/wp-content\/uploads\/2022\/07\/unnamed-1-300x67.png 300w, https:\/\/nubesmgzdigital.com.ar\/wp-content\/uploads\/2022\/07\/unnamed-1-768x170.png 768w, https:\/\/nubesmgzdigital.com.ar\/wp-content\/uploads\/2022\/07\/unnamed-1-696x154.png 696w, https:\/\/nubesmgzdigital.com.ar\/wp-content\/uploads\/2022\/07\/unnamed-1-1068x237.png 1068w, https:\/\/nubesmgzdigital.com.ar\/wp-content\/uploads\/2022\/07\/unnamed-1.png 1200w\" sizes=\"auto, (max-width: 1024px) 100vw, 1024px\" \/><\/a><\/figure>\n","protected":false},"excerpt":{"rendered":"<p>El Secretario Ejecutivo del Instituto Nacional de Promoci\u00f3n Tur\u00edstica, Ricardo Sosa, particip\u00f3 de la reapertura de la hist\u00f3rica y emblem\u00e1tica\u00a0casa ubicada en el barrio de San Telmo. Se reinagur\u00f3 la hist\u00f3rica casa de tango\u00a0Michelangelo, ubicada en la\u00a0calle Balcare 433, en el barrio de\u00a0San Telmo, con un show de tango y folklore dirigido por Nicol\u00e1s Ledesma, [&hellip;]<\/p>\n","protected":false},"author":2,"featured_media":10914,"comment_status":"open","ping_status":"open","sticky":false,"template":"","format":"standard","meta":{"footnotes":""},"categories":[137,114],"tags":[],"class_list":["post-10910","post","type-post","status-publish","format-standard","has-post-thumbnail","hentry","category-buenos-aires-caba","category-turismo-destinos"],"post_mailing_queue_ids":[],"_links":{"self":[{"href":"https:\/\/nubesmgzdigital.com.ar\/index.php\/wp-json\/wp\/v2\/posts\/10910","targetHints":{"allow":["GET"]}}],"collection":[{"href":"https:\/\/nubesmgzdigital.com.ar\/index.php\/wp-json\/wp\/v2\/posts"}],"about":[{"href":"https:\/\/nubesmgzdigital.com.ar\/index.php\/wp-json\/wp\/v2\/types\/post"}],"author":[{"embeddable":true,"href":"https:\/\/nubesmgzdigital.com.ar\/index.php\/wp-json\/wp\/v2\/users\/2"}],"replies":[{"embeddable":true,"href":"https:\/\/nubesmgzdigital.com.ar\/index.php\/wp-json\/wp\/v2\/comments?post=10910"}],"version-history":[{"count":1,"href":"https:\/\/nubesmgzdigital.com.ar\/index.php\/wp-json\/wp\/v2\/posts\/10910\/revisions"}],"predecessor-version":[{"id":10915,"href":"https:\/\/nubesmgzdigital.com.ar\/index.php\/wp-json\/wp\/v2\/posts\/10910\/revisions\/10915"}],"wp:featuredmedia":[{"embeddable":true,"href":"https:\/\/nubesmgzdigital.com.ar\/index.php\/wp-json\/wp\/v2\/media\/10914"}],"wp:attachment":[{"href":"https:\/\/nubesmgzdigital.com.ar\/index.php\/wp-json\/wp\/v2\/media?parent=10910"}],"wp:term":[{"taxonomy":"category","embeddable":true,"href":"https:\/\/nubesmgzdigital.com.ar\/index.php\/wp-json\/wp\/v2\/categories?post=10910"},{"taxonomy":"post_tag","embeddable":true,"href":"https:\/\/nubesmgzdigital.com.ar\/index.php\/wp-json\/wp\/v2\/tags?post=10910"}],"curies":[{"name":"wp","href":"https:\/\/api.w.org\/{rel}","templated":true}]}}