{"id":10920,"date":"2022-07-14T09:34:21","date_gmt":"2022-07-14T12:34:21","guid":{"rendered":"https:\/\/nubesmgzdigital.com.ar\/?p=10920"},"modified":"2022-07-14T09:36:00","modified_gmt":"2022-07-14T12:36:00","slug":"jujuy-lanzan-una-campana-de-promocion-del-turismo-que-apunta-a-su-desarrollo-todo-el-ano","status":"publish","type":"post","link":"https:\/\/nubesmgzdigital.com.ar\/index.php\/2022\/07\/14\/jujuy-lanzan-una-campana-de-promocion-del-turismo-que-apunta-a-su-desarrollo-todo-el-ano\/","title":{"rendered":"Jujuy: lanzan una campa\u00f1a de promoci\u00f3n del turismo que apunta a su desarrollo todo el a\u00f1o"},"content":{"rendered":"\n<figure class=\"wp-block-image size-large\"><a href=\"https:\/\/www.termatalia.com\/\" target=\"_blank\" rel=\"noreferrer noopener\"><img decoding=\"async\" src=\"https:\/\/nubesmgzdigital.com.ar\/wp-content\/uploads\/2022\/07\/unnamed-1-2-1024x166.jpg\" alt=\"\" class=\"wp-image-10912\"\/><\/a><\/figure>\n\n\n\n<h3 class=\"has-vivid-green-cyan-background-color has-background wp-block-heading\">La nueva campa\u00f1a promocional: &#8220;Jujuy, un destino de pel\u00edcula&#8221;, refleja el gran momento tur\u00edstico que vive la provincia, &#8220;con plazas a pleno&#8221; de cara a las vacaciones de invierno.<\/h3>\n\n\n\n<p>Jujuy presentar\u00e1 el jueves en la ciudad de Buenos Aires la nueva campa\u00f1a promocional: &#8220;Jujuy, un destino de pel\u00edcula&#8221;, que refleja el gran momento tur\u00edstico que vive la provincia, &#8220;con plazas a pleno&#8221; de cara a las vacaciones de invierno, seg\u00fan destac\u00f3 el ministro de Cultura y Turismo local, Federico Posadas.<\/p>\n\n\n\n<p>&#8220;Ma\u00f1ana vamos a estar presentando en la ciudad de Buenos Aires<strong>&nbsp;la campa\u00f1a &#8216;Jujuy un destino de pel\u00edcula&#8217;,&nbsp;<\/strong>con im\u00e1genes de todos los paisajes incre\u00edbles. Va a ser una campa\u00f1a muy divertida, muy colorida, linda, original&#8221;, asever\u00f3 el funcionario en declaraciones formuladas a T\u00e9lam Radio.<\/p>\n\n\n\n<p>Jujuy presentar\u00e1 el jueves en la ciudad de Buenos Aires la nueva campa\u00f1a promocional: &#8220;Jujuy, un destino de pel\u00edcula&#8221;, que refleja el gran momento tur\u00edstico que vive la provincia, &#8220;con plazas a pleno&#8221; de cara a las vacaciones de invierno, seg\u00fan destac\u00f3 el ministro de Cultura y Turismo local, Federico Posadas.<\/p>\n\n\n\n<p>&#8220;Ma\u00f1ana vamos a estar presentando en la ciudad de Buenos Aires<strong>&nbsp;la campa\u00f1a &#8216;Jujuy un destino de pel\u00edcula&#8217;,&nbsp;<\/strong>con im\u00e1genes de todos los paisajes incre\u00edbles. Va a ser una campa\u00f1a muy divertida, muy colorida, linda, original&#8221;, asever\u00f3 el funcionario en declaraciones formuladas a T\u00e9lam Radio.<\/p>\n\n\n\n<figure class=\"wp-block-embed is-type-rich is-provider-soundcloud wp-block-embed-soundcloud\"><div class=\"wp-block-embed__wrapper\">\n<iframe loading=\"lazy\" title=\"\u201cJujuy, un destino de pel\u00edcula\u201d, en original campa\u00f1a sobre el &quot;gran momento&quot; tur\u00edstico provincial by Audio\" width=\"640\" height=\"400\" scrolling=\"no\" frameborder=\"no\" src=\"https:\/\/w.soundcloud.com\/player\/?visual=true&#038;url=https%3A%2F%2Fapi.soundcloud.com%2Ftracks%2F1304446450&#038;show_artwork=true&#038;maxheight=960&#038;maxwidth=640\"><\/iframe>\n<\/div><figcaption>El ministro de Cultura y Turismo de Jujuy, Federico Posadas, se\u00f1al\u00f3 en T\u00e9lam Radio que se encuentran \u201cmuy contentos\u201d por la respuesta tur\u00edstica que vienen teniendo, al punto de que ya no registran momentos del a\u00f1o como \u201ctemporada baja\u201d, y cont\u00f3 que este alentador presente ser\u00e1 reflejado en una campa\u00f1a promocional denominada \u201cJujuy, un destino de pel\u00edcula\u201d.<br>\u201cJujuy un destino de pel\u00edcula, vamos a estar presentando ma\u00f1ana en la Ciudad de Buenos Aires, en una cadena de cines en donde vamos a mostrar lo que est\u00e1 pasando en Jujuy con todas las producciones cinematogr\u00e1ficas, con todos los paisajes incre\u00edbles. Va a ser una campa\u00f1a muy divertida, muy colorida, linda, original\u201d, expres\u00f3 Posadas.<br>El ministro manifest\u00f3 que est\u00e1n \u201ccontentos con lo que est\u00e1 pasando en Jujuy en estas vacaciones\u201d, dijo que ya tienen \u201clas plazas a pleno\u201d y remarc\u00f3 que la buena noticia es que este escenario tur\u00edstico ha superado la barrera de la cl\u00e1sica temporada alta: \u201cHay p\u00fablico durante todo el a\u00f1o\u201d.<br>\u201cHemos tenido incluso un junio que era de temporada baja a m\u00e1s del 60 % de ocupaci\u00f3n, hoy estamos arriba del 80 en promedio y las perspectivas es que sigamos subiendo sobre todo en la tercera semana de julio, ya en vacaciones de Buenos Aires que son quienes m\u00e1s nos frecuentan\u201d, precis\u00f3.<br>Adem\u00e1s, Posadas dijo que \u201ces una muy buena noticia que se est\u00e1 recuperando el turismo internacional\u201d y detall\u00f3 que en la actualidad la provincia registra \u201cun 10 %\u201d de visitantes extranjeros, cuando hist\u00f3ricamente el promedio era 20.<br>\u201cPero est\u00e1 en crecimiento, sobre todo de turistas brasileros que hoy est\u00e1n conectados directamente con el norte\u201d, indic\u00f3.<br>Tambi\u00e9n, el ministro ponder\u00f3 la vigencia del programa PreViaje y sobre la tercera edici\u00f3n que se viene, manifest\u00f3 que \u201cva a ser un adicional que nos va a permitir aumentar m\u00e1s la demanda\u201d.<br>\u201cA partir de septiembre Jujuy va a estar recibiendo seguramente a mucha gente del PreViaje. Ya el PreViaje 2 hab\u00eda sido un r\u00e9cord, con Jujuy como uno de los destinos m\u00e1s elegidos, est\u00e1bamos en el top ten y la verdad que la expectativa es muy grande\u201d, consign\u00f3 (Por Alejandro Delgado Morales).<\/figcaption><\/figure>\n\n\n\n<figure class=\"wp-block-image size-full\"><a href=\"https:\/\/www.telam.com.ar\/notas\/202207\/598387-campana-de-promocion-del-turismo-en-jujuy.html\" target=\"_blank\" rel=\"noreferrer noopener\"><img loading=\"lazy\" decoding=\"async\" width=\"964\" height=\"96\" src=\"https:\/\/nubesmgzdigital.com.ar\/wp-content\/uploads\/2022\/05\/Captura-web_6-4-2022_125922_www.telam_.com_.ar_.jpeg\" alt=\"\" class=\"wp-image-10193\" srcset=\"https:\/\/nubesmgzdigital.com.ar\/wp-content\/uploads\/2022\/05\/Captura-web_6-4-2022_125922_www.telam_.com_.ar_.jpeg 964w, https:\/\/nubesmgzdigital.com.ar\/wp-content\/uploads\/2022\/05\/Captura-web_6-4-2022_125922_www.telam_.com_.ar_-300x30.jpeg 300w, https:\/\/nubesmgzdigital.com.ar\/wp-content\/uploads\/2022\/05\/Captura-web_6-4-2022_125922_www.telam_.com_.ar_-768x76.jpeg 768w, https:\/\/nubesmgzdigital.com.ar\/wp-content\/uploads\/2022\/05\/Captura-web_6-4-2022_125922_www.telam_.com_.ar_-696x69.jpeg 696w\" sizes=\"auto, (max-width: 964px) 100vw, 964px\" \/><\/a><\/figure>\n","protected":false},"excerpt":{"rendered":"<p>La nueva campa\u00f1a promocional: &#8220;Jujuy, un destino de pel\u00edcula&#8221;, refleja el gran momento tur\u00edstico que vive la provincia, &#8220;con plazas a pleno&#8221; de cara a las vacaciones de invierno. Jujuy presentar\u00e1 el jueves en la ciudad de Buenos Aires la nueva campa\u00f1a promocional: &#8220;Jujuy, un destino de pel\u00edcula&#8221;, que refleja el gran momento tur\u00edstico que [&hellip;]<\/p>\n","protected":false},"author":2,"featured_media":10921,"comment_status":"open","ping_status":"open","sticky":false,"template":"","format":"standard","meta":{"footnotes":""},"categories":[114,118],"tags":[],"class_list":["post-10920","post","type-post","status-publish","format-standard","has-post-thumbnail","hentry","category-turismo-destinos","category-noa"],"post_mailing_queue_ids":[],"_links":{"self":[{"href":"https:\/\/nubesmgzdigital.com.ar\/index.php\/wp-json\/wp\/v2\/posts\/10920","targetHints":{"allow":["GET"]}}],"collection":[{"href":"https:\/\/nubesmgzdigital.com.ar\/index.php\/wp-json\/wp\/v2\/posts"}],"about":[{"href":"https:\/\/nubesmgzdigital.com.ar\/index.php\/wp-json\/wp\/v2\/types\/post"}],"author":[{"embeddable":true,"href":"https:\/\/nubesmgzdigital.com.ar\/index.php\/wp-json\/wp\/v2\/users\/2"}],"replies":[{"embeddable":true,"href":"https:\/\/nubesmgzdigital.com.ar\/index.php\/wp-json\/wp\/v2\/comments?post=10920"}],"version-history":[{"count":2,"href":"https:\/\/nubesmgzdigital.com.ar\/index.php\/wp-json\/wp\/v2\/posts\/10920\/revisions"}],"predecessor-version":[{"id":10924,"href":"https:\/\/nubesmgzdigital.com.ar\/index.php\/wp-json\/wp\/v2\/posts\/10920\/revisions\/10924"}],"wp:featuredmedia":[{"embeddable":true,"href":"https:\/\/nubesmgzdigital.com.ar\/index.php\/wp-json\/wp\/v2\/media\/10921"}],"wp:attachment":[{"href":"https:\/\/nubesmgzdigital.com.ar\/index.php\/wp-json\/wp\/v2\/media?parent=10920"}],"wp:term":[{"taxonomy":"category","embeddable":true,"href":"https:\/\/nubesmgzdigital.com.ar\/index.php\/wp-json\/wp\/v2\/categories?post=10920"},{"taxonomy":"post_tag","embeddable":true,"href":"https:\/\/nubesmgzdigital.com.ar\/index.php\/wp-json\/wp\/v2\/tags?post=10920"}],"curies":[{"name":"wp","href":"https:\/\/api.w.org\/{rel}","templated":true}]}}