{"id":10925,"date":"2022-07-14T09:56:13","date_gmt":"2022-07-14T12:56:13","guid":{"rendered":"https:\/\/nubesmgzdigital.com.ar\/?p=10925"},"modified":"2022-07-14T09:56:14","modified_gmt":"2022-07-14T12:56:14","slug":"el-tren-patagonico-inauguro-una-excursion-nocturna-de-bariloche-a-estacion-perito-moreno","status":"publish","type":"post","link":"https:\/\/nubesmgzdigital.com.ar\/index.php\/2022\/07\/14\/el-tren-patagonico-inauguro-una-excursion-nocturna-de-bariloche-a-estacion-perito-moreno\/","title":{"rendered":"El Tren Patag\u00f3nico inaugur\u00f3 una excursi\u00f3n nocturna de Bariloche a Estaci\u00f3n Perito Moreno"},"content":{"rendered":"\n<figure class=\"wp-block-image size-large\"><a href=\"https:\/\/www.termatalia.com\/\" target=\"_blank\" rel=\"noreferrer noopener\"><img decoding=\"async\" src=\"https:\/\/nubesmgzdigital.com.ar\/wp-content\/uploads\/2022\/07\/unnamed-1-2-1024x166.jpg\" alt=\"\" class=\"wp-image-10912\"\/><\/a><\/figure>\n\n\n\n<h5 class=\"has-vivid-green-cyan-color has-text-color has-background wp-block-heading\" style=\"background-color:#13382a\">La moderna formaci\u00f3n est\u00e1 dise\u00f1ada para 120 pasajeros y recorre un total de 30 kil\u00f3metros que lleva a los visitantes\u00a0hasta una pintoresca estaci\u00f3n reconvertida en una casa de t\u00e9.\u00a0La gobernadora Arabela Carreras encabez\u00f3 la ceremonia de partida y resalt\u00f3 que se trata de &#8220;una experiencia \u00e9pica&#8221;.<\/h5>\n\n\n\n<p>Una nueva excursi\u00f3n nocturna comenz\u00f3 a circular este mi\u00e9rcoles entre las localidades rionegrinas de&nbsp;<strong>San Carlos de Bariloche y Estaci\u00f3n Perito Moreno<\/strong>, en cercan\u00edas del paraje Laguna de los Juncos, en un servicio tur\u00edstico de la empresa estatal Tren Patag\u00f3nico dise\u00f1ado para 120 pasajeros en una moderna formaci\u00f3n ferroviaria que recorre unos 30 kil\u00f3metros y lleva a los visitantes hasta una pintoresca estaci\u00f3n reconvertida en una casa de t\u00e9.<\/p>\n\n\n\n<p>El viaje inaugural, del que participaron funcionarios provinciales y operadores tur\u00edsticos, se hizo especialmente para disfrutar este mi\u00e9rcoles a la noche de la llamada Super Luna de Ciervo, un fen\u00f3meno astron\u00f3mico que permitir\u00e1 ver al sat\u00e9lite natural m\u00e1s grande y m\u00e1s brillante de este a\u00f1o.<\/p>\n\n\n\n<p>La gobernadora&nbsp;<strong>Arabela Carreras<\/strong>&nbsp;encabez\u00f3 la ceremonia de partida y resalt\u00f3 que se trata de&nbsp;<strong>&#8220;una experiencia \u00e9pica&#8221;<\/strong>&nbsp;en un trayecto que &#8220;tendr\u00e1 dos salidas semanales, con capacidad para 120 personas y una cena con sabores rionegrinos&#8221;.<\/p>\n\n\n\n<p>Los intendentes de San Carlos de Bariloche, Gustavo Gennuso, de Dina Guapi, M\u00f3nica Balseiro, y de Pilcaniyeu, N\u00e9stor Ayuelef, tambi\u00e9n participaron junto a empresarios y periodistas del viaje que comenz\u00f3 a las 18:26.<\/p>\n\n\n\n<p>La empresa estatal Tren Patag\u00f3nico S.A. de R\u00edo Negro inaugur\u00f3 esta nueva excursi\u00f3n en una formaci\u00f3n Materfer que se realizar\u00e1 los&nbsp;<strong>mi\u00e9rcoles y jueves, a partir del 20 de julio<\/strong>, y tendr\u00e1 una duraci\u00f3n de unos<strong>&nbsp;50 minutos<\/strong>.<\/p>\n\n\n\n<p>Seg\u00fan el cronograma del servicio en este periplo, los pasajeros son recibidos en la Estaci\u00f3n Perito Moreno en la Casa de T\u00e9 con vino caliente y canap\u00e9s, tras lo cual en el quincho habr\u00e1 una cena con asado, cordero y empanadas, ensaladas, papas fritas y flan, adem\u00e1s de men\u00fas de car\u00e1cter vegetariano, vegano y cel\u00edaco.<\/p>\n\n\n\n<figure class=\"wp-block-image size-large\"><img decoding=\"async\" src=\"https:\/\/www.telam.com.ar\/thumbs\/bluesteel\/advf\/imagenes\/2022\/07\/62cf4b4a503a5_900.jpg\" alt=\"\"\/><figcaption>(Foto: Alejandra Bartoliche).<\/figcaption><\/figure>\n\n\n\n<p>En tanto, el viaje de regreso a Bariloche est\u00e1 previsto para las&nbsp;<strong>22.30<\/strong>.<\/p>\n\n\n\n<p>El gobierno provincial asegur\u00f3 que<strong>&nbsp;&#8220;la experiencia ser\u00e1 muy reconfortante y que la moderna formaci\u00f3n cuenta con todos los servicios&#8221;<\/strong>, dado que &#8220;una de las maquinarias est\u00e1 equipada con ba\u00f1os, aire acondicionado y calefacci\u00f3n&#8221;.<\/p>\n\n\n\n<p>De este modo, &#8220;la hist\u00f3rica estaci\u00f3n Perito Moreno vuelve a cobrar vida, luego de ser testigo de cientos de historias, centinela del lugar y due\u00f1a de una belleza incomparable&#8221;, a\u00f1adi\u00f3 la Gobernaci\u00f3n.<\/p>\n\n\n\n<p>La estaci\u00f3n Perito Moreno, &#8220;resisti\u00f3 el paso del tiempo, el deterioro y el abandono durante d\u00e9cadas&#8221;, pero &#8220;desde este mes, el and\u00e9n recibir\u00e1 nuevamente a turistas que busquen disfrutar de una noche cargada de historia y la calidez del lugar, rodeado por la laguna Los Juncos&#8221;, acot\u00f3.<\/p>\n\n\n\n<figure class=\"wp-block-embed is-type-rich is-provider-twitter wp-block-embed-twitter\"><div class=\"wp-block-embed__wrapper\">\n<blockquote class=\"twitter-tweet\" data-width=\"550\" data-dnt=\"true\"><p lang=\"es\" dir=\"ltr\">El Tren Patag\u00f3nico dio inicio a la excursi\u00f3n tur\u00edstica nocturna desde Bariloche a la estaci\u00f3n Perito Moreno. \ud83d\udee4\ufe0f<br><br>Este trayecto tendr\u00e1 dos salidas semanales, con capacidad para 120 personas y una cena con sabores rionegrinos.<br><br>\u00a1Una experiencia <a href=\"https:\/\/twitter.com\/hashtag\/%C3%A9pica?src=hash&amp;ref_src=twsrc%5Etfw\">#\u00e9pica<\/a>! \ud83d\udc9a\u2728 <a href=\"https:\/\/t.co\/WfponN9xfu\">pic.twitter.com\/WfponN9xfu<\/a><\/p>&mdash; Arabela Carreras (@ArabelaCarreras) <a href=\"https:\/\/twitter.com\/ArabelaCarreras\/status\/1547332714512240640?ref_src=twsrc%5Etfw\">July 13, 2022<\/a><\/blockquote><script async src=\"https:\/\/platform.twitter.com\/widgets.js\" charset=\"utf-8\"><\/script>\n<\/div><\/figure>\n\n\n\n<p>Y, record\u00f3 que &#8220;el viejo edificio fue una parada obligada para los servicios ferroviarios de carga y transporte de pasajeros que llegaban de todo el mundo a Bariloche en los a\u00f1os dorados del tren&#8221; y se\u00f1al\u00f3 que &#8220;luego de quedar en el olvido, tras el cierre de la empresa en la d\u00e9cada de los 90, se concesion\u00f3 el lugar en 2015 para reconvertir su funcionamiento y actualmente funciona como casa de t\u00e9&#8221;.<\/p>\n\n\n\n<p>As\u00ed, &#8220;la vieja estaci\u00f3n se benefici\u00f3 con importantes mejoras que permitieron desarrollarse como un agradable espacio para turistas y diversas actividades que permitieron el crecimiento de la comunidad&#8221;, a\u00f1adi\u00f3 en un comunicado la Gobernaci\u00f3n.<\/p>\n\n\n\n<figure class=\"wp-block-image size-full\"><a href=\"https:\/\/www.telam.com.ar\/notas\/202207\/598457-tren-patagonico-inauguro-excursion-nocturna-bariloche-perito-moreno.html\" target=\"_blank\" rel=\"noreferrer noopener\"><img loading=\"lazy\" decoding=\"async\" width=\"964\" height=\"96\" src=\"https:\/\/nubesmgzdigital.com.ar\/wp-content\/uploads\/2022\/05\/Captura-web_6-4-2022_125922_www.telam_.com_.ar_.jpeg\" alt=\"\" class=\"wp-image-10193\" srcset=\"https:\/\/nubesmgzdigital.com.ar\/wp-content\/uploads\/2022\/05\/Captura-web_6-4-2022_125922_www.telam_.com_.ar_.jpeg 964w, https:\/\/nubesmgzdigital.com.ar\/wp-content\/uploads\/2022\/05\/Captura-web_6-4-2022_125922_www.telam_.com_.ar_-300x30.jpeg 300w, https:\/\/nubesmgzdigital.com.ar\/wp-content\/uploads\/2022\/05\/Captura-web_6-4-2022_125922_www.telam_.com_.ar_-768x76.jpeg 768w, https:\/\/nubesmgzdigital.com.ar\/wp-content\/uploads\/2022\/05\/Captura-web_6-4-2022_125922_www.telam_.com_.ar_-696x69.jpeg 696w\" sizes=\"auto, (max-width: 964px) 100vw, 964px\" \/><\/a><\/figure>\n","protected":false},"excerpt":{"rendered":"<p>La moderna formaci\u00f3n est\u00e1 dise\u00f1ada para 120 pasajeros y recorre un total de 30 kil\u00f3metros que lleva a los visitantes\u00a0hasta una pintoresca estaci\u00f3n reconvertida en una casa de t\u00e9.\u00a0La gobernadora Arabela Carreras encabez\u00f3 la ceremonia de partida y resalt\u00f3 que se trata de &#8220;una experiencia \u00e9pica&#8221;. Una nueva excursi\u00f3n nocturna comenz\u00f3 a circular este mi\u00e9rcoles [&hellip;]<\/p>\n","protected":false},"author":2,"featured_media":10926,"comment_status":"open","ping_status":"open","sticky":false,"template":"","format":"standard","meta":{"footnotes":""},"categories":[114],"tags":[],"class_list":["post-10925","post","type-post","status-publish","format-standard","has-post-thumbnail","hentry","category-turismo-destinos"],"post_mailing_queue_ids":[],"_links":{"self":[{"href":"https:\/\/nubesmgzdigital.com.ar\/index.php\/wp-json\/wp\/v2\/posts\/10925","targetHints":{"allow":["GET"]}}],"collection":[{"href":"https:\/\/nubesmgzdigital.com.ar\/index.php\/wp-json\/wp\/v2\/posts"}],"about":[{"href":"https:\/\/nubesmgzdigital.com.ar\/index.php\/wp-json\/wp\/v2\/types\/post"}],"author":[{"embeddable":true,"href":"https:\/\/nubesmgzdigital.com.ar\/index.php\/wp-json\/wp\/v2\/users\/2"}],"replies":[{"embeddable":true,"href":"https:\/\/nubesmgzdigital.com.ar\/index.php\/wp-json\/wp\/v2\/comments?post=10925"}],"version-history":[{"count":1,"href":"https:\/\/nubesmgzdigital.com.ar\/index.php\/wp-json\/wp\/v2\/posts\/10925\/revisions"}],"predecessor-version":[{"id":10927,"href":"https:\/\/nubesmgzdigital.com.ar\/index.php\/wp-json\/wp\/v2\/posts\/10925\/revisions\/10927"}],"wp:featuredmedia":[{"embeddable":true,"href":"https:\/\/nubesmgzdigital.com.ar\/index.php\/wp-json\/wp\/v2\/media\/10926"}],"wp:attachment":[{"href":"https:\/\/nubesmgzdigital.com.ar\/index.php\/wp-json\/wp\/v2\/media?parent=10925"}],"wp:term":[{"taxonomy":"category","embeddable":true,"href":"https:\/\/nubesmgzdigital.com.ar\/index.php\/wp-json\/wp\/v2\/categories?post=10925"},{"taxonomy":"post_tag","embeddable":true,"href":"https:\/\/nubesmgzdigital.com.ar\/index.php\/wp-json\/wp\/v2\/tags?post=10925"}],"curies":[{"name":"wp","href":"https:\/\/api.w.org\/{rel}","templated":true}]}}