{"id":1117,"date":"2019-05-16T23:43:15","date_gmt":"2019-05-17T02:43:15","guid":{"rendered":"http:\/\/nubesmgzdigital.com.ar\/?p=1117"},"modified":"2019-05-16T23:43:17","modified_gmt":"2019-05-17T02:43:17","slug":"salta-celebra-el-dia-internacional-de-los-museos-el-18-y-19-de-mayo","status":"publish","type":"post","link":"https:\/\/nubesmgzdigital.com.ar\/index.php\/2019\/05\/16\/salta-celebra-el-dia-internacional-de-los-museos-el-18-y-19-de-mayo\/","title":{"rendered":"Salta celebra el D\u00eda Internacional de los Museos el 18 y 19 de mayo"},"content":{"rendered":"\n<h6 class=\"wp-block-heading\"><\/h6>\n\n\n\n<p class=\"has-drop-cap\">Por decimosegundo a\u00f1o consecutivo Salta celebrar\u00e1 el D\u00eda Internacional de los Museos, ma\u00f1ana s\u00e1bado 18 y el domingo 19, de 11 a 21 hs, con entrada libre y gratuita a museos de toda la provincia.<\/p>\n\n\n\n<p>El Gobierno de la Provincia de Salta, a trav\u00e9s del Ministerio de Cultura, Turismo y Deportes,&nbsp; invita a participar en la celebraci\u00f3n del D\u00eda Internacional de los Museos 2019. Tendr\u00e1 lugar los d\u00edas 18 y 19 de mayo, con entrada libre y gratuita, bajo el lema \u201cLos Museos como ejes culturales: Futuro de la Tradici\u00f3n\u201d.<\/p>\n\n\n\n<p>En esta l\u00ednea, el s\u00e1bado 18 de mayo, D\u00eda de la Escarapela, se entregar\u00e1 este&nbsp; s\u00edmbolo patrio en todos los espacios provinciales participantes del evento.<\/p>\n\n\n\n<p>Desde 1977, a\u00f1o en que se instaura el DIM (D\u00eda Internacional de los Museos), m\u00e1s de 300.000 museos en el mundo se unen para su celebraci\u00f3n, siendo el ICOM (Consejo Internacional de Museos), quien fomenta dicha pr\u00e1ctica desde entonces.<\/p>\n\n\n\n<p>En Salta participar\u00e1n Museos de toda la Provincia de distinta dependencia: Nacional, Provincial, Municipal, Institucional, Mixtos y Privados, que se suman para ofrecer una variada oferta de actividades, con el acompa\u00f1amiento de Galer\u00edas Comerciales y de Arte.<br><br>Adem\u00e1s de la ciudad capital, tendr\u00e1n destacada participaci\u00f3n las localidades de Tastil, Cachi, Cafayate, Campamento Vespucio, Rosario de la Frontera, Coronel Moldes, El Carril, Vaqueros, Iruya, San Carlos, Rosario de Lerma y Campo Santo.<\/p>\n\n\n\n<p>Para m\u00e1s informaci\u00f3n:<\/p>\n\n\n\n<p>https:\/\/www.facebook.com\/events\/2046241795474452\/&nbsp; &nbsp;(Evento Dia Internacional de los Museos)<\/p>\n\n\n\n<p>https:\/\/www.instagram.com\/museosalta\/?hl=es-la\u00a0 (instagram)<\/p>\n\n\n\n<figure class=\"wp-block-image\"><img loading=\"lazy\" decoding=\"async\" width=\"760\" height=\"100\" src=\"http:\/\/nubesmgzdigital.com.ar\/wp-content\/uploads\/2019\/04\/20190415_012245_0000.png\" alt=\"\" class=\"wp-image-936\" srcset=\"https:\/\/nubesmgzdigital.com.ar\/wp-content\/uploads\/2019\/04\/20190415_012245_0000.png 760w, https:\/\/nubesmgzdigital.com.ar\/wp-content\/uploads\/2019\/04\/20190415_012245_0000-300x39.png 300w, https:\/\/nubesmgzdigital.com.ar\/wp-content\/uploads\/2019\/04\/20190415_012245_0000-696x92.png 696w\" sizes=\"auto, (max-width: 760px) 100vw, 760px\" \/><\/figure>\n\n\n\n<p><\/p>\n","protected":false},"excerpt":{"rendered":"<p>Por decimosegundo a\u00f1o consecutivo Salta celebrar\u00e1 el D\u00eda Internacional de los Museos, ma\u00f1ana s\u00e1bado 18 y el domingo 19, de 11 a 21 hs, con entrada libre y gratuita a museos de toda la provincia. El Gobierno de la Provincia de Salta, a trav\u00e9s del Ministerio de Cultura, Turismo y Deportes,&nbsp; invita a participar en [&hellip;]<\/p>\n","protected":false},"author":2,"featured_media":1118,"comment_status":"open","ping_status":"open","sticky":false,"template":"","format":"standard","meta":{"footnotes":""},"categories":[111],"tags":[],"class_list":["post-1117","post","type-post","status-publish","format-standard","has-post-thumbnail","hentry","category-nacional"],"post_mailing_queue_ids":[],"_links":{"self":[{"href":"https:\/\/nubesmgzdigital.com.ar\/index.php\/wp-json\/wp\/v2\/posts\/1117","targetHints":{"allow":["GET"]}}],"collection":[{"href":"https:\/\/nubesmgzdigital.com.ar\/index.php\/wp-json\/wp\/v2\/posts"}],"about":[{"href":"https:\/\/nubesmgzdigital.com.ar\/index.php\/wp-json\/wp\/v2\/types\/post"}],"author":[{"embeddable":true,"href":"https:\/\/nubesmgzdigital.com.ar\/index.php\/wp-json\/wp\/v2\/users\/2"}],"replies":[{"embeddable":true,"href":"https:\/\/nubesmgzdigital.com.ar\/index.php\/wp-json\/wp\/v2\/comments?post=1117"}],"version-history":[{"count":1,"href":"https:\/\/nubesmgzdigital.com.ar\/index.php\/wp-json\/wp\/v2\/posts\/1117\/revisions"}],"predecessor-version":[{"id":1119,"href":"https:\/\/nubesmgzdigital.com.ar\/index.php\/wp-json\/wp\/v2\/posts\/1117\/revisions\/1119"}],"wp:featuredmedia":[{"embeddable":true,"href":"https:\/\/nubesmgzdigital.com.ar\/index.php\/wp-json\/wp\/v2\/media\/1118"}],"wp:attachment":[{"href":"https:\/\/nubesmgzdigital.com.ar\/index.php\/wp-json\/wp\/v2\/media?parent=1117"}],"wp:term":[{"taxonomy":"category","embeddable":true,"href":"https:\/\/nubesmgzdigital.com.ar\/index.php\/wp-json\/wp\/v2\/categories?post=1117"},{"taxonomy":"post_tag","embeddable":true,"href":"https:\/\/nubesmgzdigital.com.ar\/index.php\/wp-json\/wp\/v2\/tags?post=1117"}],"curies":[{"name":"wp","href":"https:\/\/api.w.org\/{rel}","templated":true}]}}