{"id":1120,"date":"2019-05-16T23:48:45","date_gmt":"2019-05-17T02:48:45","guid":{"rendered":"http:\/\/nubesmgzdigital.com.ar\/?p=1120"},"modified":"2019-05-17T00:01:34","modified_gmt":"2019-05-17T03:01:34","slug":"dictaran-un-taller-de-cine-sordo","status":"publish","type":"post","link":"https:\/\/nubesmgzdigital.com.ar\/index.php\/2019\/05\/16\/dictaran-un-taller-de-cine-sordo\/","title":{"rendered":"Dictar\u00e1n un Taller de Cine Sordo"},"content":{"rendered":"\n<p class=\"texto-descripciones2 texto-col-222 justificado\">Organizado Conjuntamente por las Secretar\u00edas de Cultura de Salta y Jujuy y Extensi\u00f3n Acad\u00e9mica de la ENERC, se realizar\u00e1 en ambas provincias el taller audiovisual de Cine Sordo a cargo del cineasta Federico Sykes.<\/p>\n<div class=\"clearfloat10\"><span style=\"font-size: inherit; line-height: 1.8;\">La gesti\u00f3n de la Direcci\u00f3n de Audiovisuales de la Secretar\u00eda de Cultura de la Provincia hizo posible la realizaci\u00f3n del Taller de Cine Sordo, ma\u00f1ana s\u00e1bado 18, de 8 a 14 hs, en la Universidad Provincial de Administraci\u00f3n P\u00fablica de Salta, Balcarce 30, 1\u00b0 Piso. Ser\u00e1 con entrada gratuita y cupos limitados (hasta agotar la capacidad de la sala, 70 lugares).<\/span><\/div>\n<div class=\"box-dynamic-content\">\n<p>Esta capacitaci\u00f3n reviste gran importancia social dado que funcionar\u00e1 como instrumento para dar a conocer la cultura sorda, que posee una amplia comunidad en el territorio nacional, a trav\u00e9s de realizaciones audiovisuales que se trabajan como ejemplo de las posibilidades que tiene esta comunidad dentro del medio audiovisual.<\/p>\n<p>El evento tambi\u00e9n est\u00e1 orientado a la inclusi\u00f3n de personas con discapacidad al nuevo medio. Si bien se centrar\u00e1 en la muestra de proyectos realizados por personas sordas, tambi\u00e9n contar\u00e1 con un segmento donde se informe sobre los nuevos proyectos de accesibilidad para personas con diferentes discapacidades. El planteamiento de la accesibilidad recorrer\u00e1 todo el taller propuesto.<\/p>\n<p>Federico Sykes es productor y realizador y una de las pocas personas sordas formadas en el campo audiovisual en el pa\u00eds. Es el creador del Festival Internacional de Cine Sordo en Argentina.<\/p>\n<\/div>\n\n\n\n<figure class=\"wp-block-image\"><img loading=\"lazy\" decoding=\"async\" width=\"760\" height=\"100\" src=\"http:\/\/nubesmgzdigital.com.ar\/wp-content\/uploads\/2019\/04\/20190415_012245_0000.png\" alt=\"\" class=\"wp-image-936\" srcset=\"https:\/\/nubesmgzdigital.com.ar\/wp-content\/uploads\/2019\/04\/20190415_012245_0000.png 760w, https:\/\/nubesmgzdigital.com.ar\/wp-content\/uploads\/2019\/04\/20190415_012245_0000-300x39.png 300w, https:\/\/nubesmgzdigital.com.ar\/wp-content\/uploads\/2019\/04\/20190415_012245_0000-696x92.png 696w\" sizes=\"auto, (max-width: 760px) 100vw, 760px\" \/><\/figure>\n","protected":false},"excerpt":{"rendered":"<p>Organizado Conjuntamente por las Secretar\u00edas de Cultura de Salta y Jujuy y Extensi\u00f3n Acad\u00e9mica de la ENERC, se realizar\u00e1 en ambas provincias el taller audiovisual de Cine Sordo a cargo del cineasta Federico Sykes. La gesti\u00f3n de la Direcci\u00f3n de Audiovisuales de la Secretar\u00eda de Cultura de la Provincia hizo posible la realizaci\u00f3n del Taller [&hellip;]<\/p>\n","protected":false},"author":2,"featured_media":1121,"comment_status":"open","ping_status":"open","sticky":false,"template":"","format":"standard","meta":{"footnotes":""},"categories":[110],"tags":[],"class_list":["post-1120","post","type-post","status-publish","format-standard","has-post-thumbnail","hentry","category-regional"],"post_mailing_queue_ids":[],"_links":{"self":[{"href":"https:\/\/nubesmgzdigital.com.ar\/index.php\/wp-json\/wp\/v2\/posts\/1120","targetHints":{"allow":["GET"]}}],"collection":[{"href":"https:\/\/nubesmgzdigital.com.ar\/index.php\/wp-json\/wp\/v2\/posts"}],"about":[{"href":"https:\/\/nubesmgzdigital.com.ar\/index.php\/wp-json\/wp\/v2\/types\/post"}],"author":[{"embeddable":true,"href":"https:\/\/nubesmgzdigital.com.ar\/index.php\/wp-json\/wp\/v2\/users\/2"}],"replies":[{"embeddable":true,"href":"https:\/\/nubesmgzdigital.com.ar\/index.php\/wp-json\/wp\/v2\/comments?post=1120"}],"version-history":[{"count":1,"href":"https:\/\/nubesmgzdigital.com.ar\/index.php\/wp-json\/wp\/v2\/posts\/1120\/revisions"}],"predecessor-version":[{"id":1122,"href":"https:\/\/nubesmgzdigital.com.ar\/index.php\/wp-json\/wp\/v2\/posts\/1120\/revisions\/1122"}],"wp:featuredmedia":[{"embeddable":true,"href":"https:\/\/nubesmgzdigital.com.ar\/index.php\/wp-json\/wp\/v2\/media\/1121"}],"wp:attachment":[{"href":"https:\/\/nubesmgzdigital.com.ar\/index.php\/wp-json\/wp\/v2\/media?parent=1120"}],"wp:term":[{"taxonomy":"category","embeddable":true,"href":"https:\/\/nubesmgzdigital.com.ar\/index.php\/wp-json\/wp\/v2\/categories?post=1120"},{"taxonomy":"post_tag","embeddable":true,"href":"https:\/\/nubesmgzdigital.com.ar\/index.php\/wp-json\/wp\/v2\/tags?post=1120"}],"curies":[{"name":"wp","href":"https:\/\/api.w.org\/{rel}","templated":true}]}}