{"id":11261,"date":"2022-08-17T11:01:58","date_gmt":"2022-08-17T14:01:58","guid":{"rendered":"https:\/\/nubesmgzdigital.com.ar\/?p=11261"},"modified":"2022-08-17T11:03:25","modified_gmt":"2022-08-17T14:03:25","slug":"paso-de-la-patria-colmada-de-turistas-por-la-57-fiesta-nacional-de-la-pesca-del-dorado","status":"publish","type":"post","link":"https:\/\/nubesmgzdigital.com.ar\/index.php\/2022\/08\/17\/paso-de-la-patria-colmada-de-turistas-por-la-57-fiesta-nacional-de-la-pesca-del-dorado\/","title":{"rendered":"Paso de la Patria, colmada de turistas por la 57\u00b0 Fiesta Nacional de la Pesca del Dorado"},"content":{"rendered":"\n<h3 class=\"has-text-color wp-block-heading\" style=\"color:#805f03\">La fiesta en la localidad ubicada a la vera del r\u00edo Paran\u00e1 se extender\u00e1 con multiplicidad de actividades hasta el domingo 14 y regresa con gran impulso tras dos a\u00f1os de interrupci\u00f3n por la pandemia.<\/h3>\n\n\n\n<p>Miles de turistas llegaron a la localidad correntina de Paso de Patria para participar de la 57\u00b0 Fiesta Nacional de la Pesca del Dorado, que se inicia con alojamiento colmado en la villa tur\u00edstica, donde se confirm\u00f3 la participaci\u00f3n de m\u00e1s de 500 competidores en el tradicional torneo de pesca con devoluci\u00f3n.<\/p>\n\n\n\n<p>El intendente de Paso de la Patria, Guillermo Osnaghi, confirm\u00f3 a T\u00e9lam que la ocupaci\u00f3n hotelera estaba al 100 por ciento y destac\u00f3 que \u201chabr\u00e1 un excelente clima, a pleno sol para disfrutar del evento deportivo, las playas y tambi\u00e9n de la exposici\u00f3n, actividades recreativas y los espect\u00e1culos\u201d.<\/p>\n\n\n\n<p>La fiesta en la localidad ubicada a la vera del r\u00edo Paran\u00e1, se extender\u00e1 con multiplicidad de actividades hasta el domingo 14 y regresa con gran impulso tras dos a\u00f1os de interrupci\u00f3n por la pandemia de Covid-19.<\/p>\n\n\n\n<p><strong>\u201cYa lleg\u00f3 much\u00edsima gente y no hay m\u00e1s alojamiento\u201d<\/strong>, dijo el jefe comunal sobre la competencia embarcada, y precis\u00f3 que en esta edici\u00f3n habr\u00e1 premios por m\u00e1s de un mill\u00f3n de pesos y sorteo de embarcaciones entre los participantes por un valor superior a los 10 millones de pesos.<\/p>\n\n\n\n<p>Los visitantes podr\u00e1n disfrutar adem\u00e1s de espect\u00e1culos art\u00edsticos con la presencia de destacados artistas y la \u201cExpo Dorado\u201d, una exposici\u00f3n comercial, industrial y artesanal, inform\u00f3 la comuna.<\/p>\n\n\n\n<p><strong>\u201cLa fiesta comienza esta noche del viernes y se contar\u00e1 con la actuaci\u00f3n de Lucas Sugo, entre otros artistas\u201d<\/strong>, anunci\u00f3 Osnaghi, e invit\u00f3 \u201ca las familias, porque las playas est\u00e1n hermosas, la Expo Dorado es muy grande y expone el trabajo de emprendedores y artesanos locales y hay juegos y recreaci\u00f3n y una pe\u00f1a gratuita\u201d.<\/p>\n\n\n\n<p><a href=\"https:\/\/www.instagram.com\/reel\/Cg5Y3_2JE3H\/?utm_source=ig_embed&amp;ig_rid=c4cc982f-c235-48ea-96f5-b7437ba9bab3\" target=\"_blank\" rel=\"noreferrer noopener\">Fiesta Nacional de la Pesca del Dorado en Instagram: \u201cYa falta poco y el dorado se deja ver a lo grande por todos los pescadores en la previa a la 57\u00b0 Edici\u00f3n de la Fiesta Nacional del Dorado \ud83c\udfa3\u2026\u201d<\/a><\/p>\n\n\n\n<p>Por otra parte, subray\u00f3 que la competencia de pesca que se realiza en aguas del r\u00edo Paran\u00e1 \u201ces con devoluci\u00f3n hace muchos a\u00f1os, para cuidar los recursos\u201d.<\/p>\n\n\n\n<p>El intendente de Paso de la Patria detall\u00f3 tambi\u00e9n que los mejores clasificados se llevar\u00e1n la copa de cristal y equipamiento de pesca, \u201cpremios que superan el mill\u00f3n de pesos&#8221;, y ser\u00e1n para quienes logren \u201cla pieza mayor, la mayor cantidad de piezas y para la dama mejor clasificada y el for\u00e1neo mejor clasificado\u201d.<\/p>\n\n\n\n<p>Osnaghi agreg\u00f3 que se sortear\u00e1n lanchas y embarcaciones entre los pescadores inscriptos y entre los gu\u00edas y que el monto de esa inversi\u00f3n supera los 10 millones de pesos.<\/p>\n\n\n\n<p><strong>\u201cEsta gran fiesta moviliza el turismo, quedan recursos en Paso de la Patria para la gente y eso es muy importante\u201d<\/strong>, expres\u00f3 el Intendente en declaraciones a T\u00e9lam en relaci\u00f3n a la cantidad de visitantes que ingresaban a la localidad.<\/p>\n\n\n\n<p>La Pesca del Dorado es la competencia m\u00e1s antigua e importante de la actividad en Argentina, se inici\u00f3 en 1963 y logr\u00f3 trascendencia internacional, ya que atrae competidores de Brasil, Paraguay y Uruguay, destac\u00f3 la Municipalidad e inform\u00f3 que durante el evento \u201crecibe un promedio de 80 mil visitantes y 500 embarcaciones por d\u00eda\u201d.<\/p>\n\n\n\n<p>En tanto, fuentes municipales informaron a T\u00e9lam que la inscripci\u00f3n de pescadores para la competencia se extiende hasta las 20 y ya superan los 500 participantes anotados, en m\u00e1s de 140 embarcaciones.<\/p>\n\n\n\n<p>El torneo embarcado se realizar\u00e1 el s\u00e1bado 13 de agosto, de 9 a 14 y el punto de partida es la playa \u201cBah\u00eda Punta Mitre\u201d y el domingo 14, tendr\u00e1 lugar el tradicional almuerzo de los pescadores en el Complejo Polideportivo Municipal.<\/p>\n\n\n\n<p>En este marco, durante los tres d\u00edas que dura la actividad, en el Anfiteatro \u201cPin\u00edn Palma\u201d la \u201cExpo Dorado\u201d y recitales conjuntos de chamam\u00e9 y danzas folkl\u00f3ricas y se elegir\u00e1 la Reina Nacional del Dorado.<\/p>\n\n\n\n<p>Se anunci\u00f3 la presentaci\u00f3n de Lucas Sugo, Angela Leiva, Los Totoras, Mario Luis, Leo Acu\u00f1a La Pilarcita, Samba Pra Valer, Suena Re-play, Los vecinos, Porto Carioca, Cumulus, Los continuados, Alfredo Monz\u00f3n, Ra\u00edces Correntinas y Viento Norte, entre otros, con entradas generales de 2.000 pesos y las anticipadas VIP de 3500 pesos por noche.<\/p>\n\n\n\n<p>La 57\u00b0 Fiesta Nacional de la Pesca del Dorado comienza en la villa tur\u00edstica de Paso de la Patria, distante a 40 kil\u00f3metros de la Capital de Corrientes y se extiende hasta el domingo 14 y culminar\u00e1 con la entrega de premios en la cena show en el polideportivo municipal.<\/p>\n\n\n\n<figure class=\"wp-block-image size-full\"><a href=\"https:\/\/www.telam.com.ar\/notas\/202208\/601516-paso-de-la-patria-fiesta-pesca-corrientes.html\" target=\"_blank\" rel=\"noreferrer noopener\"><img loading=\"lazy\" decoding=\"async\" width=\"964\" height=\"96\" src=\"https:\/\/nubesmgzdigital.com.ar\/wp-content\/uploads\/2022\/05\/Captura-web_6-4-2022_125922_www.telam_.com_.ar_.jpeg\" alt=\"\" class=\"wp-image-10193\" srcset=\"https:\/\/nubesmgzdigital.com.ar\/wp-content\/uploads\/2022\/05\/Captura-web_6-4-2022_125922_www.telam_.com_.ar_.jpeg 964w, https:\/\/nubesmgzdigital.com.ar\/wp-content\/uploads\/2022\/05\/Captura-web_6-4-2022_125922_www.telam_.com_.ar_-300x30.jpeg 300w, https:\/\/nubesmgzdigital.com.ar\/wp-content\/uploads\/2022\/05\/Captura-web_6-4-2022_125922_www.telam_.com_.ar_-768x76.jpeg 768w, https:\/\/nubesmgzdigital.com.ar\/wp-content\/uploads\/2022\/05\/Captura-web_6-4-2022_125922_www.telam_.com_.ar_-696x69.jpeg 696w\" sizes=\"auto, (max-width: 964px) 100vw, 964px\" \/><\/a><\/figure>\n","protected":false},"excerpt":{"rendered":"<p>La fiesta en la localidad ubicada a la vera del r\u00edo Paran\u00e1 se extender\u00e1 con multiplicidad de actividades hasta el domingo 14 y regresa con gran impulso tras dos a\u00f1os de interrupci\u00f3n por la pandemia. Miles de turistas llegaron a la localidad correntina de Paso de Patria para participar de la 57\u00b0 Fiesta Nacional de [&hellip;]<\/p>\n","protected":false},"author":2,"featured_media":11262,"comment_status":"open","ping_status":"open","sticky":false,"template":"","format":"standard","meta":{"footnotes":""},"categories":[114,135],"tags":[],"class_list":["post-11261","post","type-post","status-publish","format-standard","has-post-thumbnail","hentry","category-turismo-destinos","category-region-pampeana"],"post_mailing_queue_ids":[],"_links":{"self":[{"href":"https:\/\/nubesmgzdigital.com.ar\/index.php\/wp-json\/wp\/v2\/posts\/11261","targetHints":{"allow":["GET"]}}],"collection":[{"href":"https:\/\/nubesmgzdigital.com.ar\/index.php\/wp-json\/wp\/v2\/posts"}],"about":[{"href":"https:\/\/nubesmgzdigital.com.ar\/index.php\/wp-json\/wp\/v2\/types\/post"}],"author":[{"embeddable":true,"href":"https:\/\/nubesmgzdigital.com.ar\/index.php\/wp-json\/wp\/v2\/users\/2"}],"replies":[{"embeddable":true,"href":"https:\/\/nubesmgzdigital.com.ar\/index.php\/wp-json\/wp\/v2\/comments?post=11261"}],"version-history":[{"count":2,"href":"https:\/\/nubesmgzdigital.com.ar\/index.php\/wp-json\/wp\/v2\/posts\/11261\/revisions"}],"predecessor-version":[{"id":11264,"href":"https:\/\/nubesmgzdigital.com.ar\/index.php\/wp-json\/wp\/v2\/posts\/11261\/revisions\/11264"}],"wp:featuredmedia":[{"embeddable":true,"href":"https:\/\/nubesmgzdigital.com.ar\/index.php\/wp-json\/wp\/v2\/media\/11262"}],"wp:attachment":[{"href":"https:\/\/nubesmgzdigital.com.ar\/index.php\/wp-json\/wp\/v2\/media?parent=11261"}],"wp:term":[{"taxonomy":"category","embeddable":true,"href":"https:\/\/nubesmgzdigital.com.ar\/index.php\/wp-json\/wp\/v2\/categories?post=11261"},{"taxonomy":"post_tag","embeddable":true,"href":"https:\/\/nubesmgzdigital.com.ar\/index.php\/wp-json\/wp\/v2\/tags?post=11261"}],"curies":[{"name":"wp","href":"https:\/\/api.w.org\/{rel}","templated":true}]}}