{"id":11265,"date":"2022-08-17T11:20:07","date_gmt":"2022-08-17T14:20:07","guid":{"rendered":"https:\/\/nubesmgzdigital.com.ar\/?p=11265"},"modified":"2022-08-17T11:20:09","modified_gmt":"2022-08-17T14:20:09","slug":"el-turismo-esta-en-un-momento-de-crecimiento-exponencial","status":"publish","type":"post","link":"https:\/\/nubesmgzdigital.com.ar\/index.php\/2022\/08\/17\/el-turismo-esta-en-un-momento-de-crecimiento-exponencial\/","title":{"rendered":"&#8220;El turismo est\u00e1 en un momento de crecimiento exponencial&#8221;"},"content":{"rendered":"\n<h4 class=\"has-text-color wp-block-heading\" style=\"color:#846205\">La responsable de Promoci\u00f3n Tur\u00edstica indic\u00f3 que la tercera edici\u00f3n del PreViaje se presentar\u00e1 en los pr\u00f3ximos d\u00edas y consider\u00f3 que el turismo puede ser &#8220;uno de los motores de recuperaci\u00f3n de la econom\u00eda en general\u201d.<\/h4>\n\n\n\n<p>La&nbsp;<strong>secretaria de Promoci\u00f3n Tur\u00edstica del Ministerio de Turismo y Deportes, Yanina Mart\u00ednez<\/strong>, destac\u00f3 que la actividad se encuentra&nbsp;<strong>&#8220;en un momento de crecimiento exponencial\u201d<\/strong>, que ubica a quienes tienen responsabilidades en el sector a pensar en c\u00f3mo lograr \u201cque los beneficios lleguen a la mayor cantidad de personas\u201d.<\/p>\n\n\n\n<p>\u201cSon&nbsp;<strong>n\u00fameros que a nosotros nos siguen sorprendiendo<\/strong>. Venimos hace un tiempo en un proceso donde el turismo est\u00e1 en marcha y lo que se visibiliza es que&nbsp;<strong>est\u00e1 en un momento de crecimiento exponencial<\/strong>, entonces, hay que lograr que ese crecimiento que se viene dando sea acorde a las situaciones que se plantean en toda la comunidad de la actividad\u201d, expres\u00f3 este martes en declaraciones a T\u00e9lam Radio.<\/p>\n\n\n\n<figure class=\"wp-block-embed is-type-rich is-provider-soundcloud wp-block-embed-soundcloud\"><div class=\"wp-block-embed__wrapper\">\n<iframe loading=\"lazy\" title=\"Yanina Mart\u00ednez: El turismo en \u201ccrecimiento exponencial\u201d y el \u201cgran desaf\u00edo\u201d que qued\u00f3 planteado by Audio\" width=\"640\" height=\"400\" scrolling=\"no\" frameborder=\"no\" src=\"https:\/\/w.soundcloud.com\/player\/?visual=true&#038;url=https%3A%2F%2Fapi.soundcloud.com%2Ftracks%2F1325170672&#038;show_artwork=true&#038;maxheight=960&#038;maxwidth=640\"><\/iframe>\n<\/div><\/figure>\n\n\n\n<p>La secretaria afirm\u00f3 que&nbsp;<strong>\u201cel sector privado viene trabajando muy bien\u201d<\/strong>&nbsp;mientras que \u201cel sector p\u00fablico sin dudas est\u00e1 contento con este gran desaf\u00edo que ha juntado a todas las provincias a trabajar por la recuperaci\u00f3n de la actividad\u201d.<\/p>\n\n\n\n<p>\u201cLo que queda de ac\u00e1 en adelante es ver&nbsp;<strong>qu\u00e9 clase de turismo es el que queremos<\/strong>, c\u00f3mo logramos que los beneficios de la actividad tur\u00edstica lleguen a la mayor cantidad de personas\u201d, remarc\u00f3.<\/p>\n\n\n\n<p>Mart\u00ednez sostuvo que la coyuntura tur\u00edstica lleva a observar que \u201cel desaf\u00edo es enorme\u201d, y dijo que \u201chay que hacer mucha sinton\u00eda fina para lograr que el turismo sea justamente uno de los motores de recuperaci\u00f3n de la econom\u00eda en general\u201d.<\/p>\n\n\n\n<p>\u201c<strong>La actividad de promoci\u00f3n ha sido muy exitosa<\/strong>&nbsp;porque la recuperaci\u00f3n ha sido en todos los puntos del pa\u00eds, los destinos tanto consolidados como los emergentes han tenido su auge y m\u00e1s en los fines de semana largos como el pasado\u201d, indic\u00f3.<\/p>\n\n\n\n<figure class=\"wp-block-image size-large\"><img decoding=\"async\" src=\"https:\/\/www.telam.com.ar\/thumbs\/bluesteel\/advf\/imagenes\/2020\/12\/5fe3831dae5f4_900.jpg\" alt=\"\"\/><figcaption>\u201cHay que hacer mucha sinton\u00eda fina para lograr que el turismo sea justamente uno de los motores de recuperaci\u00f3n de la econom\u00eda en general\u201d.<\/figcaption><\/figure>\n\n\n\n<p>Tambi\u00e9n, la funcionaria del equipo del ministro Mat\u00edas Lammens destac\u00f3 el rol del Consejo Federal de Turismo, donde convergen las principales expresiones del sector en los niveles nacional, provincial y el sector privado.<\/p>\n\n\n\n<p>\u201cEn el Consejo Federal trabajamos para que el efecto beneficioso de la actividad pueda derramarse en la mayor cantidad de lugares tur\u00edsticos y de personas, tanto de los que disfrutan la actividad como los que viven de la misma\u201d, subray\u00f3.<\/p>\n\n\n\n<p>Asever\u00f3 que \u201cla gente est\u00e1 apostando al turismo\u201d y a\u00f1adi\u00f3 que \u201cse ve al turismo como una inversi\u00f3n al alma, como una inversi\u00f3n a sentirse mejor\u201d.<\/p>\n\n\n\n<figure class=\"wp-block-image size-large\"><img decoding=\"async\" src=\"https:\/\/www.telam.com.ar\/thumbs\/bluesteel\/advf\/imagenes\/2022\/07\/62cca3cc8de46_900.jpg\" alt=\"\"\/><figcaption>\u201cSe ve al turismo como una inversi\u00f3n al alma, como una inversi\u00f3n a sentirse mejor\u201d<\/figcaption><\/figure>\n\n\n\n<p>Respecto de\u00a0<strong>la tercera edici\u00f3n del PreViaje, que se presentar\u00e1 oficialmente en pr\u00f3ximos d\u00edas<\/strong>, la secretaria se\u00f1al\u00f3 que tendr\u00e1 las mismas caracter\u00edsticas que en las ocasiones anteriores, aunque contar\u00e1 con \u201cuna promoci\u00f3n muy selecta para que la gente elija otros lugares diferentes a los que ya se conocen\u201d.<\/p>\n\n\n\n<figure class=\"wp-block-image size-full\"><a href=\"https:\/\/www.telam.com.ar\/notas\/202208\/601827-turismo-crecimiento-exponencial.html\" target=\"_blank\" rel=\"noreferrer noopener\"><img loading=\"lazy\" decoding=\"async\" width=\"964\" height=\"96\" src=\"https:\/\/nubesmgzdigital.com.ar\/wp-content\/uploads\/2022\/05\/Captura-web_6-4-2022_125922_www.telam_.com_.ar_.jpeg\" alt=\"\" class=\"wp-image-10193\" srcset=\"https:\/\/nubesmgzdigital.com.ar\/wp-content\/uploads\/2022\/05\/Captura-web_6-4-2022_125922_www.telam_.com_.ar_.jpeg 964w, https:\/\/nubesmgzdigital.com.ar\/wp-content\/uploads\/2022\/05\/Captura-web_6-4-2022_125922_www.telam_.com_.ar_-300x30.jpeg 300w, https:\/\/nubesmgzdigital.com.ar\/wp-content\/uploads\/2022\/05\/Captura-web_6-4-2022_125922_www.telam_.com_.ar_-768x76.jpeg 768w, https:\/\/nubesmgzdigital.com.ar\/wp-content\/uploads\/2022\/05\/Captura-web_6-4-2022_125922_www.telam_.com_.ar_-696x69.jpeg 696w\" sizes=\"auto, (max-width: 964px) 100vw, 964px\" \/><\/a><\/figure>\n","protected":false},"excerpt":{"rendered":"<p>La responsable de Promoci\u00f3n Tur\u00edstica indic\u00f3 que la tercera edici\u00f3n del PreViaje se presentar\u00e1 en los pr\u00f3ximos d\u00edas y consider\u00f3 que el turismo puede ser &#8220;uno de los motores de recuperaci\u00f3n de la econom\u00eda en general\u201d. La&nbsp;secretaria de Promoci\u00f3n Tur\u00edstica del Ministerio de Turismo y Deportes, Yanina Mart\u00ednez, destac\u00f3 que la actividad se encuentra&nbsp;&#8220;en un [&hellip;]<\/p>\n","protected":false},"author":2,"featured_media":11266,"comment_status":"open","ping_status":"open","sticky":false,"template":"","format":"standard","meta":{"footnotes":""},"categories":[111],"tags":[],"class_list":["post-11265","post","type-post","status-publish","format-standard","has-post-thumbnail","hentry","category-nacional"],"post_mailing_queue_ids":[],"_links":{"self":[{"href":"https:\/\/nubesmgzdigital.com.ar\/index.php\/wp-json\/wp\/v2\/posts\/11265","targetHints":{"allow":["GET"]}}],"collection":[{"href":"https:\/\/nubesmgzdigital.com.ar\/index.php\/wp-json\/wp\/v2\/posts"}],"about":[{"href":"https:\/\/nubesmgzdigital.com.ar\/index.php\/wp-json\/wp\/v2\/types\/post"}],"author":[{"embeddable":true,"href":"https:\/\/nubesmgzdigital.com.ar\/index.php\/wp-json\/wp\/v2\/users\/2"}],"replies":[{"embeddable":true,"href":"https:\/\/nubesmgzdigital.com.ar\/index.php\/wp-json\/wp\/v2\/comments?post=11265"}],"version-history":[{"count":1,"href":"https:\/\/nubesmgzdigital.com.ar\/index.php\/wp-json\/wp\/v2\/posts\/11265\/revisions"}],"predecessor-version":[{"id":11267,"href":"https:\/\/nubesmgzdigital.com.ar\/index.php\/wp-json\/wp\/v2\/posts\/11265\/revisions\/11267"}],"wp:featuredmedia":[{"embeddable":true,"href":"https:\/\/nubesmgzdigital.com.ar\/index.php\/wp-json\/wp\/v2\/media\/11266"}],"wp:attachment":[{"href":"https:\/\/nubesmgzdigital.com.ar\/index.php\/wp-json\/wp\/v2\/media?parent=11265"}],"wp:term":[{"taxonomy":"category","embeddable":true,"href":"https:\/\/nubesmgzdigital.com.ar\/index.php\/wp-json\/wp\/v2\/categories?post=11265"},{"taxonomy":"post_tag","embeddable":true,"href":"https:\/\/nubesmgzdigital.com.ar\/index.php\/wp-json\/wp\/v2\/tags?post=11265"}],"curies":[{"name":"wp","href":"https:\/\/api.w.org\/{rel}","templated":true}]}}