{"id":11524,"date":"2022-09-15T11:55:55","date_gmt":"2022-09-15T14:55:55","guid":{"rendered":"https:\/\/nubesmgzdigital.com.ar\/?p=11524"},"modified":"2022-09-15T12:29:37","modified_gmt":"2022-09-15T15:29:37","slug":"innovacion-sostenibilidad-y-creatividad-conferencia-mundial-de-la-omt-sobre-turismo-enologico-2022","status":"publish","type":"post","link":"https:\/\/nubesmgzdigital.com.ar\/index.php\/2022\/09\/15\/innovacion-sostenibilidad-y-creatividad-conferencia-mundial-de-la-omt-sobre-turismo-enologico-2022\/","title":{"rendered":"INNOVACI\u00d3N, SOSTENIBILIDAD Y CREATIVIDAD: CONFERENCIA MUNDIAL DE LA OMT SOBRE TURISMO ENOL\u00d3GICO, 2022"},"content":{"rendered":"\n<h3 class=\"has-white-color has-text-color has-background wp-block-heading\" style=\"background-color:#503c05\"><em>La OMT y el Gobierno de Italia celebrar\u00e1n la sexta Conferencia Mundial sobre Turismo Enol\u00f3gico.<\/em><\/h3>\n\n\n\n<p>Bajo el lema&nbsp;<strong>&#8220;\u00bfQu\u00e9 es lo siguiente? El enoturismo marida con la innovaci\u00f3n&#8221;<\/strong>&nbsp;y aprovechando el \u00e9xito de las cinco ediciones anteriores,&nbsp;<strong>del 19 al 21 de septiembre de 2022&nbsp;<\/strong>se celebrar\u00e1 la sexta edici\u00f3n de la Conferencia en<strong>&nbsp;Alba, en la regi\u00f3n de Piamonte<\/strong>, el coraz\u00f3n del &#8220;Paisaje vit\u00edcola del Piamonte: Langhe-Roero y Monferrato\u201d, reconocido por la UNESCO como Patrimonio de la Humanidad.<\/p>\n\n\n\n<p>Con m\u00e1s de 30 ponentes internacionales, la Conferencia se centrar\u00e1 en el papel de la innovaci\u00f3n en el futuro del enoturismo, en c\u00f3mo puede el enoturismo ser m\u00e1s sostenible y en cu\u00e1les son las oportunidades de lo digital y lo social para mejorar la cadena de valor del enoturismo y crear beneficios locales.<\/p>\n\n\n\n<p>El secretario general de la OMT, Zurab Pololikashvili, afirma: &#8220;Ahora que la recuperaci\u00f3n del sector avanza, conf\u00edo en que la Conferencia representar\u00e1 una oportunidad \u00fanica para aprender de las experiencias de estos tiempos dif\u00edciles para garantizar un sector enotur\u00edstico exitoso y resiliente en el futuro&#8221;.<\/p>\n\n\n\n<p>Massimo Garavaglia, ministro italiano de Turismo: &#8220;El enoturismo es mucho m\u00e1s que la venta de vino, que evidentemente es importante.&nbsp; Cuando se vende una botella de vino, se est\u00e1 vendiendo el territorio que hay detr\u00e1s de esa botella, la cultura de ese territorio, la historia de las personas que dise\u00f1aron esos paisajes con las hileras de vides&#8221;.<\/p>\n\n\n\n<p><strong><em><span style=\"color:#00d084\" class=\"tadv-color\">Ahora que la recuperaci\u00f3n del sector avanza, conf\u00edo en que la Conferencia representar\u00e1 una oportunidad \u00fanica para aprender de las experiencias de estos tiempos dif\u00edciles para garantizar un sector enotur\u00edstico exitoso y resiliente en el futuro<\/span><\/em><\/strong><\/p>\n\n\n\n<p>&#8220;El turismo relacionado con el vino tiene un componente de sostenibilidad medioambiental. Forma parte del turismo lento, en parte diferente del turismo tradicional. Y no es casualidad que el 90% de los turistas tengan una experiencia de gastronom\u00eda y vino durante su visita&#8221;.<\/p>\n\n\n\n<p>&#8220;Por estas razones, la Conferencia de Alba de la OMT es sin duda un gran acontecimiento para la regi\u00f3n del Piamonte. Pero tambi\u00e9n lo es para todas las regiones italianas, porque supone un escaparate internacional para todo el territorio italiano&#8221;.<\/p>\n\n\n\n<p>&#8220;El vino es un motor de la imagen de Italia en todo el mundo, y una atracci\u00f3n tur\u00edstica cada vez m\u00e1s popular para los visitantes, gracias a c\u00f3mo se funde con la cultura, el arte y la historia caracter\u00edsticos de nuestro pa\u00eds. En las inciertas circunstancias actuales, es fundamental reforzar la capacidad del sector para seguir siendo competitivo, por lo que el evento de Alba ser\u00e1 una oportunidad crucial para que el mundo del vino reflexione sobre las perspectivas y los retos a los que se enfrentar\u00e1 el enoturismo&#8221;, ha declarado la directora general del ENIT, Roberta Garibaldi.<\/p>\n\n\n\n<p>La consejera de Turismo de la regi\u00f3n del Piamonte, Vittoria Poggio, ha declarado: &#8220;Nos sentimos honrados de acoger esta importante Conferencia, que ir\u00e1 precedida y acompa\u00f1ada de un rico programa de eventos relacionados con el vino en todo el Piamonte. Ser\u00e1 un momento perfecto para dar a conocer al mundo las excelencias del vino y del turismo de nuestra regi\u00f3n, y para debatir nuevos temas y oportunidades para el sector&#8221;.<\/p>\n\n\n\n<p>Mariano Rabino, presidente de la Oficina de Turismo Langhe Monferrato Roero, afirma: &#8220;Estamos orgullosos de que la regi\u00f3n de Langhe Monferrato Roero haya sido elegida para acoger la sexta Conferencia Mundial de la OMT sobre Enoturismo. Es la primera vez que esta Conferencia se celebra en Italia y cientos de delegados y representantes institucionales llegar\u00e1n a nuestra regi\u00f3n para asistir al evento. No s\u00f3lo tendr\u00e1n la oportunidad de debatir los principales temas del enoturismo, sino que tambi\u00e9n podr\u00e1n descubrir la belleza y la singularidad de nuestras colinas. Nuestra regi\u00f3n es pionera en el sector del enoturismo y una de las primeras de Italia y del mundo en interpretar las exigencias de un mercado tur\u00edstico en constante crecimiento. El reto actual es continuar por este camino, manteniendo la br\u00fajula orientada hacia un desarrollo que busque la innovaci\u00f3n, la diversificaci\u00f3n y la sostenibilidad ambiental, econ\u00f3mica y social&#8221;.<\/p>\n\n\n\n<p>A lo largo de los dos d\u00edas de esta edici\u00f3n, 300 profesionales del sector, destacados expertos y representantes institucionales se beneficiar\u00e1n de los debates en directo, las conferencias magistrales y los talleres que los experimentados ponentes traer\u00e1n a Alba.<\/p>\n\n\n\n<p>Entre ellos,&nbsp;<strong>David Furer<\/strong>, periodista especializado en vinos, Harpers, y director de los programas Wine Future y Green Wine Future;&nbsp;<strong>Carlo Petrini<\/strong>, fundador de Slow Food;&nbsp;<strong>Tanisha Townsend<\/strong>, jefa del \u00e1rea vin\u00edcol de Girl Meets Glass; la chef&nbsp;<strong>Pilar Rodr\u00edguez<\/strong>&nbsp;de Food &amp; Wine Studio y embajadora de Turismo Gastron\u00f3mico de la OMT;&nbsp;<strong>Mauro Agnoletti<\/strong>, C\u00e1tedra UNESCO, Instituto de Paisajes del Patrimonio Agr\u00edcola de la Universidad de Florencia,&nbsp;<strong>Marta Dom\u00e8nech Tomas<\/strong>, directora general de Turismo de Catalunya (Espa\u00f1a);&nbsp;<strong>Martin Hawke<\/strong>, jefe de Producto Global de WINERIST;&nbsp;<strong>Pamela Lanier<\/strong>, fundadora del Observatorio de Turismo Sostenible de Sonoma;&nbsp;<strong>Roberta Garibaldi<\/strong>, directora general de la Oficina Nacional de Turismo de Italia (ENIT);&nbsp;<strong>Niklas Ridoff<\/strong>, director general de WineTourism.com;&nbsp;<strong>David Mora<\/strong>, fundador de Wine Tourism School;&nbsp;<strong>Filippo Polidori<\/strong>, Food GURU y director general de Polidori and Partners;&nbsp;<strong>Jana Kreilein<\/strong>, fundadora de the.wine.girl;&nbsp;<strong>Julia Zuccardi<\/strong>&nbsp;de Bodegas Zuccardi;&nbsp;<strong>Sof\u00eda Ruiz Cavanagh<\/strong>, directora general de Wineobs;&nbsp;<strong>Martin Lhuillier<\/strong>, responsable de enoturismo de Atout France, la Oficina Nacional de Turismo de Francia;&nbsp;<strong>Luca Balbiano<\/strong>, presidente de la Asociaci\u00f3n de Vi\u00f1edos Urbanos de Italia;&nbsp;<strong>Ant\u00f3nio P\u00e9-Curto<\/strong>, director general y fundador de Alle Wine; y&nbsp;<strong>Santiago Vivanco<\/strong>, vicepresidente y director general de la Fundaci\u00f3n Vivanco.<\/p>\n\n\n\n<p>La Conferencia tambi\u00e9n incluye un&nbsp;<strong>Panel de Alto Nivel sobre el Futuro del Enoturismo<\/strong>, en el que debatir\u00e1n las pol\u00edticas necesarias para hacer avanzar el enoturismo la ministra de Turismo de&nbsp;<strong>Bulgaria<\/strong>, la ministra de Econom\u00eda y Desarrollo Sostenible de Georgia, la viceministra de Turismo de Grecia, el ministro de Turismo de Italia, el ministro de Cultura de Moldova, la secretaria de Estado de Turismo, Comercio y Servicios de&nbsp;<strong>Portugal<\/strong>, el ministro de Turismo, Correos, Cooperaci\u00f3n y Expo de&nbsp;<strong>San Marino<\/strong>&nbsp;y la ministra de Comercio, Turismo y Telecomunicaciones de&nbsp;<strong>Serbia<\/strong>.<\/p>\n\n\n\n<p>Desde 2016, la Conferencia ha puesto de relieve la importancia del enoturismo para el desarrollo socioecon\u00f3mico de los destinos y ha servido de plataforma para intercambiar experiencias, identificar buenas pr\u00e1cticas y promover el enoturismo como herramienta de desarrollo sostenible.<\/p>\n\n\n\n<figure class=\"wp-block-image size-large\"><a href=\"https:\/\/www.unwto.org\/es\/news\/innovacion-sostenibilidad-conferencia-mundial-turismo-enologico\" target=\"_blank\" rel=\"noreferrer noopener\"><img loading=\"lazy\" decoding=\"async\" width=\"1024\" height=\"89\" src=\"https:\/\/nubesmgzdigital.com.ar\/wp-content\/uploads\/2021\/06\/omt-Noticias-1024x89.jpg\" alt=\"\" class=\"wp-image-7297\" srcset=\"https:\/\/nubesmgzdigital.com.ar\/wp-content\/uploads\/2021\/06\/omt-Noticias-1024x89.jpg 1024w, https:\/\/nubesmgzdigital.com.ar\/wp-content\/uploads\/2021\/06\/omt-Noticias-300x26.jpg 300w, https:\/\/nubesmgzdigital.com.ar\/wp-content\/uploads\/2021\/06\/omt-Noticias-768x67.jpg 768w, https:\/\/nubesmgzdigital.com.ar\/wp-content\/uploads\/2021\/06\/omt-Noticias-1536x133.jpg 1536w, https:\/\/nubesmgzdigital.com.ar\/wp-content\/uploads\/2021\/06\/omt-Noticias-696x60.jpg 696w, https:\/\/nubesmgzdigital.com.ar\/wp-content\/uploads\/2021\/06\/omt-Noticias-1068x93.jpg 1068w, https:\/\/nubesmgzdigital.com.ar\/wp-content\/uploads\/2021\/06\/omt-Noticias.jpg 1568w\" sizes=\"auto, (max-width: 1024px) 100vw, 1024px\" \/><\/a><\/figure>\n","protected":false},"excerpt":{"rendered":"<p>La OMT y el Gobierno de Italia celebrar\u00e1n la sexta Conferencia Mundial sobre Turismo Enol\u00f3gico. Bajo el lema&nbsp;&#8220;\u00bfQu\u00e9 es lo siguiente? El enoturismo marida con la innovaci\u00f3n&#8221;&nbsp;y aprovechando el \u00e9xito de las cinco ediciones anteriores,&nbsp;del 19 al 21 de septiembre de 2022&nbsp;se celebrar\u00e1 la sexta edici\u00f3n de la Conferencia en&nbsp;Alba, en la regi\u00f3n de Piamonte, [&hellip;]<\/p>\n","protected":false},"author":2,"featured_media":11527,"comment_status":"open","ping_status":"open","sticky":false,"template":"","format":"standard","meta":{"footnotes":""},"categories":[113],"tags":[],"class_list":["post-11524","post","type-post","status-publish","format-standard","has-post-thumbnail","hentry","category-internacional"],"post_mailing_queue_ids":[],"_links":{"self":[{"href":"https:\/\/nubesmgzdigital.com.ar\/index.php\/wp-json\/wp\/v2\/posts\/11524","targetHints":{"allow":["GET"]}}],"collection":[{"href":"https:\/\/nubesmgzdigital.com.ar\/index.php\/wp-json\/wp\/v2\/posts"}],"about":[{"href":"https:\/\/nubesmgzdigital.com.ar\/index.php\/wp-json\/wp\/v2\/types\/post"}],"author":[{"embeddable":true,"href":"https:\/\/nubesmgzdigital.com.ar\/index.php\/wp-json\/wp\/v2\/users\/2"}],"replies":[{"embeddable":true,"href":"https:\/\/nubesmgzdigital.com.ar\/index.php\/wp-json\/wp\/v2\/comments?post=11524"}],"version-history":[{"count":1,"href":"https:\/\/nubesmgzdigital.com.ar\/index.php\/wp-json\/wp\/v2\/posts\/11524\/revisions"}],"predecessor-version":[{"id":11526,"href":"https:\/\/nubesmgzdigital.com.ar\/index.php\/wp-json\/wp\/v2\/posts\/11524\/revisions\/11526"}],"wp:featuredmedia":[{"embeddable":true,"href":"https:\/\/nubesmgzdigital.com.ar\/index.php\/wp-json\/wp\/v2\/media\/11527"}],"wp:attachment":[{"href":"https:\/\/nubesmgzdigital.com.ar\/index.php\/wp-json\/wp\/v2\/media?parent=11524"}],"wp:term":[{"taxonomy":"category","embeddable":true,"href":"https:\/\/nubesmgzdigital.com.ar\/index.php\/wp-json\/wp\/v2\/categories?post=11524"},{"taxonomy":"post_tag","embeddable":true,"href":"https:\/\/nubesmgzdigital.com.ar\/index.php\/wp-json\/wp\/v2\/tags?post=11524"}],"curies":[{"name":"wp","href":"https:\/\/api.w.org\/{rel}","templated":true}]}}