{"id":12146,"date":"2022-11-23T13:55:33","date_gmt":"2022-11-23T16:55:33","guid":{"rendered":"https:\/\/nubesmgzdigital.com.ar\/?p=12146"},"modified":"2022-11-23T13:55:34","modified_gmt":"2022-11-23T16:55:34","slug":"avanza-50-destinos-en-neuquen","status":"publish","type":"post","link":"https:\/\/nubesmgzdigital.com.ar\/index.php\/2022\/11\/23\/avanza-50-destinos-en-neuquen\/","title":{"rendered":"Avanza \u201c50 Destinos\u201d en Neuqu\u00e9n"},"content":{"rendered":"\n<h4 class=\"has-pale-cyan-blue-background-color has-background wp-block-heading\">Autoridades nacionales inauguraron obras con el gobernador Guti\u00e9rrez, recorrieron proyectos en marcha y se reunieron con representantes del sector privado.<\/h4>\n\n\n\n<p>La subsecretaria de Desarrollo Estrat\u00e9gico,&nbsp;<strong>Eugenia Benedetti<\/strong>, y el subsecretario de Relaciones Institucionales y Cooperaci\u00f3n Internacional,&nbsp;<strong>Leandro Balasini<\/strong>, participaron de la&nbsp;<strong>inauguraci\u00f3n del Mirador de Aves del Choc\u00f3n<\/strong>, con motivo del 47\u00b0 aniversario del Villa El Choc\u00f3n. Acompa\u00f1\u00f3 la recorrida el gobernador&nbsp;<strong>Omar Guti\u00e9rrez<\/strong>, con quien tambi\u00e9n conversaron sobre los proyectos en curso y por iniciar en la provincia en el marco del&nbsp;<a href=\"https:\/\/www.argentina.gob.ar\/turismoydeportes\/50-destinos\">Plan 50 Destinos 2022<\/a>.<\/p>\n\n\n\n<p><em>&#8220;Seguimos acompa\u00f1ando con mucha fuerza cada proyecto de infraestructura tur\u00edstica a nivel federal para atraer inversiones y as\u00ed ampliar la oferta tur\u00edstica de nuestros destinos, considerando el rol clave del turismo en el crecimiento de las econom\u00edas regionales\u201d<\/em>, se\u00f1al\u00f3&nbsp;<strong>Benedetti<\/strong>.<\/p>\n\n\n\n<p>La obra consisti\u00f3 en la construcci\u00f3n de un mirador de 1390 m\u00b2, sector de estacionamiento y espacio recreativo con equipamiento urbano adem\u00e1s de carteler\u00eda indicativa, preventiva e interpretativa. Es el resultado de una&nbsp;<strong>inversi\u00f3n de m\u00e1s de $16 millones<\/strong>&nbsp;con el objetivo de fortalecer la actividad en el corredor Limay. Participaron del acto el intendente local,&nbsp;<strong>Nicol\u00e1s Di Fonzo<\/strong>, el ministro de Turismo provincial,&nbsp;<strong>Sandro Badilla<\/strong>, y el subsecretario de Turismo provincial,&nbsp;<strong>Germ\u00e1n Bakker<\/strong>.<\/p>\n\n\n\n<p>En tanto,&nbsp;<strong>Balasini<\/strong>&nbsp;expres\u00f3:&nbsp;<em>\u201cNos pone muy felices la concreci\u00f3n de cada proyecto porque refleja el trabajo conjunto entre Naci\u00f3n y las distintas provincias. Vamos a seguir impulsando la infraestructura tur\u00edstica a lo largo y a lo ancho del pa\u00eds porque estamos convencidos de que el sector ser\u00e1 protagonista del desarrollo econ\u00f3mico de la Argentina\u201d<\/em>.<\/p>\n\n\n\n<p>Adem\u00e1s, las autoridades nacionales visitaron Senillosa para supervisar la obra del Parador Gastron\u00f3mico en la costanera, que est\u00e1 por iniciarse. All\u00ed los recibi\u00f3 la intendenta&nbsp;<strong>Patricia Fern\u00e1ndez<\/strong>. Es otro de los 18 proyectos en Neuqu\u00e9n en el marco de \u201c50 Destinos\u201d, que totalizan una&nbsp;<strong>inversi\u00f3n superior a los $260 millones<\/strong>&nbsp;desde su lanzamiento en 2020.<\/p>\n\n\n\n<figure class=\"wp-block-image size-large\"><img decoding=\"async\" src=\"https:\/\/www.argentina.gob.ar\/sites\/default\/files\/whatsapp_image_2022-11-18_at_11.51.43.jpeg\" alt=\"\"\/><\/figure>\n\n\n\n<p>Por \u00faltimo, Benedetti y Balasini recorrieron el pr\u00f3ximo a inaugurarse Centro de Exposiciones y Convenciones de la capital neuquina junto con el secretario de Turismo local,\u00a0<strong>Diego Cayol<\/strong>, mantuvieron reuniones con beneficiarios del\u00a0<a href=\"https:\/\/www.argentina.gob.ar\/turismoydeportes\/intur\" target=\"_blank\" rel=\"noreferrer noopener\">Programa de Incentivo para Inversiones Tur\u00edsticas de Peque\u00f1os Prestadores (InTur)<\/a>\u00a0y con prestadores privados de turismo de naturaleza de la provincia.<\/p>\n\n\n\n<figure class=\"wp-block-gallery has-nested-images columns-default is-cropped wp-block-gallery-1 is-layout-flex wp-block-gallery-is-layout-flex\">\n<figure class=\"wp-block-image size-large\"><img loading=\"lazy\" decoding=\"async\" width=\"1024\" height=\"682\" data-id=\"12147\" src=\"https:\/\/nubesmgzdigital.com.ar\/wp-content\/uploads\/2022\/11\/whatsapp_image_2022-11-18_at_11.51.43_1-1024x682.jpeg\" alt=\"\" class=\"wp-image-12147\" srcset=\"https:\/\/nubesmgzdigital.com.ar\/wp-content\/uploads\/2022\/11\/whatsapp_image_2022-11-18_at_11.51.43_1-1024x682.jpeg 1024w, https:\/\/nubesmgzdigital.com.ar\/wp-content\/uploads\/2022\/11\/whatsapp_image_2022-11-18_at_11.51.43_1-300x200.jpeg 300w, https:\/\/nubesmgzdigital.com.ar\/wp-content\/uploads\/2022\/11\/whatsapp_image_2022-11-18_at_11.51.43_1-768x512.jpeg 768w, https:\/\/nubesmgzdigital.com.ar\/wp-content\/uploads\/2022\/11\/whatsapp_image_2022-11-18_at_11.51.43_1-696x464.jpeg 696w, https:\/\/nubesmgzdigital.com.ar\/wp-content\/uploads\/2022\/11\/whatsapp_image_2022-11-18_at_11.51.43_1-1068x712.jpeg 1068w, https:\/\/nubesmgzdigital.com.ar\/wp-content\/uploads\/2022\/11\/whatsapp_image_2022-11-18_at_11.51.43_1-630x420.jpeg 630w, https:\/\/nubesmgzdigital.com.ar\/wp-content\/uploads\/2022\/11\/whatsapp_image_2022-11-18_at_11.51.43_1.jpeg 1280w\" sizes=\"auto, (max-width: 1024px) 100vw, 1024px\" \/><\/figure>\n\n\n\n<figure class=\"wp-block-image size-large\"><img loading=\"lazy\" decoding=\"async\" width=\"1024\" height=\"682\" data-id=\"12149\" src=\"https:\/\/nubesmgzdigital.com.ar\/wp-content\/uploads\/2022\/11\/whatsapp_image_2022-11-18_at_11.58.11-1024x682.jpeg\" alt=\"\" class=\"wp-image-12149\" srcset=\"https:\/\/nubesmgzdigital.com.ar\/wp-content\/uploads\/2022\/11\/whatsapp_image_2022-11-18_at_11.58.11-1024x682.jpeg 1024w, https:\/\/nubesmgzdigital.com.ar\/wp-content\/uploads\/2022\/11\/whatsapp_image_2022-11-18_at_11.58.11-300x200.jpeg 300w, https:\/\/nubesmgzdigital.com.ar\/wp-content\/uploads\/2022\/11\/whatsapp_image_2022-11-18_at_11.58.11-768x512.jpeg 768w, https:\/\/nubesmgzdigital.com.ar\/wp-content\/uploads\/2022\/11\/whatsapp_image_2022-11-18_at_11.58.11-696x464.jpeg 696w, https:\/\/nubesmgzdigital.com.ar\/wp-content\/uploads\/2022\/11\/whatsapp_image_2022-11-18_at_11.58.11-1068x712.jpeg 1068w, https:\/\/nubesmgzdigital.com.ar\/wp-content\/uploads\/2022\/11\/whatsapp_image_2022-11-18_at_11.58.11-630x420.jpeg 630w, https:\/\/nubesmgzdigital.com.ar\/wp-content\/uploads\/2022\/11\/whatsapp_image_2022-11-18_at_11.58.11.jpeg 1280w\" sizes=\"auto, (max-width: 1024px) 100vw, 1024px\" \/><\/figure>\n\n\n\n<figure class=\"wp-block-image size-large\"><img loading=\"lazy\" decoding=\"async\" width=\"1024\" height=\"682\" data-id=\"12148\" src=\"https:\/\/nubesmgzdigital.com.ar\/wp-content\/uploads\/2022\/11\/whatsapp_image_2022-11-18_at_11.58.11_1-1024x682.jpeg\" alt=\"\" class=\"wp-image-12148\" srcset=\"https:\/\/nubesmgzdigital.com.ar\/wp-content\/uploads\/2022\/11\/whatsapp_image_2022-11-18_at_11.58.11_1-1024x682.jpeg 1024w, https:\/\/nubesmgzdigital.com.ar\/wp-content\/uploads\/2022\/11\/whatsapp_image_2022-11-18_at_11.58.11_1-300x200.jpeg 300w, https:\/\/nubesmgzdigital.com.ar\/wp-content\/uploads\/2022\/11\/whatsapp_image_2022-11-18_at_11.58.11_1-768x512.jpeg 768w, https:\/\/nubesmgzdigital.com.ar\/wp-content\/uploads\/2022\/11\/whatsapp_image_2022-11-18_at_11.58.11_1-696x464.jpeg 696w, https:\/\/nubesmgzdigital.com.ar\/wp-content\/uploads\/2022\/11\/whatsapp_image_2022-11-18_at_11.58.11_1-1068x712.jpeg 1068w, https:\/\/nubesmgzdigital.com.ar\/wp-content\/uploads\/2022\/11\/whatsapp_image_2022-11-18_at_11.58.11_1-630x420.jpeg 630w, https:\/\/nubesmgzdigital.com.ar\/wp-content\/uploads\/2022\/11\/whatsapp_image_2022-11-18_at_11.58.11_1.jpeg 1280w\" sizes=\"auto, (max-width: 1024px) 100vw, 1024px\" \/><\/figure>\n<\/figure>\n\n\n\n<figure class=\"wp-block-image size-full is-resized\"><a href=\"https:\/\/www.argentina.gob.ar\/noticias\/avanza-50-destinos-en-neuquen\" target=\"_blank\" rel=\"noreferrer noopener\"><img loading=\"lazy\" decoding=\"async\" src=\"https:\/\/nubesmgzdigital.com.ar\/wp-content\/uploads\/2022\/11\/R.png\" alt=\"\" class=\"wp-image-12150\" width=\"293\" height=\"83\" srcset=\"https:\/\/nubesmgzdigital.com.ar\/wp-content\/uploads\/2022\/11\/R.png 557w, https:\/\/nubesmgzdigital.com.ar\/wp-content\/uploads\/2022\/11\/R-300x85.png 300w\" sizes=\"auto, (max-width: 293px) 100vw, 293px\" \/><\/a><\/figure>\n","protected":false},"excerpt":{"rendered":"<p>Autoridades nacionales inauguraron obras con el gobernador Guti\u00e9rrez, recorrieron proyectos en marcha y se reunieron con representantes del sector privado. La subsecretaria de Desarrollo Estrat\u00e9gico,&nbsp;Eugenia Benedetti, y el subsecretario de Relaciones Institucionales y Cooperaci\u00f3n Internacional,&nbsp;Leandro Balasini, participaron de la&nbsp;inauguraci\u00f3n del Mirador de Aves del Choc\u00f3n, con motivo del 47\u00b0 aniversario del Villa El Choc\u00f3n. Acompa\u00f1\u00f3 [&hellip;]<\/p>\n","protected":false},"author":2,"featured_media":12149,"comment_status":"open","ping_status":"open","sticky":false,"template":"","format":"standard","meta":{"footnotes":""},"categories":[114,136],"tags":[],"class_list":["post-12146","post","type-post","status-publish","format-standard","has-post-thumbnail","hentry","category-turismo-destinos","category-patagonia"],"post_mailing_queue_ids":[],"_links":{"self":[{"href":"https:\/\/nubesmgzdigital.com.ar\/index.php\/wp-json\/wp\/v2\/posts\/12146","targetHints":{"allow":["GET"]}}],"collection":[{"href":"https:\/\/nubesmgzdigital.com.ar\/index.php\/wp-json\/wp\/v2\/posts"}],"about":[{"href":"https:\/\/nubesmgzdigital.com.ar\/index.php\/wp-json\/wp\/v2\/types\/post"}],"author":[{"embeddable":true,"href":"https:\/\/nubesmgzdigital.com.ar\/index.php\/wp-json\/wp\/v2\/users\/2"}],"replies":[{"embeddable":true,"href":"https:\/\/nubesmgzdigital.com.ar\/index.php\/wp-json\/wp\/v2\/comments?post=12146"}],"version-history":[{"count":1,"href":"https:\/\/nubesmgzdigital.com.ar\/index.php\/wp-json\/wp\/v2\/posts\/12146\/revisions"}],"predecessor-version":[{"id":12151,"href":"https:\/\/nubesmgzdigital.com.ar\/index.php\/wp-json\/wp\/v2\/posts\/12146\/revisions\/12151"}],"wp:featuredmedia":[{"embeddable":true,"href":"https:\/\/nubesmgzdigital.com.ar\/index.php\/wp-json\/wp\/v2\/media\/12149"}],"wp:attachment":[{"href":"https:\/\/nubesmgzdigital.com.ar\/index.php\/wp-json\/wp\/v2\/media?parent=12146"}],"wp:term":[{"taxonomy":"category","embeddable":true,"href":"https:\/\/nubesmgzdigital.com.ar\/index.php\/wp-json\/wp\/v2\/categories?post=12146"},{"taxonomy":"post_tag","embeddable":true,"href":"https:\/\/nubesmgzdigital.com.ar\/index.php\/wp-json\/wp\/v2\/tags?post=12146"}],"curies":[{"name":"wp","href":"https:\/\/api.w.org\/{rel}","templated":true}]}}