{"id":12485,"date":"2023-01-07T19:35:25","date_gmt":"2023-01-07T22:35:25","guid":{"rendered":"https:\/\/nubesmgzdigital.com.ar\/?p=12485"},"modified":"2023-01-07T19:35:25","modified_gmt":"2023-01-07T22:35:25","slug":"verano-2023-la-provincia-de-buenos-aires-uno-de-los-destinos-mas-elegidos-por-los-turistas","status":"publish","type":"post","link":"https:\/\/nubesmgzdigital.com.ar\/index.php\/2023\/01\/07\/verano-2023-la-provincia-de-buenos-aires-uno-de-los-destinos-mas-elegidos-por-los-turistas\/","title":{"rendered":"<strong>Verano 2023: la Provincia de Buenos Aires, uno de los destinos m\u00e1s elegidos por los turistas<\/strong>"},"content":{"rendered":"\n<h3 class=\"has-cyan-bluish-gray-color has-text-color has-background wp-block-heading\" style=\"background-color:#936d05\"><strong><em>Se espera una temporada de verano con r\u00e9cord de turistas en todo el pa\u00eds. Seg\u00fan estimaciones oficiales, se calcula un bill\u00f3n de pesos de ingresos para el sector turismo. Buenos Aires es uno de los destinos m\u00e1s elegidos para vacacionar \u00bfPor qu\u00e9?<\/em><\/strong><\/h3>\n\n\n\n<h6 class=\"has-text-align-right has-text-color wp-block-heading\" style=\"color:#4e4f50\">Por: <strong><em>\u00c1ngel\u00a0Col\u00e1ngelo<\/em><\/strong><\/h6>\n\n\n\n<p>La Subsecretar\u00eda de Turismo bonaerense pronostica una temporada de verano 2023 con n\u00fameros muy positivos para el sector. Diciembre de 2022 dej\u00f3 la vara muy alta, ya que unos 4.400.000 turistas visitaron diferentes destinos de la provincia durante ese mes.<\/p>\n\n\n\n<p>Seg\u00fan&nbsp;<strong>Daniel Loyola<\/strong>, presidente del sector Turismo de la Federaci\u00f3n Econ\u00f3mica de la Provincia de Buenos Aires (FEBA):&nbsp;<em>&#8220;Durante 2022 los destinos bonaerenses fueron muy elegidos para vacacionar, hacer escapadas de fin de semana largo o cortes en el a\u00f1o laboral. Sin ir m\u00e1s lejos, seg\u00fan datos de diferentes organismos, los bonaerenses tuvimos el mejor diciembre de los \u00faltimos cinco a\u00f1os en materia de reservas&#8221;.<\/em>&nbsp;Y agreg\u00f3:&nbsp;<em>&#8220;Confiamos en que la tendencia se mantendr\u00e1 durante esta temporada de verano. La mayor\u00eda de los destinos bonaerenses ya registran reservas y ocupaci\u00f3n entre un 80 y 90 por ciento&#8221;.<\/em><\/p>\n\n\n\n<p>Mar del Plata con 80% de las reservas confirmadas, el Partido de la Costa con el 85%, y Pinamar con picos de hasta el 90%, se posicionan como los destinos m\u00e1s elegidos para quienes prefieren el mar y la arena.<\/p>\n\n\n\n<p>Los balnearios de Pehuen Co y Monte Hermoso, en el sur de la Provincia de Buenos Aires, ofrecen naturaleza y extensi\u00f3n de playas para disfrutar de paz y tranquilidad. Estas localidades se posicionan con gran demanda para esta temporada. Sus comercios y empresarios del turismo zonal estiman que el n\u00famero de visitantes de otras partes de la provincia ser\u00e1 significativo. Hasta el momento, cuentan con un 75% de capacidad ocupada para el mes de enero 2023.<\/p>\n\n\n\n<p>El turismo rural -que ya mostr\u00f3 un incremento en materia de visitantes durante todo 2022-, es una de las opciones m\u00e1s elegidas para este verano 2023. La cercan\u00eda, comodidad y variedad de ofertas favorecieron a esta modalidad de turismo, que gan\u00f3 terreno entre quienes buscan evitar los centros urbanos y los destinos tradicionales. Entre los pueblos y ciudades m\u00e1s visitadas, se destacan San Andr\u00e9s de Giles, San Antonio de Areco, Chascom\u00fas, San Pedro, Mercedes y Carlos Keen, entre otros.<\/p>\n\n\n\n<p>Las sierras, cascadas y lagunas, son otras opciones a la hora de pensar en vacacionar en verano, y tambi\u00e9n en invierno. Las lagunas de Lobos, San Miguel del Monte y Jun\u00edn, por ejemplo, son ideales para una escapada en b\u00fasqueda de desconexi\u00f3n. Sus complejos preparados con todo lo necesario para la comodidad del turista, adem\u00e1s de la cercan\u00eda a la Capital Federal, las posiciona como alternativas ideales. Sierra de la Ventana y pueblos de alrededores; o Tandil, para los amantes de las monta\u00f1as y el trekking, tambi\u00e9n contribuyen a que los destinos bonaerenses est\u00e9n entre los m\u00e1s elegidos. Todos estos lugares ya cuentan con capacidad de reserva que supera el 90% para los tres meses -enero, febrero y marzo-.<\/p>\n\n\n\n<p><em>&#8220;Desde FEBA creemos que esta temporada de verano ser\u00e1 r\u00e9cord, y que toda la industria del turismo trabajar\u00e1 muy bien, sobre todo las pymes. Pero, adem\u00e1s, avizoramos un a\u00f1o exitoso para el sector, para lo cual estamos acompa\u00f1ando a las pymes de todos los rubros vinculados al turismo. De esta manera, podr\u00e1n seguir prestando servicios de calidad para hacer frente a la gran demanda &#8220;,<\/em>&nbsp;expres\u00f3 Loyola.&nbsp;<\/p>\n\n\n\n<figure class=\"wp-block-gallery has-nested-images columns-default is-cropped wp-block-gallery-1 is-layout-flex wp-block-gallery-is-layout-flex\">\n<figure class=\"wp-block-image size-large\"><img loading=\"lazy\" decoding=\"async\" width=\"1024\" height=\"713\" data-id=\"12486\" src=\"https:\/\/nubesmgzdigital.com.ar\/wp-content\/uploads\/2023\/01\/Lagunas-bonaerenses-1024x713.jpg\" alt=\"\" class=\"wp-image-12486\" srcset=\"https:\/\/nubesmgzdigital.com.ar\/wp-content\/uploads\/2023\/01\/Lagunas-bonaerenses-1024x713.jpg 1024w, https:\/\/nubesmgzdigital.com.ar\/wp-content\/uploads\/2023\/01\/Lagunas-bonaerenses-300x209.jpg 300w, https:\/\/nubesmgzdigital.com.ar\/wp-content\/uploads\/2023\/01\/Lagunas-bonaerenses-768x535.jpg 768w, https:\/\/nubesmgzdigital.com.ar\/wp-content\/uploads\/2023\/01\/Lagunas-bonaerenses-1536x1069.jpg 1536w, https:\/\/nubesmgzdigital.com.ar\/wp-content\/uploads\/2023\/01\/Lagunas-bonaerenses-100x70.jpg 100w, https:\/\/nubesmgzdigital.com.ar\/wp-content\/uploads\/2023\/01\/Lagunas-bonaerenses-696x484.jpg 696w, https:\/\/nubesmgzdigital.com.ar\/wp-content\/uploads\/2023\/01\/Lagunas-bonaerenses-1068x743.jpg 1068w, https:\/\/nubesmgzdigital.com.ar\/wp-content\/uploads\/2023\/01\/Lagunas-bonaerenses-603x420.jpg 603w, https:\/\/nubesmgzdigital.com.ar\/wp-content\/uploads\/2023\/01\/Lagunas-bonaerenses.jpg 1800w\" sizes=\"auto, (max-width: 1024px) 100vw, 1024px\" \/><\/figure>\n\n\n\n<figure class=\"wp-block-image size-large\"><img loading=\"lazy\" decoding=\"async\" width=\"1024\" height=\"684\" data-id=\"12488\" src=\"https:\/\/nubesmgzdigital.com.ar\/wp-content\/uploads\/2023\/01\/Turismo-bonaerese-espectativas-por-la-temporada-de-verano-2023-1-1024x684.jpg\" alt=\"\" class=\"wp-image-12488\" srcset=\"https:\/\/nubesmgzdigital.com.ar\/wp-content\/uploads\/2023\/01\/Turismo-bonaerese-espectativas-por-la-temporada-de-verano-2023-1-1024x684.jpg 1024w, https:\/\/nubesmgzdigital.com.ar\/wp-content\/uploads\/2023\/01\/Turismo-bonaerese-espectativas-por-la-temporada-de-verano-2023-1-300x200.jpg 300w, https:\/\/nubesmgzdigital.com.ar\/wp-content\/uploads\/2023\/01\/Turismo-bonaerese-espectativas-por-la-temporada-de-verano-2023-1-768x513.jpg 768w, https:\/\/nubesmgzdigital.com.ar\/wp-content\/uploads\/2023\/01\/Turismo-bonaerese-espectativas-por-la-temporada-de-verano-2023-1-1536x1026.jpg 1536w, https:\/\/nubesmgzdigital.com.ar\/wp-content\/uploads\/2023\/01\/Turismo-bonaerese-espectativas-por-la-temporada-de-verano-2023-1-696x465.jpg 696w, https:\/\/nubesmgzdigital.com.ar\/wp-content\/uploads\/2023\/01\/Turismo-bonaerese-espectativas-por-la-temporada-de-verano-2023-1-1068x713.jpg 1068w, https:\/\/nubesmgzdigital.com.ar\/wp-content\/uploads\/2023\/01\/Turismo-bonaerese-espectativas-por-la-temporada-de-verano-2023-1-629x420.jpg 629w, https:\/\/nubesmgzdigital.com.ar\/wp-content\/uploads\/2023\/01\/Turismo-bonaerese-espectativas-por-la-temporada-de-verano-2023-1.jpg 1920w\" sizes=\"auto, (max-width: 1024px) 100vw, 1024px\" \/><\/figure>\n\n\n\n<figure class=\"wp-block-image size-large\"><img loading=\"lazy\" decoding=\"async\" width=\"1024\" height=\"576\" data-id=\"12487\" src=\"https:\/\/nubesmgzdigital.com.ar\/wp-content\/uploads\/2023\/01\/Sierras-opcion-para-verano-2023-1024x576.jpg\" alt=\"\" class=\"wp-image-12487\" srcset=\"https:\/\/nubesmgzdigital.com.ar\/wp-content\/uploads\/2023\/01\/Sierras-opcion-para-verano-2023-1024x576.jpg 1024w, https:\/\/nubesmgzdigital.com.ar\/wp-content\/uploads\/2023\/01\/Sierras-opcion-para-verano-2023-300x169.jpg 300w, https:\/\/nubesmgzdigital.com.ar\/wp-content\/uploads\/2023\/01\/Sierras-opcion-para-verano-2023-768x432.jpg 768w, https:\/\/nubesmgzdigital.com.ar\/wp-content\/uploads\/2023\/01\/Sierras-opcion-para-verano-2023-1536x864.jpg 1536w, https:\/\/nubesmgzdigital.com.ar\/wp-content\/uploads\/2023\/01\/Sierras-opcion-para-verano-2023-696x392.jpg 696w, https:\/\/nubesmgzdigital.com.ar\/wp-content\/uploads\/2023\/01\/Sierras-opcion-para-verano-2023-1068x601.jpg 1068w, https:\/\/nubesmgzdigital.com.ar\/wp-content\/uploads\/2023\/01\/Sierras-opcion-para-verano-2023-747x420.jpg 747w, https:\/\/nubesmgzdigital.com.ar\/wp-content\/uploads\/2023\/01\/Sierras-opcion-para-verano-2023.jpg 1920w\" sizes=\"auto, (max-width: 1024px) 100vw, 1024px\" \/><\/figure>\n<\/figure>\n","protected":false},"excerpt":{"rendered":"<p>Se espera una temporada de verano con r\u00e9cord de turistas en todo el pa\u00eds. Seg\u00fan estimaciones oficiales, se calcula un bill\u00f3n de pesos de ingresos para el sector turismo. Buenos Aires es uno de los destinos m\u00e1s elegidos para vacacionar \u00bfPor qu\u00e9? Por: \u00c1ngel\u00a0Col\u00e1ngelo La Subsecretar\u00eda de Turismo bonaerense pronostica una temporada de verano 2023 [&hellip;]<\/p>\n","protected":false},"author":2,"featured_media":12488,"comment_status":"open","ping_status":"open","sticky":false,"template":"","format":"standard","meta":{"footnotes":""},"categories":[137,114],"tags":[],"class_list":["post-12485","post","type-post","status-publish","format-standard","has-post-thumbnail","hentry","category-buenos-aires-caba","category-turismo-destinos"],"post_mailing_queue_ids":[],"_links":{"self":[{"href":"https:\/\/nubesmgzdigital.com.ar\/index.php\/wp-json\/wp\/v2\/posts\/12485","targetHints":{"allow":["GET"]}}],"collection":[{"href":"https:\/\/nubesmgzdigital.com.ar\/index.php\/wp-json\/wp\/v2\/posts"}],"about":[{"href":"https:\/\/nubesmgzdigital.com.ar\/index.php\/wp-json\/wp\/v2\/types\/post"}],"author":[{"embeddable":true,"href":"https:\/\/nubesmgzdigital.com.ar\/index.php\/wp-json\/wp\/v2\/users\/2"}],"replies":[{"embeddable":true,"href":"https:\/\/nubesmgzdigital.com.ar\/index.php\/wp-json\/wp\/v2\/comments?post=12485"}],"version-history":[{"count":1,"href":"https:\/\/nubesmgzdigital.com.ar\/index.php\/wp-json\/wp\/v2\/posts\/12485\/revisions"}],"predecessor-version":[{"id":12489,"href":"https:\/\/nubesmgzdigital.com.ar\/index.php\/wp-json\/wp\/v2\/posts\/12485\/revisions\/12489"}],"wp:featuredmedia":[{"embeddable":true,"href":"https:\/\/nubesmgzdigital.com.ar\/index.php\/wp-json\/wp\/v2\/media\/12488"}],"wp:attachment":[{"href":"https:\/\/nubesmgzdigital.com.ar\/index.php\/wp-json\/wp\/v2\/media?parent=12485"}],"wp:term":[{"taxonomy":"category","embeddable":true,"href":"https:\/\/nubesmgzdigital.com.ar\/index.php\/wp-json\/wp\/v2\/categories?post=12485"},{"taxonomy":"post_tag","embeddable":true,"href":"https:\/\/nubesmgzdigital.com.ar\/index.php\/wp-json\/wp\/v2\/tags?post=12485"}],"curies":[{"name":"wp","href":"https:\/\/api.w.org\/{rel}","templated":true}]}}