{"id":12499,"date":"2023-01-10T10:38:33","date_gmt":"2023-01-10T13:38:33","guid":{"rendered":"https:\/\/nubesmgzdigital.com.ar\/?p=12499"},"modified":"2023-01-10T10:38:34","modified_gmt":"2023-01-10T13:38:34","slug":"alberto-fernandez-celebro-tener-una-temporada-turistica-record-en-2022-y-2023","status":"publish","type":"post","link":"https:\/\/nubesmgzdigital.com.ar\/index.php\/2023\/01\/10\/alberto-fernandez-celebro-tener-una-temporada-turistica-record-en-2022-y-2023\/","title":{"rendered":"Alberto Fern\u00e1ndez celebr\u00f3 tener \u201cuna temporada tur\u00edstica r\u00e9cord en 2022 y 2023\u201d"},"content":{"rendered":"\n<h4 class=\"has-white-color has-vivid-cyan-blue-background-color has-text-color has-background wp-block-heading\"><em>El presidente Alberto Fern\u00e1ndez asegur\u00f3 en Miramar que la Argentina comenz\u00f3 a crecer desde hace dos a\u00f1os y se\u00f1al\u00f3 que \u201cel turismo tuvo mucho que ver con eso\u201d, al encabezar una reuni\u00f3n con funcionarios y representantes del sector tur\u00edstico con quienes analiz\u00f3 el avance de la temporada, luego de anunciar la construcci\u00f3n de una cancha de hockey y visitar el cami\u00f3n oftalmol\u00f3gico del Ministerio de Desarrollo Social.<\/em><\/h4>\n\n\n\n<p>\u201cLa Argentina no est\u00e1 por arrancar, ya arranc\u00f3 hace dos a\u00f1os\u201d, dijo el mandatario y destac\u00f3 que \u201ccrecimos el 10,3 por ciento en el 2021, vamos a crecer en 2022 alrededor del 5,7 por ciento y eso ya nos asegura que vamos a crecer en el 2023\u201d.<\/p>\n\n\n\n<p>\u201cTenemos el segundo \u00edndice de desocupaci\u00f3n m\u00e1s bajo de los \u00faltimos 20 a\u00f1os, el trabajo formal crece a un ritmo del 0,5 por ciento mensual, y tenemos 21 provincias de la Argentina con menos del 1 por ciento de desocupaci\u00f3n\u201d, remarc\u00f3 el mandatario al t\u00e9rmino del encuentro que tuvo lugar en el Golf Club Miramar, y del que tambi\u00e9n participaron el ministro de Turismo y Deportes, Mat\u00edas Lammens, las secretarias de Deporte, In\u00e9s Arrondo, y de Promoci\u00f3n Tur\u00edstica, Yanina Martinez, y el intendente de General Alvarado, Sebasti\u00e1n Ianantuony.<\/p>\n\n\n\n<p>El Presidente asegur\u00f3 que \u201chemos podido ordenar las cuentas p\u00fablicas sin que la educaci\u00f3n padezca, sin que la salud padezca, sin que la producci\u00f3n padezca y sin que nadie vea perder su trabajo\u201d.<\/p>\n\n\n\n<p>Adem\u00e1s, record\u00f3 las pol\u00edticas impulsadas por el Gobierno Nacional durante la pandemia para respaldar al sector del turismo y celebr\u00f3 tener \u201cuna temporada tur\u00edstica r\u00e9cord en 2022 y 2023, porque eso marca que hicimos bien la apuesta. Mantuvimos todos sus hoteles, restaurantes y ustedes el d\u00eda despu\u00e9s pusieron todo para seguir brindando servicios\u201d.<\/p>\n\n\n\n<p>El Presidente dijo que \u201ctenemos un mercado interno muy poderoso, el 70 por ciento de lo que producimos lo consumimos nosotros y all\u00ed el turismo tiene mucho que ver\u201d. \u201cTenemos una gran oportunidad, no debemos desperdiciarla, debemos usarla bien y debemos ver de qu\u00e9 manera somos capaces de hacer de estos objetivos una pol\u00edtica de Estado\u201d, enfatiz\u00f3.<\/p>\n\n\n\n<p>Por su parte, el ministro Lammens detall\u00f3 que \u201cestamos viviendo un gran verano, con muy buenos niveles de ocupaci\u00f3n, similares a los de la hist\u00f3rica temporada del 2022. De acuerdo a nuestras proyecciones, tambi\u00e9n ser\u00e1 intenso el movimiento tur\u00edstico durante la segunda quincena de enero y todo febrero en los principales destinos del pa\u00eds. Con la cuarta edici\u00f3n del programa &#8216;PreViaje&#8217;, vamos a sostener esta demanda, para que no haya \u2018temporada baja\u2019 en Argentina\u201d.<\/p>\n\n\n\n<p>En tanto, el intendente Sebasti\u00e1n Ianantuony destac\u00f3 que mediante el trabajo conjunto con Naci\u00f3n \u201cestamos generando el proyecto industrial m\u00e1s importante de la historia de nuestro distrito y una cantidad de obras impresionantes\u201d. Adem\u00e1s, dijo que en t\u00e9rminos tur\u00edsticos \u201cestamos ante una temporada en la que tenemos el desaf\u00edo de sostener los indicadores de la anterior, que fue la mejor de los \u00faltimos 20 a\u00f1os\u201d.<\/p>\n\n\n\n<p>En representaci\u00f3n de las c\u00e1maras empresariales asistieron a la reuni\u00f3n de trabajo Gustavo Hani (C\u00e1mara Argentina de Turismo), Daniel Prieto (Asociaci\u00f3n de Hoteles, Restaurantes, Confiter\u00edas y Caf\u00e9s), Gabriela Ferruci (Asociaci\u00f3n de Hoteles de Turismo), Mat\u00edas Iriarte (C\u00e1mara de Bares y Discos), Eduardo Mayer (C\u00e1mara de la Recreaci\u00f3n), Marcela Tripiana (Asociaci\u00f3n de Agencias de Viajes), Susana Ib\u00e1\u00f1ez (Colegio de Martilleros), Mirta \u00c1lvarez (Asociaci\u00f3n Hotelera y Gastron\u00f3mica), Gabriel Nesteruc (C\u00e1mara de Comercio), Liliana Dalponte (C\u00e1mara de Concesionarios), Gabriel Storino (Hoteler\u00eda), Antonio Font, Walter Font y Flavio Feito (Recreaci\u00f3n), Federico L\u00f3pez (Club C\u00edrculo Deportivo), Bernardo Fern\u00e1ndez (Asociaci\u00f3n de Surf); Jorge Ca\u00f1ueto y Claudio Copes (Agente de Viajes).<\/p>\n\n\n\n<p>Durante la actividad, el ministro Lammens y el intendente Ianantuony firmaron la declaraci\u00f3n para que la Fiesta de la papa que se realiza en la ciudad de Otamendi pase a ser nacional.<\/p>\n\n\n\n<p>Previamente, el presidente Alberto Fern\u00e1ndez recorri\u00f3 el Miramar Rugby Club, donde fue recibido por el titular de la entidad, Alejandro Dos Reis Rosa, y deportistas de diversas disciplinas y anunci\u00f3 que el Gobierno nacional invertir\u00e1 48 millones de pesos en la construcci\u00f3n de la cancha de hockey de c\u00e9sped sint\u00e9tico.<\/p>\n\n\n\n<p>El intendente Ianantuony valor\u00f3 el anuncio y asegur\u00f3 que \u201chace mucho tiempo que era necesaria\u201d y que \u201cel Club de Rugby y el Club C\u00edrculo Deportivo son ejemplos de gesti\u00f3n, y ahora vamos a tener la infraestructura que nos hace falta\u201d.<\/p>\n\n\n\n<p>Adem\u00e1s, el Jefe de Estado visit\u00f3 el cami\u00f3n oftalmol\u00f3gico que forma parte del programa Mirarnos de la Secretar\u00eda de Abordaje Integral, junto a la ministra de Desarrollo Social, Victoria Tolosa Paz. Con esta iniciativa, ya se entregaron 60 mil anteojos y se examinaron 150 mil ni\u00f1os, ni\u00f1as y adultos en distintos puntos del pa\u00eds, de manera gratuita.<\/p>\n\n\n\n<p>El programa Mirarnos trabaja de forma articulada con gobiernos locales y provinciales y tiene, adem\u00e1s de los camiones, una l\u00ednea de intervenci\u00f3n en escuelas rurales de todo el pa\u00eds, y otra que viaja en el Tren Socio Sanitario Dr. Ram\u00f3n Carrillo, as\u00ed como en el buque socio sanitario.<\/p>\n\n\n\n<figure class=\"wp-block-gallery has-nested-images columns-default is-cropped wp-block-gallery-1 is-layout-flex wp-block-gallery-is-layout-flex\">\n<figure class=\"wp-block-image size-large\"><img loading=\"lazy\" decoding=\"async\" width=\"1024\" height=\"683\" data-id=\"12501\" src=\"https:\/\/nubesmgzdigital.com.ar\/wp-content\/uploads\/2023\/01\/Miramar-Reunion-de-trabajo-con-empresarios-2-1024x683.jpg\" alt=\"\" class=\"wp-image-12501\" srcset=\"https:\/\/nubesmgzdigital.com.ar\/wp-content\/uploads\/2023\/01\/Miramar-Reunion-de-trabajo-con-empresarios-2-1024x683.jpg 1024w, https:\/\/nubesmgzdigital.com.ar\/wp-content\/uploads\/2023\/01\/Miramar-Reunion-de-trabajo-con-empresarios-2-300x200.jpg 300w, https:\/\/nubesmgzdigital.com.ar\/wp-content\/uploads\/2023\/01\/Miramar-Reunion-de-trabajo-con-empresarios-2-768x512.jpg 768w, https:\/\/nubesmgzdigital.com.ar\/wp-content\/uploads\/2023\/01\/Miramar-Reunion-de-trabajo-con-empresarios-2-1536x1024.jpg 1536w, https:\/\/nubesmgzdigital.com.ar\/wp-content\/uploads\/2023\/01\/Miramar-Reunion-de-trabajo-con-empresarios-2-2048x1365.jpg 2048w, https:\/\/nubesmgzdigital.com.ar\/wp-content\/uploads\/2023\/01\/Miramar-Reunion-de-trabajo-con-empresarios-2-696x464.jpg 696w, https:\/\/nubesmgzdigital.com.ar\/wp-content\/uploads\/2023\/01\/Miramar-Reunion-de-trabajo-con-empresarios-2-1068x712.jpg 1068w, https:\/\/nubesmgzdigital.com.ar\/wp-content\/uploads\/2023\/01\/Miramar-Reunion-de-trabajo-con-empresarios-2-630x420.jpg 630w\" sizes=\"auto, (max-width: 1024px) 100vw, 1024px\" \/><\/figure>\n\n\n\n<figure class=\"wp-block-image size-large\"><img loading=\"lazy\" decoding=\"async\" width=\"1024\" height=\"683\" data-id=\"12500\" src=\"https:\/\/nubesmgzdigital.com.ar\/wp-content\/uploads\/2023\/01\/Miramar-Reunion-de-trabajo-con-empresarios-1-1024x683.jpg\" alt=\"\" class=\"wp-image-12500\" srcset=\"https:\/\/nubesmgzdigital.com.ar\/wp-content\/uploads\/2023\/01\/Miramar-Reunion-de-trabajo-con-empresarios-1-1024x683.jpg 1024w, https:\/\/nubesmgzdigital.com.ar\/wp-content\/uploads\/2023\/01\/Miramar-Reunion-de-trabajo-con-empresarios-1-300x200.jpg 300w, https:\/\/nubesmgzdigital.com.ar\/wp-content\/uploads\/2023\/01\/Miramar-Reunion-de-trabajo-con-empresarios-1-768x512.jpg 768w, https:\/\/nubesmgzdigital.com.ar\/wp-content\/uploads\/2023\/01\/Miramar-Reunion-de-trabajo-con-empresarios-1-1536x1024.jpg 1536w, https:\/\/nubesmgzdigital.com.ar\/wp-content\/uploads\/2023\/01\/Miramar-Reunion-de-trabajo-con-empresarios-1-2048x1365.jpg 2048w, https:\/\/nubesmgzdigital.com.ar\/wp-content\/uploads\/2023\/01\/Miramar-Reunion-de-trabajo-con-empresarios-1-696x464.jpg 696w, https:\/\/nubesmgzdigital.com.ar\/wp-content\/uploads\/2023\/01\/Miramar-Reunion-de-trabajo-con-empresarios-1-1068x712.jpg 1068w, https:\/\/nubesmgzdigital.com.ar\/wp-content\/uploads\/2023\/01\/Miramar-Reunion-de-trabajo-con-empresarios-1-630x420.jpg 630w\" sizes=\"auto, (max-width: 1024px) 100vw, 1024px\" \/><\/figure>\n\n\n\n<figure class=\"wp-block-image size-large\"><img loading=\"lazy\" decoding=\"async\" width=\"1024\" height=\"683\" data-id=\"12502\" src=\"https:\/\/nubesmgzdigital.com.ar\/wp-content\/uploads\/2023\/01\/Miramar_anuncio_cancha_hockey4-1024x683.jpg\" alt=\"\" class=\"wp-image-12502\" srcset=\"https:\/\/nubesmgzdigital.com.ar\/wp-content\/uploads\/2023\/01\/Miramar_anuncio_cancha_hockey4-1024x683.jpg 1024w, https:\/\/nubesmgzdigital.com.ar\/wp-content\/uploads\/2023\/01\/Miramar_anuncio_cancha_hockey4-300x200.jpg 300w, https:\/\/nubesmgzdigital.com.ar\/wp-content\/uploads\/2023\/01\/Miramar_anuncio_cancha_hockey4-768x512.jpg 768w, https:\/\/nubesmgzdigital.com.ar\/wp-content\/uploads\/2023\/01\/Miramar_anuncio_cancha_hockey4-1536x1024.jpg 1536w, https:\/\/nubesmgzdigital.com.ar\/wp-content\/uploads\/2023\/01\/Miramar_anuncio_cancha_hockey4-2048x1365.jpg 2048w, https:\/\/nubesmgzdigital.com.ar\/wp-content\/uploads\/2023\/01\/Miramar_anuncio_cancha_hockey4-696x464.jpg 696w, https:\/\/nubesmgzdigital.com.ar\/wp-content\/uploads\/2023\/01\/Miramar_anuncio_cancha_hockey4-1068x712.jpg 1068w, https:\/\/nubesmgzdigital.com.ar\/wp-content\/uploads\/2023\/01\/Miramar_anuncio_cancha_hockey4-630x420.jpg 630w\" sizes=\"auto, (max-width: 1024px) 100vw, 1024px\" \/><\/figure>\n<\/figure>\n","protected":false},"excerpt":{"rendered":"<p>El presidente Alberto Fern\u00e1ndez asegur\u00f3 en Miramar que la Argentina comenz\u00f3 a crecer desde hace dos a\u00f1os y se\u00f1al\u00f3 que \u201cel turismo tuvo mucho que ver con eso\u201d, al encabezar una reuni\u00f3n con funcionarios y representantes del sector tur\u00edstico con quienes analiz\u00f3 el avance de la temporada, luego de anunciar la construcci\u00f3n de una cancha [&hellip;]<\/p>\n","protected":false},"author":2,"featured_media":12500,"comment_status":"open","ping_status":"open","sticky":false,"template":"","format":"standard","meta":{"footnotes":""},"categories":[111],"tags":[],"class_list":["post-12499","post","type-post","status-publish","format-standard","has-post-thumbnail","hentry","category-nacional"],"post_mailing_queue_ids":[],"_links":{"self":[{"href":"https:\/\/nubesmgzdigital.com.ar\/index.php\/wp-json\/wp\/v2\/posts\/12499","targetHints":{"allow":["GET"]}}],"collection":[{"href":"https:\/\/nubesmgzdigital.com.ar\/index.php\/wp-json\/wp\/v2\/posts"}],"about":[{"href":"https:\/\/nubesmgzdigital.com.ar\/index.php\/wp-json\/wp\/v2\/types\/post"}],"author":[{"embeddable":true,"href":"https:\/\/nubesmgzdigital.com.ar\/index.php\/wp-json\/wp\/v2\/users\/2"}],"replies":[{"embeddable":true,"href":"https:\/\/nubesmgzdigital.com.ar\/index.php\/wp-json\/wp\/v2\/comments?post=12499"}],"version-history":[{"count":1,"href":"https:\/\/nubesmgzdigital.com.ar\/index.php\/wp-json\/wp\/v2\/posts\/12499\/revisions"}],"predecessor-version":[{"id":12503,"href":"https:\/\/nubesmgzdigital.com.ar\/index.php\/wp-json\/wp\/v2\/posts\/12499\/revisions\/12503"}],"wp:featuredmedia":[{"embeddable":true,"href":"https:\/\/nubesmgzdigital.com.ar\/index.php\/wp-json\/wp\/v2\/media\/12500"}],"wp:attachment":[{"href":"https:\/\/nubesmgzdigital.com.ar\/index.php\/wp-json\/wp\/v2\/media?parent=12499"}],"wp:term":[{"taxonomy":"category","embeddable":true,"href":"https:\/\/nubesmgzdigital.com.ar\/index.php\/wp-json\/wp\/v2\/categories?post=12499"},{"taxonomy":"post_tag","embeddable":true,"href":"https:\/\/nubesmgzdigital.com.ar\/index.php\/wp-json\/wp\/v2\/tags?post=12499"}],"curies":[{"name":"wp","href":"https:\/\/api.w.org\/{rel}","templated":true}]}}