{"id":12505,"date":"2023-01-10T16:13:00","date_gmt":"2023-01-10T19:13:00","guid":{"rendered":"https:\/\/nubesmgzdigital.com.ar\/?p=12505"},"modified":"2023-01-10T16:13:01","modified_gmt":"2023-01-10T19:13:01","slug":"en-el-museo-de-la-ciudad-de-salta-la-escultora-viviana-ovalle-realizara-una-visita-guiada","status":"publish","type":"post","link":"https:\/\/nubesmgzdigital.com.ar\/index.php\/2023\/01\/10\/en-el-museo-de-la-ciudad-de-salta-la-escultora-viviana-ovalle-realizara-una-visita-guiada\/","title":{"rendered":"En el Museo de la Ciudad de Salta, la escultora Viviana Ovalle realizar\u00e1 una visita guiada"},"content":{"rendered":"\n<h3 class=\"has-cyan-bluish-gray-color has-text-color has-background wp-block-heading\" style=\"background-color:#684e07\"><strong><em>La artista brindar\u00e1 detalles de su obra y sobre el dise\u00f1o de su exposici\u00f3n\u00a0\u201cLa creaci\u00f3n de cada d\u00eda\u201d. Ser\u00e1 el jueves 12 a las 19, con entrada libre y gratuita.<\/em><\/strong><\/h3>\n\n\n\n<p>La Municipalidad de Salta llevar\u00e1 adelante una visita guiada a cargo de la profesora y escultora Viviana Ovalle en el Museo de la Ciudad \u00abCasa de Hern\u00e1ndez\u00bb. La actividad ser\u00e1 este jueves 12 de&nbsp;enero, a las 19, en Florida 97, con entrada libre y gratuita.<\/p>\n\n\n\n<p>Durante el encuentro, Ovalle brindar\u00e1 detalles sobre su exposici\u00f3n titulada \u201cLa&nbsp;creaci\u00f3n de cada d\u00eda\u201d&nbsp;que cuenta con alrededor de 100 esculturas, fotomurales y material de archivo, junto a la curadora, Gracia Mart\u00ednez Arias.<\/p>\n\n\n\n<p>La muestra permanecer\u00e1 abierta al p\u00fablico&nbsp;hasta el 5 de febrero y puede ser visitada de martes a domingos y feriados,&nbsp;de 10 a 19.<\/p>\n\n\n\n<figure class=\"wp-block-gallery has-nested-images columns-default is-cropped wp-block-gallery-1 is-layout-flex wp-block-gallery-is-layout-flex\">\n<figure class=\"wp-block-image size-large\"><img loading=\"lazy\" decoding=\"async\" width=\"1024\" height=\"680\" data-id=\"12506\" src=\"https:\/\/nubesmgzdigital.com.ar\/wp-content\/uploads\/2023\/01\/esculturas-muestra-ovalle-3-1024x680.jpg\" alt=\"\" class=\"wp-image-12506\" srcset=\"https:\/\/nubesmgzdigital.com.ar\/wp-content\/uploads\/2023\/01\/esculturas-muestra-ovalle-3-1024x680.jpg 1024w, https:\/\/nubesmgzdigital.com.ar\/wp-content\/uploads\/2023\/01\/esculturas-muestra-ovalle-3-300x199.jpg 300w, https:\/\/nubesmgzdigital.com.ar\/wp-content\/uploads\/2023\/01\/esculturas-muestra-ovalle-3-768x510.jpg 768w, https:\/\/nubesmgzdigital.com.ar\/wp-content\/uploads\/2023\/01\/esculturas-muestra-ovalle-3-1536x1020.jpg 1536w, https:\/\/nubesmgzdigital.com.ar\/wp-content\/uploads\/2023\/01\/esculturas-muestra-ovalle-3-696x462.jpg 696w, https:\/\/nubesmgzdigital.com.ar\/wp-content\/uploads\/2023\/01\/esculturas-muestra-ovalle-3-1068x710.jpg 1068w, https:\/\/nubesmgzdigital.com.ar\/wp-content\/uploads\/2023\/01\/esculturas-muestra-ovalle-3-632x420.jpg 632w, https:\/\/nubesmgzdigital.com.ar\/wp-content\/uploads\/2023\/01\/esculturas-muestra-ovalle-3.jpg 1600w\" sizes=\"auto, (max-width: 1024px) 100vw, 1024px\" \/><\/figure>\n\n\n\n<figure class=\"wp-block-image size-large\"><img loading=\"lazy\" decoding=\"async\" width=\"1024\" height=\"680\" data-id=\"12507\" src=\"https:\/\/nubesmgzdigital.com.ar\/wp-content\/uploads\/2023\/01\/esculturas-muestra-ovalle-4-1024x680.jpeg\" alt=\"\" class=\"wp-image-12507\" srcset=\"https:\/\/nubesmgzdigital.com.ar\/wp-content\/uploads\/2023\/01\/esculturas-muestra-ovalle-4-1024x680.jpeg 1024w, https:\/\/nubesmgzdigital.com.ar\/wp-content\/uploads\/2023\/01\/esculturas-muestra-ovalle-4-300x199.jpeg 300w, https:\/\/nubesmgzdigital.com.ar\/wp-content\/uploads\/2023\/01\/esculturas-muestra-ovalle-4-768x510.jpeg 768w, https:\/\/nubesmgzdigital.com.ar\/wp-content\/uploads\/2023\/01\/esculturas-muestra-ovalle-4-1536x1020.jpeg 1536w, https:\/\/nubesmgzdigital.com.ar\/wp-content\/uploads\/2023\/01\/esculturas-muestra-ovalle-4-696x462.jpeg 696w, https:\/\/nubesmgzdigital.com.ar\/wp-content\/uploads\/2023\/01\/esculturas-muestra-ovalle-4-1068x710.jpeg 1068w, https:\/\/nubesmgzdigital.com.ar\/wp-content\/uploads\/2023\/01\/esculturas-muestra-ovalle-4-632x420.jpeg 632w, https:\/\/nubesmgzdigital.com.ar\/wp-content\/uploads\/2023\/01\/esculturas-muestra-ovalle-4.jpeg 1600w\" sizes=\"auto, (max-width: 1024px) 100vw, 1024px\" \/><\/figure>\n\n\n\n<figure class=\"wp-block-image size-large\"><img loading=\"lazy\" decoding=\"async\" width=\"1024\" height=\"680\" data-id=\"12508\" src=\"https:\/\/nubesmgzdigital.com.ar\/wp-content\/uploads\/2023\/01\/esculturas-muestra-ovalle-5-1024x680.jpeg\" alt=\"\" class=\"wp-image-12508\" srcset=\"https:\/\/nubesmgzdigital.com.ar\/wp-content\/uploads\/2023\/01\/esculturas-muestra-ovalle-5-1024x680.jpeg 1024w, https:\/\/nubesmgzdigital.com.ar\/wp-content\/uploads\/2023\/01\/esculturas-muestra-ovalle-5-300x199.jpeg 300w, https:\/\/nubesmgzdigital.com.ar\/wp-content\/uploads\/2023\/01\/esculturas-muestra-ovalle-5-768x510.jpeg 768w, https:\/\/nubesmgzdigital.com.ar\/wp-content\/uploads\/2023\/01\/esculturas-muestra-ovalle-5-1536x1020.jpeg 1536w, https:\/\/nubesmgzdigital.com.ar\/wp-content\/uploads\/2023\/01\/esculturas-muestra-ovalle-5-696x462.jpeg 696w, https:\/\/nubesmgzdigital.com.ar\/wp-content\/uploads\/2023\/01\/esculturas-muestra-ovalle-5-1068x710.jpeg 1068w, https:\/\/nubesmgzdigital.com.ar\/wp-content\/uploads\/2023\/01\/esculturas-muestra-ovalle-5-632x420.jpeg 632w, https:\/\/nubesmgzdigital.com.ar\/wp-content\/uploads\/2023\/01\/esculturas-muestra-ovalle-5.jpeg 1600w\" sizes=\"auto, (max-width: 1024px) 100vw, 1024px\" \/><\/figure>\n\n\n\n<figure class=\"wp-block-image size-large\"><img loading=\"lazy\" decoding=\"async\" width=\"1024\" height=\"576\" data-id=\"12509\" src=\"https:\/\/nubesmgzdigital.com.ar\/wp-content\/uploads\/2023\/01\/flyer-muestra-esculturas-1024x576.jpeg\" alt=\"\" class=\"wp-image-12509\" srcset=\"https:\/\/nubesmgzdigital.com.ar\/wp-content\/uploads\/2023\/01\/flyer-muestra-esculturas-1024x576.jpeg 1024w, https:\/\/nubesmgzdigital.com.ar\/wp-content\/uploads\/2023\/01\/flyer-muestra-esculturas-300x169.jpeg 300w, https:\/\/nubesmgzdigital.com.ar\/wp-content\/uploads\/2023\/01\/flyer-muestra-esculturas-768x432.jpeg 768w, https:\/\/nubesmgzdigital.com.ar\/wp-content\/uploads\/2023\/01\/flyer-muestra-esculturas-696x392.jpeg 696w, https:\/\/nubesmgzdigital.com.ar\/wp-content\/uploads\/2023\/01\/flyer-muestra-esculturas-1068x601.jpeg 1068w, https:\/\/nubesmgzdigital.com.ar\/wp-content\/uploads\/2023\/01\/flyer-muestra-esculturas-747x420.jpeg 747w, https:\/\/nubesmgzdigital.com.ar\/wp-content\/uploads\/2023\/01\/flyer-muestra-esculturas.jpeg 1280w\" sizes=\"auto, (max-width: 1024px) 100vw, 1024px\" \/><\/figure>\n\n\n\n<figure class=\"wp-block-image size-large\"><img loading=\"lazy\" decoding=\"async\" width=\"1024\" height=\"680\" data-id=\"12510\" src=\"https:\/\/nubesmgzdigital.com.ar\/wp-content\/uploads\/2023\/01\/esculturas-muestra-ovalle-2-1024x680.jpeg\" alt=\"\" class=\"wp-image-12510\" srcset=\"https:\/\/nubesmgzdigital.com.ar\/wp-content\/uploads\/2023\/01\/esculturas-muestra-ovalle-2-1024x680.jpeg 1024w, https:\/\/nubesmgzdigital.com.ar\/wp-content\/uploads\/2023\/01\/esculturas-muestra-ovalle-2-300x199.jpeg 300w, https:\/\/nubesmgzdigital.com.ar\/wp-content\/uploads\/2023\/01\/esculturas-muestra-ovalle-2-768x510.jpeg 768w, https:\/\/nubesmgzdigital.com.ar\/wp-content\/uploads\/2023\/01\/esculturas-muestra-ovalle-2-1536x1020.jpeg 1536w, https:\/\/nubesmgzdigital.com.ar\/wp-content\/uploads\/2023\/01\/esculturas-muestra-ovalle-2-696x462.jpeg 696w, https:\/\/nubesmgzdigital.com.ar\/wp-content\/uploads\/2023\/01\/esculturas-muestra-ovalle-2-1068x710.jpeg 1068w, https:\/\/nubesmgzdigital.com.ar\/wp-content\/uploads\/2023\/01\/esculturas-muestra-ovalle-2-632x420.jpeg 632w, https:\/\/nubesmgzdigital.com.ar\/wp-content\/uploads\/2023\/01\/esculturas-muestra-ovalle-2.jpeg 1600w\" sizes=\"auto, (max-width: 1024px) 100vw, 1024px\" \/><\/figure>\n<\/figure>\n\n\n\n<p><strong>Sobre la artista<\/strong><\/p>\n\n\n\n<p>Ovalle naci\u00f3 en la ciudad de Salta en 1961. Se inici\u00f3 en el arte de la mano de la escultora Elsa Salfity y en la d\u00e9cada del 80\u2019 estudi\u00f3 en la Escuela de Bellas Artes \u201cTom\u00e1s Cabrera\u201d de Salta, obteniendo el t\u00edtulo de Profesora en Artes Visuales, especializada en Escultura. Se desempe\u00f1a actualmente como docente.<\/p>\n\n\n\n<p>Por muchos a\u00f1os estuvo a cargo del Taller de Escultura de la Municipalidad de la ciudad de Salta, realizando trofeos escult\u00f3ricos, tareas de mantenimiento, restauraci\u00f3n y creaci\u00f3n de monumentos&nbsp;&nbsp;entre los que se puede mencionar: El Muro \u2013 Monumento a la Juventud (1985\u20131986 ) en el barrio Portezuelo Norte;&nbsp; el Monumento a la Maestra de Am\u00e9rica (1988)&nbsp; en el parque San Mart\u00edn;&nbsp; el Monumento al Trabajo (1989) en la plaza 1\u00b0 de Mayo del barrio San Jos\u00e9, y el Grito (1991) Cemento directo 235 x 190 x 400 cm, plazoleta Juan Calchaqu\u00ed,&nbsp; Avda. L\u00edbano, frente al Concejo Deliberante Salta.<\/p>\n\n\n\n<p>Particip\u00f3 de 15 exposiciones individuales y 75 colectivas.&nbsp; A lo largo de su carrera fue reconocida por sus colegas e instituciones p\u00fablicas a nivel nacional, provincial y municipal, recibiendo premios y distinciones de car\u00e1cter nacional y provincial.<\/p>\n","protected":false},"excerpt":{"rendered":"<p>La artista brindar\u00e1 detalles de su obra y sobre el dise\u00f1o de su exposici\u00f3n\u00a0\u201cLa creaci\u00f3n de cada d\u00eda\u201d. Ser\u00e1 el jueves 12 a las 19, con entrada libre y gratuita. La Municipalidad de Salta llevar\u00e1 adelante una visita guiada a cargo de la profesora y escultora Viviana Ovalle en el Museo de la Ciudad \u00abCasa [&hellip;]<\/p>\n","protected":false},"author":2,"featured_media":12509,"comment_status":"open","ping_status":"open","sticky":false,"template":"","format":"standard","meta":{"footnotes":""},"categories":[131,114],"tags":[],"class_list":["post-12505","post","type-post","status-publish","format-standard","has-post-thumbnail","hentry","category-bodegas","category-turismo-destinos"],"post_mailing_queue_ids":[],"_links":{"self":[{"href":"https:\/\/nubesmgzdigital.com.ar\/index.php\/wp-json\/wp\/v2\/posts\/12505","targetHints":{"allow":["GET"]}}],"collection":[{"href":"https:\/\/nubesmgzdigital.com.ar\/index.php\/wp-json\/wp\/v2\/posts"}],"about":[{"href":"https:\/\/nubesmgzdigital.com.ar\/index.php\/wp-json\/wp\/v2\/types\/post"}],"author":[{"embeddable":true,"href":"https:\/\/nubesmgzdigital.com.ar\/index.php\/wp-json\/wp\/v2\/users\/2"}],"replies":[{"embeddable":true,"href":"https:\/\/nubesmgzdigital.com.ar\/index.php\/wp-json\/wp\/v2\/comments?post=12505"}],"version-history":[{"count":1,"href":"https:\/\/nubesmgzdigital.com.ar\/index.php\/wp-json\/wp\/v2\/posts\/12505\/revisions"}],"predecessor-version":[{"id":12511,"href":"https:\/\/nubesmgzdigital.com.ar\/index.php\/wp-json\/wp\/v2\/posts\/12505\/revisions\/12511"}],"wp:featuredmedia":[{"embeddable":true,"href":"https:\/\/nubesmgzdigital.com.ar\/index.php\/wp-json\/wp\/v2\/media\/12509"}],"wp:attachment":[{"href":"https:\/\/nubesmgzdigital.com.ar\/index.php\/wp-json\/wp\/v2\/media?parent=12505"}],"wp:term":[{"taxonomy":"category","embeddable":true,"href":"https:\/\/nubesmgzdigital.com.ar\/index.php\/wp-json\/wp\/v2\/categories?post=12505"},{"taxonomy":"post_tag","embeddable":true,"href":"https:\/\/nubesmgzdigital.com.ar\/index.php\/wp-json\/wp\/v2\/tags?post=12505"}],"curies":[{"name":"wp","href":"https:\/\/api.w.org\/{rel}","templated":true}]}}