{"id":12513,"date":"2023-01-11T10:34:53","date_gmt":"2023-01-11T13:34:53","guid":{"rendered":"https:\/\/nubesmgzdigital.com.ar\/?p=12513"},"modified":"2023-01-11T10:34:53","modified_gmt":"2023-01-11T13:34:53","slug":"verano-2023-lammens-y-barrera-recorrieron-la-playa-deportiva-de-villa-gesell","status":"publish","type":"post","link":"https:\/\/nubesmgzdigital.com.ar\/index.php\/2023\/01\/11\/verano-2023-lammens-y-barrera-recorrieron-la-playa-deportiva-de-villa-gesell\/","title":{"rendered":"Verano 2023: Lammens y Barrera recorrieron la Playa Deportiva de Villa Gesell"},"content":{"rendered":"\n<h2 class=\"has-vivid-cyan-blue-color has-text-color wp-block-heading\"><strong><em>Actividades recreativas, libres y gratuitas<\/em><\/strong><\/h2>\n\n\n\n<p>El ministro de Turismo y Deportes de la Naci\u00f3n,&nbsp;<strong>Mat\u00edas Lammens<\/strong>, recorri\u00f3 la&nbsp;<strong>Playa Deportiva<\/strong>&nbsp;que instal\u00f3 el Gobierno Nacional en la localidad bonaerense de&nbsp;<strong>Villa Gesell<\/strong>&nbsp;junto con el intendente&nbsp;<strong>Gustavo Barrera<\/strong>, donde se llevar\u00e1n adelante actividades recreativas, libres y gratuitas.<\/p>\n\n\n\n<p>Durante la temporada de verano, las y los turistas podr\u00e1n practicar v\u00f3ley, f\u00fatbol, teqball y realizar clases de zumba, entre otras iniciativas, en el espacio ubicado en la&nbsp;<strong>Av. Costanera y 112 de Villa Gesell<\/strong>. En el mismo sentido, el ministerio tambi\u00e9n cuenta con un espacio deportivo en la&nbsp;<strong>Av. Costanera y 21 de la ciudad de Miramar<\/strong>.<\/p>\n\n\n\n<figure class=\"wp-block-image size-large\"><img decoding=\"async\" src=\"https:\/\/www.argentina.gob.ar\/sites\/default\/files\/playa_deportiva_0902.jpg\" alt=\"\"\/><\/figure>\n\n\n\n<p>Tras la recorrida, Lammens y Barrera repasaron los primeros impactos de la temporada en&nbsp;<strong>Villa Gesell<\/strong>, donde&nbsp;<strong>la ocupaci\u00f3n ya super\u00f3 el 90%<\/strong>, con un impacto econ\u00f3mico de $3 mil millones, de acuerdo a los relevamientos iniciales.<\/p>\n\n\n\n<p>La agenda del ministro nacional se inici\u00f3 en Miramar, donde acompa\u00f1\u00f3 al\u00a0<strong>presidente Alberto Fern\u00e1ndez en un\u00a0<a href=\"https:\/\/www.argentina.gob.ar\/noticias\/alberto-fernandez-celebro-tener-una-temporada-turistica-record-en-2022-y-2023\" target=\"_blank\" rel=\"noreferrer noopener\">encuentro con representantes del sector tur\u00edstico<\/a><\/strong>\u00a0y en la recorrida por el\u00a0<strong>Miramar Rugby Club<\/strong>, entre otras actividades.<\/p>\n","protected":false},"excerpt":{"rendered":"<p>Actividades recreativas, libres y gratuitas El ministro de Turismo y Deportes de la Naci\u00f3n,&nbsp;Mat\u00edas Lammens, recorri\u00f3 la&nbsp;Playa Deportiva&nbsp;que instal\u00f3 el Gobierno Nacional en la localidad bonaerense de&nbsp;Villa Gesell&nbsp;junto con el intendente&nbsp;Gustavo Barrera, donde se llevar\u00e1n adelante actividades recreativas, libres y gratuitas. Durante la temporada de verano, las y los turistas podr\u00e1n practicar v\u00f3ley, f\u00fatbol, teqball [&hellip;]<\/p>\n","protected":false},"author":2,"featured_media":12514,"comment_status":"open","ping_status":"open","sticky":false,"template":"","format":"standard","meta":{"footnotes":""},"categories":[137,114],"tags":[],"class_list":["post-12513","post","type-post","status-publish","format-standard","has-post-thumbnail","hentry","category-buenos-aires-caba","category-turismo-destinos"],"post_mailing_queue_ids":[],"_links":{"self":[{"href":"https:\/\/nubesmgzdigital.com.ar\/index.php\/wp-json\/wp\/v2\/posts\/12513","targetHints":{"allow":["GET"]}}],"collection":[{"href":"https:\/\/nubesmgzdigital.com.ar\/index.php\/wp-json\/wp\/v2\/posts"}],"about":[{"href":"https:\/\/nubesmgzdigital.com.ar\/index.php\/wp-json\/wp\/v2\/types\/post"}],"author":[{"embeddable":true,"href":"https:\/\/nubesmgzdigital.com.ar\/index.php\/wp-json\/wp\/v2\/users\/2"}],"replies":[{"embeddable":true,"href":"https:\/\/nubesmgzdigital.com.ar\/index.php\/wp-json\/wp\/v2\/comments?post=12513"}],"version-history":[{"count":1,"href":"https:\/\/nubesmgzdigital.com.ar\/index.php\/wp-json\/wp\/v2\/posts\/12513\/revisions"}],"predecessor-version":[{"id":12515,"href":"https:\/\/nubesmgzdigital.com.ar\/index.php\/wp-json\/wp\/v2\/posts\/12513\/revisions\/12515"}],"wp:featuredmedia":[{"embeddable":true,"href":"https:\/\/nubesmgzdigital.com.ar\/index.php\/wp-json\/wp\/v2\/media\/12514"}],"wp:attachment":[{"href":"https:\/\/nubesmgzdigital.com.ar\/index.php\/wp-json\/wp\/v2\/media?parent=12513"}],"wp:term":[{"taxonomy":"category","embeddable":true,"href":"https:\/\/nubesmgzdigital.com.ar\/index.php\/wp-json\/wp\/v2\/categories?post=12513"},{"taxonomy":"post_tag","embeddable":true,"href":"https:\/\/nubesmgzdigital.com.ar\/index.php\/wp-json\/wp\/v2\/tags?post=12513"}],"curies":[{"name":"wp","href":"https:\/\/api.w.org\/{rel}","templated":true}]}}