{"id":12516,"date":"2023-01-11T10:45:21","date_gmt":"2023-01-11T13:45:21","guid":{"rendered":"https:\/\/nubesmgzdigital.com.ar\/?p=12516"},"modified":"2023-01-11T10:46:25","modified_gmt":"2023-01-11T13:46:25","slug":"embratur-lleva-a-la-influencer-chilena-despegar-a-vivir-el-calor-de-brasil-en-el-nordeste","status":"publish","type":"post","link":"https:\/\/nubesmgzdigital.com.ar\/index.php\/2023\/01\/11\/embratur-lleva-a-la-influencer-chilena-despegar-a-vivir-el-calor-de-brasil-en-el-nordeste\/","title":{"rendered":"Embratur lleva a la influencer chilena despegar a vivir &#8220;el calor de Brasil&#8221; en el Nordeste"},"content":{"rendered":"\n<h3 class=\"has-cyan-bluish-gray-color has-text-color has-background wp-block-heading\" style=\"background-color:#099839\"><em><strong>Acci\u00f3n forma parte de la campa\u00f1a &#8220;\u00a1Ven a vivir el calor de Brasil!&#8221;, que promueve el pa\u00eds en Am\u00e9rica Latina desde noviembre<\/strong><\/em><\/h3>\n\n\n\n<p>La influencer digital chilena Josefina Polanco, Jo de Despegar \u2013 la agencia de viajes m\u00e1s grande de Am\u00e9rica Latina cuya filial en Brasil es Decolar \u2013 llega a Brasil el mi\u00e9rcoles (04\/01) para experimentar experiencias en el noreste del pa\u00eds. La acci\u00f3n es un anuncio de la campa\u00f1a publicitaria &#8220;\u00a1Ven a vivir el calor de Brasil!&#8221;, promovida por Embratur desde noviembre de 2022 para atraer turistas de pa\u00edses vecinos: Argentina, Chile, Paraguay, Colombia, Per\u00fa y Panam\u00e1.<\/p>\n\n\n\n<p>Hasta el pr\u00f3ximo martes (10\/01), el influencer compartir\u00e1 con los m\u00e1s de 200.000 seguidores de instagram Despegar Chile (@despegarcl) las experiencias vividas en dos destinos incre\u00edbles del verano brasile\u00f1o: Recife y Porto de Galinhas. El objetivo de la acci\u00f3n es ampliar el conocimiento de los chilenos sobre el calor de Brasil en sus diversas facetas, como la saz\u00f3n, la bienvenida y la m\u00fasica.<\/p>\n\n\n\n<p>El perfil chileno de Despegar en Instagram, a trav\u00e9s del influencer, suele compartir con los seguidores valiosos consejos que van desde las b\u00fasquedas de entradas y alojamientos, hasta tours y experiencias \u00fanicas de cada pa\u00eds.<\/p>\n\n\n\n<p>La campa\u00f1a &#8220;\u00a1Ven a vivir el calor de Brasil!&#8221; se realiza hasta el 15 de enero de 2023 en los pa\u00edses estrat\u00e9gicos para el turismo internacional en Brasil, centrada en elementos visuales con escenarios de playa, sol, naturaleza y aventura. Las piezas caracterizan a Brasil como un pa\u00eds donde es posible vivir las m\u00e1s variadas experiencias y sensaciones de forma segura y con libertad.<\/p>\n\n\n\n<p>Seg\u00fan una encuesta realizada por la Gerencia de Mercado e Inteligencia Competitiva de Embratur con la Asociaci\u00f3n Internacional de Transporte A\u00e9reo (IATA), ya se compraron m\u00e1s de 1,07 millones de boletos internacionales para disfrutar de destinos en Brasil entre diciembre de 2022 y marzo de 2023. De este total, cerca de 57.000 entradas fueron compradas por chilenos.<\/p>\n\n\n\n<p><strong>Mercado estrat\u00e9gico<\/strong><\/p>\n\n\n\n<p>De los 3,1 millones de extranjeros que visitaron Brasil entre enero y noviembre de 2022, 169.671 son chilenos, lo que ubica la cuarta posici\u00f3n en el ranking de los mayores emisores de turistas al pa\u00eds. Como en a\u00f1os anteriores, la naci\u00f3n que m\u00e1s busc\u00f3 a Brasil es Argentina (883.088), seguida de Estados Unidos (373.382) y Paraguay (256.598).<\/p>\n\n\n\n<figure class=\"wp-block-image size-full\"><a href=\"https:\/\/embratur.com.br\/2023\/01\/04\/embratur-traz-influenciadora-chilena-da-despegar-para-vivenciar-o-calor-do-brasil-no-nordeste\/\" target=\"_blank\" rel=\"noreferrer noopener\"><img loading=\"lazy\" decoding=\"async\" width=\"310\" height=\"75\" src=\"https:\/\/nubesmgzdigital.com.ar\/wp-content\/uploads\/2023\/01\/Captura-web_11-1-2023_10437_embratur.com_.br_.jpeg\" alt=\"\" class=\"wp-image-12517\" srcset=\"https:\/\/nubesmgzdigital.com.ar\/wp-content\/uploads\/2023\/01\/Captura-web_11-1-2023_10437_embratur.com_.br_.jpeg 310w, https:\/\/nubesmgzdigital.com.ar\/wp-content\/uploads\/2023\/01\/Captura-web_11-1-2023_10437_embratur.com_.br_-300x73.jpeg 300w\" sizes=\"auto, (max-width: 310px) 100vw, 310px\" \/><\/a><\/figure>\n","protected":false},"excerpt":{"rendered":"<p>Porto de Galinhas es una de las atracciones a visitar por el comunicador<\/p>\n","protected":false},"author":2,"featured_media":12518,"comment_status":"open","ping_status":"open","sticky":false,"template":"","format":"standard","meta":{"footnotes":""},"categories":[113],"tags":[],"class_list":["post-12516","post","type-post","status-publish","format-standard","has-post-thumbnail","hentry","category-internacional"],"post_mailing_queue_ids":[],"_links":{"self":[{"href":"https:\/\/nubesmgzdigital.com.ar\/index.php\/wp-json\/wp\/v2\/posts\/12516","targetHints":{"allow":["GET"]}}],"collection":[{"href":"https:\/\/nubesmgzdigital.com.ar\/index.php\/wp-json\/wp\/v2\/posts"}],"about":[{"href":"https:\/\/nubesmgzdigital.com.ar\/index.php\/wp-json\/wp\/v2\/types\/post"}],"author":[{"embeddable":true,"href":"https:\/\/nubesmgzdigital.com.ar\/index.php\/wp-json\/wp\/v2\/users\/2"}],"replies":[{"embeddable":true,"href":"https:\/\/nubesmgzdigital.com.ar\/index.php\/wp-json\/wp\/v2\/comments?post=12516"}],"version-history":[{"count":2,"href":"https:\/\/nubesmgzdigital.com.ar\/index.php\/wp-json\/wp\/v2\/posts\/12516\/revisions"}],"predecessor-version":[{"id":12520,"href":"https:\/\/nubesmgzdigital.com.ar\/index.php\/wp-json\/wp\/v2\/posts\/12516\/revisions\/12520"}],"wp:featuredmedia":[{"embeddable":true,"href":"https:\/\/nubesmgzdigital.com.ar\/index.php\/wp-json\/wp\/v2\/media\/12518"}],"wp:attachment":[{"href":"https:\/\/nubesmgzdigital.com.ar\/index.php\/wp-json\/wp\/v2\/media?parent=12516"}],"wp:term":[{"taxonomy":"category","embeddable":true,"href":"https:\/\/nubesmgzdigital.com.ar\/index.php\/wp-json\/wp\/v2\/categories?post=12516"},{"taxonomy":"post_tag","embeddable":true,"href":"https:\/\/nubesmgzdigital.com.ar\/index.php\/wp-json\/wp\/v2\/tags?post=12516"}],"curies":[{"name":"wp","href":"https:\/\/api.w.org\/{rel}","templated":true}]}}