{"id":12943,"date":"2023-03-14T13:15:40","date_gmt":"2023-03-14T16:15:40","guid":{"rendered":"https:\/\/nubesmgzdigital.com.ar\/?p=12943"},"modified":"2023-03-14T13:18:21","modified_gmt":"2023-03-14T16:18:21","slug":"argentina-cerro-una-auspiciosa-mision-comercial-en-chile","status":"publish","type":"post","link":"https:\/\/nubesmgzdigital.com.ar\/index.php\/2023\/03\/14\/argentina-cerro-una-auspiciosa-mision-comercial-en-chile\/","title":{"rendered":"<strong>ARGENTINA CERR\u00d3 UNA AUSPICIOSA MISI\u00d3N COMERCIAL EN CHILE<\/strong>"},"content":{"rendered":"\n<h3 class=\"has-white-color has-vivid-cyan-blue-background-color has-text-color has-background wp-block-heading\"><em>A trav\u00e9s de una nueva edici\u00f3n del&nbsp;<\/em>Buy Argentina<em>&nbsp;llevado adelante por el INPROTUR, las empresas nacionales concretaron alrededor de 400 reuniones de trabajo junto a las operadoras locales.<\/em><\/h3>\n\n\n\n<p><em><strong>Visit Argentina<\/strong><\/em>, a trav\u00e9s del&nbsp;<strong>Instituto Nacional de Promoci\u00f3n Tur\u00edstica (INPROTUR)<\/strong>, se present\u00f3 nuevamente en&nbsp;<strong>Chile<\/strong>&nbsp;para llevar adelante, en este caso, la exitosa edici\u00f3n del&nbsp;<em><strong>Buy Argentina<\/strong><\/em>, encuentro comercial que re\u00fane al trade tur\u00edstico local con empresarios argentinos para generar mayores recursos y posibilidades de ventas hacia nuestro pa\u00eds.<\/p>\n\n\n\n<p>Con amplias convocatorias en\u00a0<strong>Santiago (7 de marzo), Concepci\u00f3n (8 de marzo) y Antofagasta (10 de marzo)<\/strong>, la misi\u00f3n dej\u00f3 un importante saldo de aproximadamente 400 reuniones de trabajo, con un claro inter\u00e9s del trade tur\u00edstico local por la variada oferta argentina.<\/p>\n\n\n\n<figure class=\"wp-block-table\"><table><tbody><tr><td><img decoding=\"async\" alt=\"\" src=\"https:\/\/ci5.googleusercontent.com\/proxy\/m9DnE5_wexW0eoTPahZjYcFUwPKlwWWcLbojefSeesj78r-vGKB6BLfd83LWGeQYblHVxUrzvYXibgLnEu0pLAtrgdSgYAIQw_0Gn2DGd_40uMpYzprTWQnT8A65xESv0UerRxC-CE8miqbUneMXWp8Lnd9poA=s0-d-e1-ft#https:\/\/mcusercontent.com\/c72ee12e8482a64a249259cc5\/images\/8739e0d3-b942-942a-0f9b-8cd36125aeb0.jpg\" width=\"600\"><\/td><\/tr><\/tbody><\/table><\/figure>\n\n\n\n<figure class=\"wp-block-table\"><table><tbody><tr><td><em>\u201cEstamos muy contentos, notamos gran inter\u00e9s por parte del mercado chileno, que est\u00e1 en pleno crecimiento y que en el verano se convirti\u00f3 en el l\u00edder del ranking de llegadas a nuestro pa\u00eds. Los asistentes nos agradecieron y nos manifestaron la importancia de esta acci\u00f3n. Por lo tanto, creemos que el resultado es m\u00e1s que positivo\u201d<\/em>, expres\u00f3&nbsp;<strong>Oscar Su\u00e1rez, Director de Mercados del INPROTUR<\/strong>.<br><br>Es importante mencionar que en la presente temporada de verano&nbsp;Chile se convirti\u00f3 en el&nbsp;<strong>principal emisor de turistas a nuestro pa\u00eds, con casi<\/strong>&nbsp;<strong>247 mil arribos<\/strong>. Si bien, el mercado chileno siempre ha sido fundamental para el receptivo argentino, son sumamente destacables las estad\u00edsticas logradas hasta el momento.<\/td><\/tr><\/tbody><\/table><\/figure>\n\n\n\n<figure class=\"wp-block-table\"><table><tbody><tr><td><img decoding=\"async\" alt=\"\" src=\"https:\/\/ci6.googleusercontent.com\/proxy\/41CDPelABgKcMFdzrEJsDobZz3esullI69UMni5WtrwBdKKHk9TbkJ7Ntq8nL7vdS2xLy-z-kniE62aGtsbSUWln8PTIrctccvI13hok4O8Ni8K2yM-O2Y1x0hN75kTFuQ8t6xdENwkuWJD7K6-7w-GAvGmySA=s0-d-e1-ft#https:\/\/mcusercontent.com\/c72ee12e8482a64a249259cc5\/images\/9cee2baf-9d38-c1c5-5dbe-8d5c725bb3d9.jpg\" width=\"600\"><\/td><\/tr><\/tbody><\/table><\/figure>\n\n\n\n<figure class=\"wp-block-table\"><table><tbody><tr><td><em>\u201cMe encant\u00f3 la presentaci\u00f3n. A trav\u00e9s de los videos uno puede conocer im\u00e1genes de todo el pa\u00eds y eso nos sirve mucho\u201d<\/em>, asegur\u00f3&nbsp;<strong>Betzabe Lobos, de la operadora Otzi<\/strong>. En tanto,&nbsp;<strong>Diego Barriga, de la agencia DABC Travel<\/strong>, tambi\u00e9n valor\u00f3 la organizaci\u00f3n del&nbsp;<em>Buy<\/em>&nbsp;porque&nbsp;<em>\u201cpuede hacer contactos de negocios, tomar contacto con otras empresas y tener informaci\u00f3n detallada. De esta forma, vamos a poder promocionar mucho m\u00e1s Argentina\u201d<\/em>.<br>&nbsp;&nbsp;&nbsp;&nbsp;&nbsp;&nbsp;&nbsp;&nbsp;&nbsp;&nbsp;&nbsp;<br>Cabe se\u00f1alar tambi\u00e9n que la delegaci\u00f3n argentina cont\u00f3 con la presencia del&nbsp;<strong>C\u00f3nsul argentino en Concepci\u00f3n, Ignacio Livy, la C\u00f3nsul nacional en Antofagasta, Ana Carolina Massuh, el Alcalde de la ciudad norte\u00f1a de Chile, Jonathan Velasquez<\/strong>, autoridades regionales, del&nbsp;<strong>SERNATUR y el Secretario de Relaciones Institucionales de la C\u00e1mara Argentina de Turismo (CAT), Horacio Reppucci<\/strong>.<\/td><\/tr><\/tbody><\/table><\/figure>\n\n\n\n<figure class=\"wp-block-image size-large\"><img decoding=\"async\" src=\"https:\/\/ci3.googleusercontent.com\/proxy\/K2gQq5qrjlYvCCf3D_JY5hqA3YC9k9Y8IZUqOL0fvSyJkCtpELlGmC0UpvDyxyqv5ih10M-iJWiTETYeZUvD4HCw5o7JBNjscMJ_XS9nL9vXtNKHCugpcwlAUnp-HJ8as9T_woK51xgg3f1S8gBu1vap4-20bg=s0-d-e1-ft#https:\/\/mcusercontent.com\/c72ee12e8482a64a249259cc5\/images\/5929452f-d06f-876d-f44c-b7e2ce1bca1c.png\" alt=\"\"\/><\/figure>\n","protected":false},"excerpt":{"rendered":"<p>A trav\u00e9s de una nueva edici\u00f3n del&nbsp;Buy Argentina&nbsp;llevado adelante por el INPROTUR, las empresas nacionales concretaron alrededor de 400 reuniones de trabajo junto a las operadoras locales. Visit Argentina, a trav\u00e9s del&nbsp;Instituto Nacional de Promoci\u00f3n Tur\u00edstica (INPROTUR), se present\u00f3 nuevamente en&nbsp;Chile&nbsp;para llevar adelante, en este caso, la exitosa edici\u00f3n del&nbsp;Buy Argentina, encuentro comercial que re\u00fane [&hellip;]<\/p>\n","protected":false},"author":2,"featured_media":12944,"comment_status":"open","ping_status":"open","sticky":false,"template":"","format":"standard","meta":{"footnotes":""},"categories":[113],"tags":[],"class_list":["post-12943","post","type-post","status-publish","format-standard","has-post-thumbnail","hentry","category-internacional"],"post_mailing_queue_ids":[],"_links":{"self":[{"href":"https:\/\/nubesmgzdigital.com.ar\/index.php\/wp-json\/wp\/v2\/posts\/12943","targetHints":{"allow":["GET"]}}],"collection":[{"href":"https:\/\/nubesmgzdigital.com.ar\/index.php\/wp-json\/wp\/v2\/posts"}],"about":[{"href":"https:\/\/nubesmgzdigital.com.ar\/index.php\/wp-json\/wp\/v2\/types\/post"}],"author":[{"embeddable":true,"href":"https:\/\/nubesmgzdigital.com.ar\/index.php\/wp-json\/wp\/v2\/users\/2"}],"replies":[{"embeddable":true,"href":"https:\/\/nubesmgzdigital.com.ar\/index.php\/wp-json\/wp\/v2\/comments?post=12943"}],"version-history":[{"count":2,"href":"https:\/\/nubesmgzdigital.com.ar\/index.php\/wp-json\/wp\/v2\/posts\/12943\/revisions"}],"predecessor-version":[{"id":12947,"href":"https:\/\/nubesmgzdigital.com.ar\/index.php\/wp-json\/wp\/v2\/posts\/12943\/revisions\/12947"}],"wp:featuredmedia":[{"embeddable":true,"href":"https:\/\/nubesmgzdigital.com.ar\/index.php\/wp-json\/wp\/v2\/media\/12944"}],"wp:attachment":[{"href":"https:\/\/nubesmgzdigital.com.ar\/index.php\/wp-json\/wp\/v2\/media?parent=12943"}],"wp:term":[{"taxonomy":"category","embeddable":true,"href":"https:\/\/nubesmgzdigital.com.ar\/index.php\/wp-json\/wp\/v2\/categories?post=12943"},{"taxonomy":"post_tag","embeddable":true,"href":"https:\/\/nubesmgzdigital.com.ar\/index.php\/wp-json\/wp\/v2\/tags?post=12943"}],"curies":[{"name":"wp","href":"https:\/\/api.w.org\/{rel}","templated":true}]}}