{"id":12968,"date":"2023-03-16T11:03:25","date_gmt":"2023-03-16T14:03:25","guid":{"rendered":"https:\/\/nubesmgzdigital.com.ar\/?p=12968"},"modified":"2023-03-16T11:08:22","modified_gmt":"2023-03-16T14:08:22","slug":"lucrecia-cardoso-secretaria-de-desarrollo-cultural-participo-de-un-encuentro-clave-para-el-desarrollo-del-norte-grande","status":"publish","type":"post","link":"https:\/\/nubesmgzdigital.com.ar\/index.php\/2023\/03\/16\/lucrecia-cardoso-secretaria-de-desarrollo-cultural-participo-de-un-encuentro-clave-para-el-desarrollo-del-norte-grande\/","title":{"rendered":"Lucrecia Cardoso, Secretaria de Desarrollo Cultural, particip\u00f3 de un encuentro clave para el desarrollo del Norte Grande"},"content":{"rendered":"\n<p class=\"has-white-color has-text-color has-background\" style=\"background-color:#063957\"><em>Con sede en Catamarca, se realiz\u00f3 la 16\u00aa Asamblea de Gobernadores del Consejo Regional del Norte Grande, en la cual sus respectivos 10 mandatarios, acompa\u00f1ados por 4 ministros nacionales, anunciaron importantes medidas para el desarrollo econ\u00f3mico de la regi\u00f3n.<\/em><\/p>\n\n\n\n<p>Catamarca recibi\u00f3, en la 16\u00aa edici\u00f3n de laAsamblea de Gobernadores del Consejo Regional del Norte Grande, a sus respectivos mandatarios acompa\u00f1ados, en esta ocasi\u00f3n, por los ministros de Interior de la Naci\u00f3n, Eduardo \u201cWado\u201d de Pedro, de Ciencia, Tecnolog\u00eda e Innovaci\u00f3n, Daniel Filmus, de Desarrollo Territorial y H\u00e1bitat, Santiago Maggiotti y de Desarrollo Social, Victoria Tolosa Paz.<\/p>\n\n\n\n<p>Este encuentro de trabajo, realizado en el&nbsp; predio de la Uni\u00f3n de Trabajadores del Turismo, Hoteleros y Gastron\u00f3micos de la Rep\u00fablica Argentina (UTHGRA) de la capital catamarque\u00f1a, reuni\u00f3 a los gobernadores Ra\u00fal Jalil (Catamarca); Jorge Capitanich (Chaco); Gustavo Vald\u00e9s (Corrientes); Gildo Insfr\u00e1n (Formosa); Gerardo Morales (Jujuy); Ricardo Quintela (La Rioja); Oscar Herrera Ahuad (Misiones); Gerardo Zamora (Santiago del Estero y presidente pro tempore del Norte Grande); y a Antonio Morocco (vicegobernador de Salta) y Regino Amado (presidente subrogante de la vicegobernaci\u00f3n de Tucum\u00e1n). All\u00ed, los 10 mandatarios que integran el bloque anunciaron que presentar\u00e1n ante el Congreso Nacional un \u201cPlan de Estrategia Log\u00edstica\u201d para dar cuenta de las necesidades de desarrollo e implementaci\u00f3n de diversas obras en las distintas regiones. Tambi\u00e9n, avanzaron con la creaci\u00f3n de una Agencia de Ciencia para la regi\u00f3n, que busca fortalecer y agregar valor a la ciencia producida.<\/p>\n\n\n\n<figure class=\"wp-block-gallery has-nested-images columns-default is-cropped wp-block-gallery-1 is-layout-flex wp-block-gallery-is-layout-flex\">\n<figure class=\"wp-block-image size-large\"><img loading=\"lazy\" decoding=\"async\" width=\"1024\" height=\"684\" data-id=\"12969\" src=\"https:\/\/nubesmgzdigital.com.ar\/wp-content\/uploads\/2023\/03\/Asamblea-de-Gobernadores-del-Consejo-Regional-del-Norte-Grande-3-1024x684.jpeg\" alt=\"\" class=\"wp-image-12969\" srcset=\"https:\/\/nubesmgzdigital.com.ar\/wp-content\/uploads\/2023\/03\/Asamblea-de-Gobernadores-del-Consejo-Regional-del-Norte-Grande-3-1024x684.jpeg 1024w, https:\/\/nubesmgzdigital.com.ar\/wp-content\/uploads\/2023\/03\/Asamblea-de-Gobernadores-del-Consejo-Regional-del-Norte-Grande-3-300x200.jpeg 300w, https:\/\/nubesmgzdigital.com.ar\/wp-content\/uploads\/2023\/03\/Asamblea-de-Gobernadores-del-Consejo-Regional-del-Norte-Grande-3-768x513.jpeg 768w, https:\/\/nubesmgzdigital.com.ar\/wp-content\/uploads\/2023\/03\/Asamblea-de-Gobernadores-del-Consejo-Regional-del-Norte-Grande-3-696x465.jpeg 696w, https:\/\/nubesmgzdigital.com.ar\/wp-content\/uploads\/2023\/03\/Asamblea-de-Gobernadores-del-Consejo-Regional-del-Norte-Grande-3-629x420.jpeg 629w, https:\/\/nubesmgzdigital.com.ar\/wp-content\/uploads\/2023\/03\/Asamblea-de-Gobernadores-del-Consejo-Regional-del-Norte-Grande-3.jpeg 1060w\" sizes=\"auto, (max-width: 1024px) 100vw, 1024px\" \/><\/figure>\n\n\n\n<figure class=\"wp-block-image size-large\"><img decoding=\"async\" data-id=\"12970\" src=\"https:\/\/nubesmgzdigital.com.ar\/wp-content\/uploads\/2023\/03\/Asamblea-de-Gobernadores-del-Consejo-Regional-del-Norte-Grande-2-576x1024.jpeg\" alt=\"\" class=\"wp-image-12970\"\/><\/figure>\n\n\n\n<figure class=\"wp-block-image size-large\"><img loading=\"lazy\" decoding=\"async\" width=\"1024\" height=\"576\" data-id=\"12971\" src=\"https:\/\/nubesmgzdigital.com.ar\/wp-content\/uploads\/2023\/03\/Asamblea-de-Gobernadores-del-Consejo-Regional-del-Norte-Grande-1-1024x576.jpeg\" alt=\"\" class=\"wp-image-12971\" srcset=\"https:\/\/nubesmgzdigital.com.ar\/wp-content\/uploads\/2023\/03\/Asamblea-de-Gobernadores-del-Consejo-Regional-del-Norte-Grande-1-1024x576.jpeg 1024w, https:\/\/nubesmgzdigital.com.ar\/wp-content\/uploads\/2023\/03\/Asamblea-de-Gobernadores-del-Consejo-Regional-del-Norte-Grande-1-300x169.jpeg 300w, https:\/\/nubesmgzdigital.com.ar\/wp-content\/uploads\/2023\/03\/Asamblea-de-Gobernadores-del-Consejo-Regional-del-Norte-Grande-1-768x432.jpeg 768w, https:\/\/nubesmgzdigital.com.ar\/wp-content\/uploads\/2023\/03\/Asamblea-de-Gobernadores-del-Consejo-Regional-del-Norte-Grande-1-696x392.jpeg 696w, https:\/\/nubesmgzdigital.com.ar\/wp-content\/uploads\/2023\/03\/Asamblea-de-Gobernadores-del-Consejo-Regional-del-Norte-Grande-1-1068x601.jpeg 1068w, https:\/\/nubesmgzdigital.com.ar\/wp-content\/uploads\/2023\/03\/Asamblea-de-Gobernadores-del-Consejo-Regional-del-Norte-Grande-1-747x420.jpeg 747w, https:\/\/nubesmgzdigital.com.ar\/wp-content\/uploads\/2023\/03\/Asamblea-de-Gobernadores-del-Consejo-Regional-del-Norte-Grande-1.jpeg 1280w\" sizes=\"auto, (max-width: 1024px) 100vw, 1024px\" \/><\/figure>\n<\/figure>\n\n\n\n<p>Adem\u00e1s, analizaron los avances de la agenda establecida en el pasado 2022, que con un enfoque prioritariamente federal,&nbsp; busca erradicar las asimetr\u00edas con otras regiones del pa\u00eds y llegar a nuevos mercados que logren potenciar el desarrollo integral de la regi\u00f3n. \u201cLa circulaci\u00f3n de los bienes culturales del norte grande tiene un principal cliente en los pa\u00edses vecinos de la regi\u00f3n. Tenemos que lograr conformar, primero, n\u00fameros de impacto, cadena de valor regionales, estrategias de destinos preferentes y salir a vender la regi\u00f3n como lo que verdaderamente es\u201d, explic\u00f3 la Secretaria de Desarrollo Cultural, Lucrecia Cardoso, en su exposici\u00f3n en el marco de la Asamblea, quien tambi\u00e9n acompa\u00f1\u00f3 al ministro de Cultura de la Naci\u00f3n, Trist\u00e1n Bauer.<\/p>\n\n\n\n<p>Por \u00faltimo, tambi\u00e9n hubo lugar a reclamos pertinentes al desarrollo de la regi\u00f3n. Se solicit\u00f3 la actualizaci\u00f3n del m\u00ednimo no imponible, la pr\u00f3rroga del decreto que reduce las contribuciones patronales a nuevos empleos industriales y la aplicaci\u00f3n del cr\u00e9dito fiscal de IVA.<\/p>\n","protected":false},"excerpt":{"rendered":"<p>Con sede en Catamarca, se realiz\u00f3 la 16\u00aa Asamblea de Gobernadores del Consejo Regional del Norte Grande, en la cual sus respectivos 10 mandatarios, acompa\u00f1ados por 4 ministros nacionales, anunciaron importantes medidas para el desarrollo econ\u00f3mico de la regi\u00f3n. Catamarca recibi\u00f3, en la 16\u00aa edici\u00f3n de laAsamblea de Gobernadores del Consejo Regional del Norte Grande, [&hellip;]<\/p>\n","protected":false},"author":2,"featured_media":12973,"comment_status":"open","ping_status":"open","sticky":false,"template":"","format":"standard","meta":{"footnotes":""},"categories":[110],"tags":[],"class_list":["post-12968","post","type-post","status-publish","format-standard","has-post-thumbnail","hentry","category-regional"],"post_mailing_queue_ids":[],"_links":{"self":[{"href":"https:\/\/nubesmgzdigital.com.ar\/index.php\/wp-json\/wp\/v2\/posts\/12968","targetHints":{"allow":["GET"]}}],"collection":[{"href":"https:\/\/nubesmgzdigital.com.ar\/index.php\/wp-json\/wp\/v2\/posts"}],"about":[{"href":"https:\/\/nubesmgzdigital.com.ar\/index.php\/wp-json\/wp\/v2\/types\/post"}],"author":[{"embeddable":true,"href":"https:\/\/nubesmgzdigital.com.ar\/index.php\/wp-json\/wp\/v2\/users\/2"}],"replies":[{"embeddable":true,"href":"https:\/\/nubesmgzdigital.com.ar\/index.php\/wp-json\/wp\/v2\/comments?post=12968"}],"version-history":[{"count":1,"href":"https:\/\/nubesmgzdigital.com.ar\/index.php\/wp-json\/wp\/v2\/posts\/12968\/revisions"}],"predecessor-version":[{"id":12972,"href":"https:\/\/nubesmgzdigital.com.ar\/index.php\/wp-json\/wp\/v2\/posts\/12968\/revisions\/12972"}],"wp:featuredmedia":[{"embeddable":true,"href":"https:\/\/nubesmgzdigital.com.ar\/index.php\/wp-json\/wp\/v2\/media\/12973"}],"wp:attachment":[{"href":"https:\/\/nubesmgzdigital.com.ar\/index.php\/wp-json\/wp\/v2\/media?parent=12968"}],"wp:term":[{"taxonomy":"category","embeddable":true,"href":"https:\/\/nubesmgzdigital.com.ar\/index.php\/wp-json\/wp\/v2\/categories?post=12968"},{"taxonomy":"post_tag","embeddable":true,"href":"https:\/\/nubesmgzdigital.com.ar\/index.php\/wp-json\/wp\/v2\/tags?post=12968"}],"curies":[{"name":"wp","href":"https:\/\/api.w.org\/{rel}","templated":true}]}}