{"id":1312,"date":"2019-05-28T10:57:58","date_gmt":"2019-05-28T13:57:58","guid":{"rendered":"http:\/\/nubesmgzdigital.com.ar\/?p=1312"},"modified":"2019-05-28T10:59:48","modified_gmt":"2019-05-28T13:59:48","slug":"salta-y-cordoba-fortalecen-la-cooperacion-en-turismo-de-reuniones","status":"publish","type":"post","link":"https:\/\/nubesmgzdigital.com.ar\/index.php\/2019\/05\/28\/salta-y-cordoba-fortalecen-la-cooperacion-en-turismo-de-reuniones\/","title":{"rendered":"Salta y C\u00f3rdoba fortalecen la cooperaci\u00f3n en turismo de reuniones"},"content":{"rendered":"\n<p class=\"has-drop-cap\">Los gobernadores Urtubey y Schiaretti firmaron un convenio para profundizar la cooperaci\u00f3n en materia de turismo de reuniones, clave para romper la estacionalidad e incrementar los puestos de trabajo relacionados con la actividad. Se har\u00e1n promociones conjuntas de los destinos.<\/p>\n\n\n\n<p>El gobernador&nbsp;<strong>Juan Manuel Urtubey<\/strong>&nbsp;junto a su par de C\u00f3rdoba,&nbsp;<strong>Juan Schiaretti<\/strong>&nbsp;firmaron un convenio de intercambio, cooperaci\u00f3n e interacci\u00f3n entre sus respectivos centros de convenciones y los cuerpos administrativos, profesionales tur\u00edsticos, en temas de turismo de reuniones.<\/p>\n\n\n\n<p>En el acto que se llev\u00f3 a cabo en Casa de Gobierno de C\u00f3rdoba, Urtubey record\u00f3 que con C\u00f3rdoba, Salta ya viene trabajando en cooperaci\u00f3n en turismo de reuniones y destac\u00f3 que la provincia mediterr\u00e1nea es la segunda en esta actividad y la ciudad de Salta es la tercera.<\/p>\n\n\n\n<p>\u201cHemos consolidado una herramienta fort\u00edsima que nos permite salir de la estacionalidad porque el turismo de reuniones genera la posibilidad de un fuerte crecimiento de la actividad tur\u00edstica durante todo el a\u00f1o&#8221;, indic\u00f3 el gobernador salte\u00f1o.<\/p>\n\n\n\n<p>Urtubey tambi\u00e9n sostuvo que la Argentina tiene un enorme potencial en t\u00e9rminos de reuniones internacionales, &#8220;por eso nuestro desaf\u00edo era c\u00f3mo generamos un equipo y lo podemos sostener por igual. Salta y C\u00f3rdoba lograron esa conexi\u00f3n y somos unos de los lugares elegidos a nivel mundial en esta regi\u00f3n&#8221;.<\/p>\n\n\n\n<p>Por su parte Schiaretti afirm\u00f3 que \u201cno hay mejor pol\u00edtica social que un buen empleo por eso es de gran importancia el convenio con turismo porque esa actividad da miles y miles de puestos de trabajo\u201d.&nbsp; El gobernador cordob\u00e9s ponder\u00f3 la importancia de la conectividad para que ambas provincias profundicen el turismo\u201d.&nbsp;<\/p>\n\n\n\n<p><strong>El convenio<\/strong><\/p>\n\n\n\n<p>El acuerdo establece el trabajo de manera conjunta, compartiendo metodolog\u00edas, programas, investigaciones y estudios sobre distintos aspectos, facilitando la generaci\u00f3n de informaci\u00f3n t\u00e9cnica \u2013tur\u00edstica y generando la posibilidad de incrementar la cantidad de eventos en ambas provincias.<\/p>\n\n\n\n<p>El desarrollo tur\u00edstico sustentable en ambos territorios, a trav\u00e9s de la flexibilizaci\u00f3n de ofertas comerciales, para aquellas actividades que se realizan en un destino y eligieran su pr\u00f3ximo lugar de realizaci\u00f3n de la actividad al otro destino que integra el acuerdo.<\/p>\n\n\n\n<p>Participaron en el acto, los ministros salte\u00f1os de Cultura, Turismo y Deportes, Juan Manuel Lavallen y de Primera Infancia Carlos Abeleira, el diputado nacional Pablo Kosiner, el senador nacional por Catamarca, Dalmacio Mera, Ministros del Gobierno de C\u00f3rdoba y empresarios del sector.<\/p>\n\n\n\n<p>\n\nFuente:&nbsp;<strong>Secretar\u00eda de Comunicaci\u00f3n<\/strong><\/p>\n\n\n\n<figure class=\"wp-block-embed-youtube wp-block-embed is-type-video is-provider-youtube wp-embed-aspect-16-9 wp-has-aspect-ratio\"><div class=\"wp-block-embed__wrapper\">\n<iframe loading=\"lazy\"  id=\"_ytid_59121\"  width=\"640\" height=\"360\"  data-origwidth=\"640\" data-origheight=\"360\" src=\"https:\/\/www.youtube.com\/embed\/UcD2OyHqbtQ?enablejsapi=1&#038;autoplay=0&#038;cc_load_policy=0&#038;cc_lang_pref=&#038;iv_load_policy=1&#038;loop=0&#038;rel=1&#038;fs=1&#038;playsinline=0&#038;autohide=2&#038;theme=dark&#038;color=red&#038;controls=1&#038;disablekb=0&#038;\" class=\"__youtube_prefs__  epyt-is-override  no-lazyload\" title=\"YouTube player\"  allow=\"fullscreen; accelerometer; autoplay; clipboard-write; encrypted-media; gyroscope; picture-in-picture; web-share\" referrerpolicy=\"strict-origin-when-cross-origin\" allowfullscreen data-no-lazy=\"1\" data-skipgform_ajax_framebjll=\"\"><\/iframe>\n<\/div><\/figure>\n\n\n\n<figure class=\"wp-block-image\"><img loading=\"lazy\" decoding=\"async\" width=\"840\" height=\"160\" src=\"http:\/\/nubesmgzdigital.com.ar\/wp-content\/uploads\/2019\/05\/Publicite_aqui.gif\" alt=\"\" class=\"wp-image-1315\"\/><\/figure>\n","protected":false},"excerpt":{"rendered":"<p>Los gobernadores Urtubey y Schiaretti firmaron un convenio para profundizar la cooperaci\u00f3n en materia de turismo de reuniones, clave para romper la estacionalidad e incrementar los puestos de trabajo relacionados con la actividad. Se har\u00e1n promociones conjuntas de los destinos. El gobernador&nbsp;Juan Manuel Urtubey&nbsp;junto a su par de C\u00f3rdoba,&nbsp;Juan Schiaretti&nbsp;firmaron un convenio de intercambio, cooperaci\u00f3n [&hellip;]<\/p>\n","protected":false},"author":2,"featured_media":1313,"comment_status":"open","ping_status":"open","sticky":false,"template":"","format":"standard","meta":{"footnotes":""},"categories":[111],"tags":[],"class_list":["post-1312","post","type-post","status-publish","format-standard","has-post-thumbnail","hentry","category-nacional"],"post_mailing_queue_ids":[],"_links":{"self":[{"href":"https:\/\/nubesmgzdigital.com.ar\/index.php\/wp-json\/wp\/v2\/posts\/1312","targetHints":{"allow":["GET"]}}],"collection":[{"href":"https:\/\/nubesmgzdigital.com.ar\/index.php\/wp-json\/wp\/v2\/posts"}],"about":[{"href":"https:\/\/nubesmgzdigital.com.ar\/index.php\/wp-json\/wp\/v2\/types\/post"}],"author":[{"embeddable":true,"href":"https:\/\/nubesmgzdigital.com.ar\/index.php\/wp-json\/wp\/v2\/users\/2"}],"replies":[{"embeddable":true,"href":"https:\/\/nubesmgzdigital.com.ar\/index.php\/wp-json\/wp\/v2\/comments?post=1312"}],"version-history":[{"count":2,"href":"https:\/\/nubesmgzdigital.com.ar\/index.php\/wp-json\/wp\/v2\/posts\/1312\/revisions"}],"predecessor-version":[{"id":1316,"href":"https:\/\/nubesmgzdigital.com.ar\/index.php\/wp-json\/wp\/v2\/posts\/1312\/revisions\/1316"}],"wp:featuredmedia":[{"embeddable":true,"href":"https:\/\/nubesmgzdigital.com.ar\/index.php\/wp-json\/wp\/v2\/media\/1313"}],"wp:attachment":[{"href":"https:\/\/nubesmgzdigital.com.ar\/index.php\/wp-json\/wp\/v2\/media?parent=1312"}],"wp:term":[{"taxonomy":"category","embeddable":true,"href":"https:\/\/nubesmgzdigital.com.ar\/index.php\/wp-json\/wp\/v2\/categories?post=1312"},{"taxonomy":"post_tag","embeddable":true,"href":"https:\/\/nubesmgzdigital.com.ar\/index.php\/wp-json\/wp\/v2\/tags?post=1312"}],"curies":[{"name":"wp","href":"https:\/\/api.w.org\/{rel}","templated":true}]}}