{"id":1339,"date":"2019-05-30T11:00:02","date_gmt":"2019-05-30T14:00:02","guid":{"rendered":"http:\/\/nubesmgzdigital.com.ar\/?p=1339"},"modified":"2019-05-30T11:00:05","modified_gmt":"2019-05-30T14:00:05","slug":"el-trailer-turistico-itinerante-de-la-provincia-de-buenos-aires-inicia-su-gira-en-la-plata","status":"publish","type":"post","link":"https:\/\/nubesmgzdigital.com.ar\/index.php\/2019\/05\/30\/el-trailer-turistico-itinerante-de-la-provincia-de-buenos-aires-inicia-su-gira-en-la-plata\/","title":{"rendered":"El Trailer Tur\u00edstico Itinerante de la provincia de Buenos Aires inicia su gira en La Plata"},"content":{"rendered":"\n<p><strong>El jueves 30 a las 13 hs se realizar\u00e1 el acto de apertura y corte de cinta inaugural del Trailer Tur\u00edstico Itinerante de la Provincia de Buenos Aires en la ciudad de La Plata.<\/strong><\/p>\n\n\n\n<hr class=\"wp-block-separator\"\/>\n\n\n\n<p>El mismo se realizar\u00e1 el jueves 30 a las 13 hs en Plaza Moreno con la presencia de la subsecretaria de Turismo de la provincia de\u00a0<strong><a rel=\"noreferrer noopener\" href=\"https:\/\/hostnews.com.ar\/index.php\/articulos.htm?mact=Search%2Ccntnt01%2Cdosearch%2C0&amp;cntnt01returnid=89&amp;cntnt01searchinput=Buenos%20Aires\" target=\"_blank\">Buenos Aires\u00a0<\/a><\/strong>Martina Pikielny, el intendente de la ciudad de La Plata Julio Garro, y dem\u00e1s autoridades provinciales, municipales y locales.\u00a0<\/p>\n\n\n\n<p>El Trailer es de acceso libre y gratuito y se instalar\u00e1 en Plaza Moreno desde el jueves 30 al domingo 2, (los d\u00edas jueves y viernes en el horario de 14 a 21, y s\u00e1bado y domingo de 12 a 21 horas) donde promocionar\u00e1 sus destinos en la ciudad de La Plata, en un espacio de encuentro entre los municipios, los productores y cocineros de las diferentes regiones con una amplia agenda de propuestas tur\u00edsticas, a trav\u00e9s de la\u00a0<strong><a rel=\"noreferrer noopener\" href=\"https:\/\/hostnews.com.ar\/index.php\/articulos.htm?mact=Search%2Ccntnt01%2Cdosearch%2C0&amp;cntnt01returnid=89&amp;cntnt01searchinput=gastronom%C3%ADa\" target=\"_blank\">gastronom\u00eda<\/a><\/strong>\u00a0y las actividades culturales.\u00a0\u00a0<\/p>\n\n\n\n<p>La Municipalidad de La Plata forma parte de los 21 destinos que recorrer\u00e1 el tr\u00e1iler de la provincia con el objetivo de revalorizar las propuestas culturales, gastron\u00f3micas y tur\u00edsticas del territorio bonaerense. <\/p>\n\n\n\n<p>Fuente:<a href=\"https:\/\/bit.ly\/2JSgbz1\" target=\"_blank\" rel=\"noreferrer noopener\" aria-label=\" (opens in a new tab)\">https:\/\/bit.ly\/2JSgbz1<\/a><\/p>\n\n\n\n<figure class=\"wp-block-image\"><img loading=\"lazy\" decoding=\"async\" width=\"760\" height=\"100\" src=\"http:\/\/nubesmgzdigital.com.ar\/wp-content\/uploads\/2019\/05\/20190415_012245_0000-6.png\" alt=\"\" class=\"wp-image-1333\" srcset=\"https:\/\/nubesmgzdigital.com.ar\/wp-content\/uploads\/2019\/05\/20190415_012245_0000-6.png 760w, https:\/\/nubesmgzdigital.com.ar\/wp-content\/uploads\/2019\/05\/20190415_012245_0000-6-300x39.png 300w, https:\/\/nubesmgzdigital.com.ar\/wp-content\/uploads\/2019\/05\/20190415_012245_0000-6-696x92.png 696w\" sizes=\"auto, (max-width: 760px) 100vw, 760px\" \/><\/figure>\n","protected":false},"excerpt":{"rendered":"<p>El jueves 30 a las 13 hs se realizar\u00e1 el acto de apertura y corte de cinta inaugural del Trailer Tur\u00edstico Itinerante de la Provincia de Buenos Aires en la ciudad de La Plata. El mismo se realizar\u00e1 el jueves 30 a las 13 hs en Plaza Moreno con la presencia de la subsecretaria de [&hellip;]<\/p>\n","protected":false},"author":2,"featured_media":1340,"comment_status":"open","ping_status":"open","sticky":false,"template":"","format":"standard","meta":{"footnotes":""},"categories":[111],"tags":[],"class_list":["post-1339","post","type-post","status-publish","format-standard","has-post-thumbnail","hentry","category-nacional"],"post_mailing_queue_ids":[],"_links":{"self":[{"href":"https:\/\/nubesmgzdigital.com.ar\/index.php\/wp-json\/wp\/v2\/posts\/1339","targetHints":{"allow":["GET"]}}],"collection":[{"href":"https:\/\/nubesmgzdigital.com.ar\/index.php\/wp-json\/wp\/v2\/posts"}],"about":[{"href":"https:\/\/nubesmgzdigital.com.ar\/index.php\/wp-json\/wp\/v2\/types\/post"}],"author":[{"embeddable":true,"href":"https:\/\/nubesmgzdigital.com.ar\/index.php\/wp-json\/wp\/v2\/users\/2"}],"replies":[{"embeddable":true,"href":"https:\/\/nubesmgzdigital.com.ar\/index.php\/wp-json\/wp\/v2\/comments?post=1339"}],"version-history":[{"count":1,"href":"https:\/\/nubesmgzdigital.com.ar\/index.php\/wp-json\/wp\/v2\/posts\/1339\/revisions"}],"predecessor-version":[{"id":1341,"href":"https:\/\/nubesmgzdigital.com.ar\/index.php\/wp-json\/wp\/v2\/posts\/1339\/revisions\/1341"}],"wp:featuredmedia":[{"embeddable":true,"href":"https:\/\/nubesmgzdigital.com.ar\/index.php\/wp-json\/wp\/v2\/media\/1340"}],"wp:attachment":[{"href":"https:\/\/nubesmgzdigital.com.ar\/index.php\/wp-json\/wp\/v2\/media?parent=1339"}],"wp:term":[{"taxonomy":"category","embeddable":true,"href":"https:\/\/nubesmgzdigital.com.ar\/index.php\/wp-json\/wp\/v2\/categories?post=1339"},{"taxonomy":"post_tag","embeddable":true,"href":"https:\/\/nubesmgzdigital.com.ar\/index.php\/wp-json\/wp\/v2\/tags?post=1339"}],"curies":[{"name":"wp","href":"https:\/\/api.w.org\/{rel}","templated":true}]}}