{"id":13598,"date":"2023-06-06T11:02:44","date_gmt":"2023-06-06T14:02:44","guid":{"rendered":"https:\/\/nubesmgzdigital.com.ar\/?p=13598"},"modified":"2023-06-06T11:02:45","modified_gmt":"2023-06-06T14:02:45","slug":"innovaturba-2023-la-ciudad-de-buenos-aires-y-una-nueva-apuesta-por-la-innovacion-en-el-turismo","status":"publish","type":"post","link":"https:\/\/nubesmgzdigital.com.ar\/index.php\/2023\/06\/06\/innovaturba-2023-la-ciudad-de-buenos-aires-y-una-nueva-apuesta-por-la-innovacion-en-el-turismo\/","title":{"rendered":"InnovaturBA 2023: La Ciudad de Buenos Aires y una nueva apuesta por la innovaci\u00f3n en el turismo"},"content":{"rendered":"\n<h3 class=\"wp-block-heading has-background\" style=\"background-color:#997103\"><em>El Ente de Turismo porte\u00f1o anunci\u00f3 que la VIII jornada del evento se realizar\u00e1 el 8 de junio y buscar\u00e1 potenciar la capacidad de resiliencia del sector.<\/em><\/h3>\n\n\n\n<p>Bajo el lema &#8220;Desaf\u00edos del sector tur\u00edstico frente a nuevas tendencias&#8221;, el foco de la VIII jornada de InnovaturBA estar\u00e1 puesto en la importancia de la educaci\u00f3n, la tecnolog\u00eda, la sostenibilidad y la formaci\u00f3n profesional como elementos clave para el desarrollo del sector. Partiendo de la base de que para que el Turismo prospere, hace falta una fuerza de trabajo debidamente formada y competente, se profundizar\u00e1 la relaci\u00f3n de estos ejes con la actividad tur\u00edstica, aline\u00e1ndose a la Agenda 2030 de los Objetivos de Desarrollo Sostenible (ODS).<\/p>\n\n\n\n<p><em>&#8220;En los \u00faltimos tiempos, la reinvenci\u00f3n permanente en el turismo ha sido fundamental para la supervivencia del sector. Actualmente, desde el Entur seguimos buscando nuevas herramientas para que nuestra actividad encuentre facilidades y alternativas que lleven a consolidarla como una de las principales industrias para la recuperaci\u00f3n econ\u00f3mica no s\u00f3lo de nuestra Ciudad, sino tambi\u00e9n de todo el pa\u00eds&#8221;,<\/em>&nbsp;expres\u00f3&nbsp;<strong>Lucas Delfino, presidente del Ente de Turismo de la Ciudad de Buenos Aires.<\/strong><\/p>\n\n\n\n<figure class=\"wp-block-gallery has-nested-images columns-default is-cropped wp-block-gallery-1 is-layout-flex wp-block-gallery-is-layout-flex\">\n<figure class=\"wp-block-image size-large\"><img loading=\"lazy\" decoding=\"async\" width=\"1024\" height=\"751\" data-id=\"13600\" src=\"https:\/\/nubesmgzdigital.com.ar\/wp-content\/uploads\/2023\/06\/InnovaturBA-2022-1024x751.jpg\" alt=\"\" class=\"wp-image-13600\" srcset=\"https:\/\/nubesmgzdigital.com.ar\/wp-content\/uploads\/2023\/06\/InnovaturBA-2022-1024x751.jpg 1024w, https:\/\/nubesmgzdigital.com.ar\/wp-content\/uploads\/2023\/06\/InnovaturBA-2022-300x220.jpg 300w, https:\/\/nubesmgzdigital.com.ar\/wp-content\/uploads\/2023\/06\/InnovaturBA-2022-768x563.jpg 768w, https:\/\/nubesmgzdigital.com.ar\/wp-content\/uploads\/2023\/06\/InnovaturBA-2022-80x60.jpg 80w, https:\/\/nubesmgzdigital.com.ar\/wp-content\/uploads\/2023\/06\/InnovaturBA-2022-696x511.jpg 696w, https:\/\/nubesmgzdigital.com.ar\/wp-content\/uploads\/2023\/06\/InnovaturBA-2022-1068x783.jpg 1068w, https:\/\/nubesmgzdigital.com.ar\/wp-content\/uploads\/2023\/06\/InnovaturBA-2022-573x420.jpg 573w, https:\/\/nubesmgzdigital.com.ar\/wp-content\/uploads\/2023\/06\/InnovaturBA-2022.jpg 1280w\" sizes=\"auto, (max-width: 1024px) 100vw, 1024px\" \/><\/figure>\n\n\n\n<figure class=\"wp-block-image size-large\"><img loading=\"lazy\" decoding=\"async\" width=\"739\" height=\"764\" data-id=\"13601\" src=\"https:\/\/nubesmgzdigital.com.ar\/wp-content\/uploads\/2023\/06\/InnovaturBA-2022-3.jpg\" alt=\"\" class=\"wp-image-13601\" srcset=\"https:\/\/nubesmgzdigital.com.ar\/wp-content\/uploads\/2023\/06\/InnovaturBA-2022-3.jpg 739w, https:\/\/nubesmgzdigital.com.ar\/wp-content\/uploads\/2023\/06\/InnovaturBA-2022-3-290x300.jpg 290w, https:\/\/nubesmgzdigital.com.ar\/wp-content\/uploads\/2023\/06\/InnovaturBA-2022-3-696x720.jpg 696w, https:\/\/nubesmgzdigital.com.ar\/wp-content\/uploads\/2023\/06\/InnovaturBA-2022-3-406x420.jpg 406w\" sizes=\"auto, (max-width: 739px) 100vw, 739px\" \/><\/figure>\n\n\n\n<figure class=\"wp-block-image size-large\"><img loading=\"lazy\" decoding=\"async\" width=\"739\" height=\"536\" data-id=\"13599\" src=\"https:\/\/nubesmgzdigital.com.ar\/wp-content\/uploads\/2023\/06\/InnovaturBA-2022-2.jpg\" alt=\"\" class=\"wp-image-13599\" srcset=\"https:\/\/nubesmgzdigital.com.ar\/wp-content\/uploads\/2023\/06\/InnovaturBA-2022-2.jpg 739w, https:\/\/nubesmgzdigital.com.ar\/wp-content\/uploads\/2023\/06\/InnovaturBA-2022-2-300x218.jpg 300w, https:\/\/nubesmgzdigital.com.ar\/wp-content\/uploads\/2023\/06\/InnovaturBA-2022-2-324x235.jpg 324w, https:\/\/nubesmgzdigital.com.ar\/wp-content\/uploads\/2023\/06\/InnovaturBA-2022-2-696x505.jpg 696w, https:\/\/nubesmgzdigital.com.ar\/wp-content\/uploads\/2023\/06\/InnovaturBA-2022-2-579x420.jpg 579w\" sizes=\"auto, (max-width: 739px) 100vw, 739px\" \/><\/figure>\n<\/figure>\n\n\n\n<p>Cabe mencionar, en ese sentido, que el encuentro est\u00e1 dirigido a autoridades, empresas y emprendedores del sector tur\u00edstico, as\u00ed como tambi\u00e9n a asociaciones, universidades, estudiantes, profesionales del turismo, organizaciones p\u00fablicas y privadas vinculadas al turismo y p\u00fablico en general. Participar\u00e1n funcionarios de la Secretar\u00eda General y Relaciones Internacionales, del Ente de Turismo de la Ciudad de Buenos Aires, representantes de las c\u00e1maras, asociaciones, reconocidos disertantes y referentes del sector.<\/p>\n\n\n\n<p>InnovaturBA es el primer programa de innovaci\u00f3n tur\u00edstica promovido desde un gobierno local, siendo pionero tanto en Argentina como en Latinoam\u00e9rica. Se trata de una iniciativa del Ente de Turismo de la Ciudad de Buenos Aires, a trav\u00e9s de su Subgerencia de Capacitaci\u00f3n, Calidad, Innovaci\u00f3n y Accesibilidad perteneciente a la Gerencia de Competitividad y Regulaci\u00f3n Tur\u00edstica de la Direcci\u00f3n General de Desarrollo Tur\u00edstico. El encuentro viene ejecut\u00e1ndose consecutivamente desde hace 7 a\u00f1os y tiene como fin contribuir a la transformaci\u00f3n y posicionamiento de la Ciudad de Buenos Aires como un destino tur\u00edstico inteligente y resiliente en el mercado nacional e internacional.<\/p>\n\n\n\n<p>Durante todas sus ediciones, InnovaturBA ha logrado llegar a m\u00e1s de 15.000 actores de la cadena de valor tur\u00edstica a trav\u00e9s de diferentes acciones, ofreciendo espacios de transmisi\u00f3n de conocimientos e instancias de inspiraci\u00f3n, participaci\u00f3n, reflexi\u00f3n y creaci\u00f3n de redes de trabajo y aprendizaje continuo.<\/p>\n\n\n\n<p>El encuentro se desarrollar\u00e1 el jueves 8 de junio de 11 a 16 h en la Usina del Arte, pero tambi\u00e9n es posible participar de manera virtual a trav\u00e9s de Youtube. Para formar parte, es necesario inscribirse previamente en la&nbsp;<a href=\"https:\/\/turismo.buenosaires.gob.ar\/es\/article\/innovatur-ba\" target=\"_blank\" rel=\"noreferrer noopener\">web<\/a>.<\/p>\n\n\n\n<p><strong>Cronograma de InnovaturBA 2023<\/strong><\/p>\n\n\n\n<p><strong>&gt; 11.00 &#8211; 12.00 hs.<\/strong><\/p>\n\n\n\n<p>Acreditaci\u00f3n e ingreso<\/p>\n\n\n\n<p>Visita Guiada inmersiva sostenible<\/p>\n\n\n\n<p>Coffee Bienvenida<\/p>\n\n\n\n<p><strong>&gt; 12.00 &#8211; 12.15 hs.<\/strong><\/p>\n\n\n\n<p>Bienvenida y apertura institucional a cargo de Lucas Delfino, presidente del Ente de Turismo de la Ciudad de Buenos Aires<\/p>\n\n\n\n<p>Entrega de certificados a practicantes del Finde del Turismo e InnovaturBA<\/p>\n\n\n\n<p><strong>&gt; 12.15 &#8211; 12.20 hs.<\/strong><\/p>\n\n\n\n<p>Presentaci\u00f3n InnovaTur BA &#8211; Edici\u00f3n 2023<\/p>\n\n\n\n<p>Patricio De Laet, Director General de Desarrollo Tur\u00edstico, Ente de Turismo de la Ciudad de Buenos Aires<\/p>\n\n\n\n<p><strong>&gt; 12.20 &#8211; 13.00 hs<\/strong><\/p>\n\n\n\n<p>Bloque 1: Turismo y educaci\u00f3n, nuevos modelos de aprendizaje<\/p>\n\n\n\n<p>-Santiago Mart\u00edn Arcuri, Profesional y docente en turismo<\/p>\n\n\n\n<p>-Eugenia Cortona y Fabi\u00e1n Prieto, Subsecretaria de la Agencia de Aprendizaje a lo largo de la vida, Ministerio de Educaci\u00f3n<\/p>\n\n\n\n<p>-Juan Mora y Araujo, Especialista en educaci\u00f3n<\/p>\n\n\n\n<p><strong>&gt; 13.00 &#8211; 13.45 hs.<\/strong><\/p>\n\n\n\n<p>Invitaci\u00f3n a lunch<\/p>\n\n\n\n<p>Intervenci\u00f3n art\u00edstica: Presentaci\u00f3n del conjunto Rolling Brass, Direcci\u00f3n General de Ense\u00f1anza Art\u00edstica, del Ministerio de Cultura<\/p>\n\n\n\n<p><strong>&gt; 13.45 &#8211; 14.15 hs.<\/strong><\/p>\n\n\n\n<p>Bloque 2: La innovaci\u00f3n en el transporte tur\u00edstico<\/p>\n\n\n\n<p>-Sol Derudder, Flechabus<\/p>\n\n\n\n<p>-Flybondi<\/p>\n\n\n\n<p>-Rosario Garc\u00eda, Buquebus<\/p>\n\n\n\n<p><strong>&gt; 14.15 &#8211; 14.45 hs.<\/strong><\/p>\n\n\n\n<p>Bloque 3: La sostenibilidad como eje del cambio<\/p>\n\n\n\n<p>-Buenas pr\u00e1cticas en destinos tur\u00edsticos: Villa Carlos Paz y Provincia de Corrientes<\/p>\n\n\n\n<p>-Daniela Finocchiaro, Hoteles m\u00e1s Verdes: Programa de Sustentabilidad Hotelera<\/p>\n\n\n\n<p>-Federico Iglesias, Ecoparque de la Ciudad de Buenos Aires<\/p>\n\n\n\n<p><strong>&gt; 14.45 &#8211; 15 hs.<\/strong><\/p>\n\n\n\n<p>Intervalo&nbsp;<\/p>\n\n\n\n<p><strong>&gt; 15.00 &#8211; 15.30 hs.<\/strong><\/p>\n\n\n\n<p>Bloque 4: La tecnolog\u00eda como aliada estrat\u00e9gica<\/p>\n\n\n\n<p>-Sabrina Fingerman, Parque de la Innovaci\u00f3n<\/p>\n\n\n\n<p>-Felicitas Rama, Teatro Col\u00f3n Digital<\/p>\n\n\n\n<p>-Mart\u00edn Lepera, BA Infinita<\/p>\n\n\n\n<p><strong>&gt; 15.30 &#8211; 15.50 hs.<\/strong><\/p>\n\n\n\n<p>Cierre y conclusiones.<\/p>\n\n\n\n<p><strong>&gt; 15.50 &#8211; 16.00 hs.<\/strong><\/p>\n\n\n\n<p>Coffee final<\/p>\n\n\n\n<figure class=\"wp-block-image size-large is-resized\"><img loading=\"lazy\" decoding=\"async\" src=\"https:\/\/lh5.googleusercontent.com\/aP4ayNnaGHOSbbma6Cg-nqG0akWNovhKQ1mFdDbD-Ohbk14OpkrDsXjEGzjiRUfBuIW4MmspN9FxjA2qZDQxrloCAwAJYVzvV305-KbY3g74anocdZnfFBeU56TKa3KnNpBjP11wToVAkmPWAbgtgMGXOwNDZOKjrl_EtZeqB8YOWl_YQ-ten1d02O2hPQ\" alt=\"\" width=\"358\" height=\"45\"\/><\/figure>\n","protected":false},"excerpt":{"rendered":"<p>El Ente de Turismo porte\u00f1o anunci\u00f3 que la VIII jornada del evento se realizar\u00e1 el 8 de junio y buscar\u00e1 potenciar la capacidad de resiliencia del sector. Bajo el lema &#8220;Desaf\u00edos del sector tur\u00edstico frente a nuevas tendencias&#8221;, el foco de la VIII jornada de InnovaturBA estar\u00e1 puesto en la importancia de la educaci\u00f3n, la [&hellip;]<\/p>\n","protected":false},"author":2,"featured_media":13602,"comment_status":"open","ping_status":"open","sticky":false,"template":"","format":"standard","meta":{"footnotes":""},"categories":[137,139],"tags":[],"class_list":["post-13598","post","type-post","status-publish","format-standard","has-post-thumbnail","hentry","category-buenos-aires-caba","category-tecnologias"],"post_mailing_queue_ids":[],"_links":{"self":[{"href":"https:\/\/nubesmgzdigital.com.ar\/index.php\/wp-json\/wp\/v2\/posts\/13598","targetHints":{"allow":["GET"]}}],"collection":[{"href":"https:\/\/nubesmgzdigital.com.ar\/index.php\/wp-json\/wp\/v2\/posts"}],"about":[{"href":"https:\/\/nubesmgzdigital.com.ar\/index.php\/wp-json\/wp\/v2\/types\/post"}],"author":[{"embeddable":true,"href":"https:\/\/nubesmgzdigital.com.ar\/index.php\/wp-json\/wp\/v2\/users\/2"}],"replies":[{"embeddable":true,"href":"https:\/\/nubesmgzdigital.com.ar\/index.php\/wp-json\/wp\/v2\/comments?post=13598"}],"version-history":[{"count":1,"href":"https:\/\/nubesmgzdigital.com.ar\/index.php\/wp-json\/wp\/v2\/posts\/13598\/revisions"}],"predecessor-version":[{"id":13603,"href":"https:\/\/nubesmgzdigital.com.ar\/index.php\/wp-json\/wp\/v2\/posts\/13598\/revisions\/13603"}],"wp:featuredmedia":[{"embeddable":true,"href":"https:\/\/nubesmgzdigital.com.ar\/index.php\/wp-json\/wp\/v2\/media\/13602"}],"wp:attachment":[{"href":"https:\/\/nubesmgzdigital.com.ar\/index.php\/wp-json\/wp\/v2\/media?parent=13598"}],"wp:term":[{"taxonomy":"category","embeddable":true,"href":"https:\/\/nubesmgzdigital.com.ar\/index.php\/wp-json\/wp\/v2\/categories?post=13598"},{"taxonomy":"post_tag","embeddable":true,"href":"https:\/\/nubesmgzdigital.com.ar\/index.php\/wp-json\/wp\/v2\/tags?post=13598"}],"curies":[{"name":"wp","href":"https:\/\/api.w.org\/{rel}","templated":true}]}}