{"id":1448,"date":"2019-06-05T12:55:59","date_gmt":"2019-06-05T15:55:59","guid":{"rendered":"http:\/\/nubesmgzdigital.com.ar\/?p=1448"},"modified":"2019-06-05T12:59:32","modified_gmt":"2019-06-05T15:59:32","slug":"tecnopolis-sera-sede-del-encuentro-federal-de-calidad-turistica","status":"publish","type":"post","link":"https:\/\/nubesmgzdigital.com.ar\/index.php\/2019\/06\/05\/tecnopolis-sera-sede-del-encuentro-federal-de-calidad-turistica\/","title":{"rendered":"Tecn\u00f3polis ser\u00e1 sede del Encuentro Federal de Calidad Tur\u00edstica"},"content":{"rendered":"\n<p><strong>La Subsecretaria de Turismo del Ministerio de Producci\u00f3n bonaerense, Martina Pikielny, participar\u00e1 junto a autoridades de Sectur del V Encuentro Federal de Calidad y Formaci\u00f3n: Avances y desaf\u00edos en accesibilidad tur\u00edstica que se har\u00e1 el jueves 6 de junio en el predio de Tecn\u00f3polis.<\/strong><\/p>\n\n\n\n<p class=\"has-drop-cap\">En tanto, Pikielny y la&nbsp; asesora en accesibilidad de la Subsecretar\u00eda bonaerense, Agustina del Papa, disertar\u00e1n sobre los \u201cLineamientos de la accesibilidad tur\u00edstica como pol\u00edtica de Estado\u201d. El panel tambi\u00e9n estar\u00e1 integrado por Marcela Luj\u00e1n e Iv\u00e1n Ravlic de la Direcci\u00f3n Nacional de Calidad Tur\u00edstica de la Sectur&nbsp;&nbsp;<\/p>\n\n\n\n<p>El Encuentro Federal es un espacio de intercambio para abordar los m\u00faltiples desaf\u00edos que en la actualidad enfrenta el sector tur\u00edstico en materia de accesibilidad e inclusi\u00f3n, en torno a la mejora de la competitividad y la formaci\u00f3n integral de las personas involucradas en la actividad.&nbsp;<\/p>\n\n\n\n<p>Es importante destacar que la provincia de&nbsp;<strong><a rel=\"noreferrer noopener\" href=\"https:\/\/hostnews.com.ar\/index.php\/articulos.htm?mact=Search%2Ccntnt01%2Cdosearch%2C0&amp;cntnt01returnid=89&amp;cntnt01searchinput=Buenos%20Aires\" target=\"_blank\">Buenos Aires&nbsp;<\/a><\/strong>fue elegida como sede del Encuentro por el trabajo que viene realizando en materia de accesibilidad y por ser la que mayor n\u00famero de distinguidos posee a nivel nacional.&nbsp;<\/p>\n\n\n\n<p>A su vez, la Subsecretar\u00eda de Turismo contar\u00e1 con un stand institucional dentro de la Cumbre Global de Discapacidad, a trav\u00e9s del cual mostrar\u00e1 su oferta tur\u00edstica accesible, durante los d\u00edas 6, 7 y 8.&nbsp;<\/p>\n\n\n\n<p>All\u00ed, se&nbsp; expondr\u00e1n una maqueta h\u00e1ptica de la Provincia con sus principales recursos, sillas anfibias, folleter\u00eda en Braille y materiales audiovisuales que exponen el trabajo que se viene realizando en materia de accesibilidad desde la cartera bonaerense. <\/p>\n\n\n\n<p>Fuente: <a href=\"https:\/\/bit.ly\/2WfTN4i\" target=\"_blank\" rel=\"noreferrer noopener\" aria-label=\" (opens in a new tab)\">https:\/\/bit.ly\/2WfTN4i<\/a><\/p>\n","protected":false},"excerpt":{"rendered":"<p>La Subsecretaria de Turismo del Ministerio de Producci\u00f3n bonaerense, Martina Pikielny, participar\u00e1 junto a autoridades de Sectur del V Encuentro Federal de Calidad y Formaci\u00f3n: Avances y desaf\u00edos en accesibilidad tur\u00edstica que se har\u00e1 el jueves 6 de junio en el predio de Tecn\u00f3polis. En tanto, Pikielny y la&nbsp; asesora en accesibilidad de la Subsecretar\u00eda [&hellip;]<\/p>\n","protected":false},"author":2,"featured_media":1451,"comment_status":"open","ping_status":"open","sticky":false,"template":"","format":"standard","meta":{"footnotes":""},"categories":[111],"tags":[],"class_list":["post-1448","post","type-post","status-publish","format-standard","has-post-thumbnail","hentry","category-nacional"],"post_mailing_queue_ids":[],"_links":{"self":[{"href":"https:\/\/nubesmgzdigital.com.ar\/index.php\/wp-json\/wp\/v2\/posts\/1448","targetHints":{"allow":["GET"]}}],"collection":[{"href":"https:\/\/nubesmgzdigital.com.ar\/index.php\/wp-json\/wp\/v2\/posts"}],"about":[{"href":"https:\/\/nubesmgzdigital.com.ar\/index.php\/wp-json\/wp\/v2\/types\/post"}],"author":[{"embeddable":true,"href":"https:\/\/nubesmgzdigital.com.ar\/index.php\/wp-json\/wp\/v2\/users\/2"}],"replies":[{"embeddable":true,"href":"https:\/\/nubesmgzdigital.com.ar\/index.php\/wp-json\/wp\/v2\/comments?post=1448"}],"version-history":[{"count":2,"href":"https:\/\/nubesmgzdigital.com.ar\/index.php\/wp-json\/wp\/v2\/posts\/1448\/revisions"}],"predecessor-version":[{"id":1452,"href":"https:\/\/nubesmgzdigital.com.ar\/index.php\/wp-json\/wp\/v2\/posts\/1448\/revisions\/1452"}],"wp:featuredmedia":[{"embeddable":true,"href":"https:\/\/nubesmgzdigital.com.ar\/index.php\/wp-json\/wp\/v2\/media\/1451"}],"wp:attachment":[{"href":"https:\/\/nubesmgzdigital.com.ar\/index.php\/wp-json\/wp\/v2\/media?parent=1448"}],"wp:term":[{"taxonomy":"category","embeddable":true,"href":"https:\/\/nubesmgzdigital.com.ar\/index.php\/wp-json\/wp\/v2\/categories?post=1448"},{"taxonomy":"post_tag","embeddable":true,"href":"https:\/\/nubesmgzdigital.com.ar\/index.php\/wp-json\/wp\/v2\/tags?post=1448"}],"curies":[{"name":"wp","href":"https:\/\/api.w.org\/{rel}","templated":true}]}}