{"id":1453,"date":"2019-06-05T16:44:52","date_gmt":"2019-06-05T19:44:52","guid":{"rendered":"http:\/\/nubesmgzdigital.com.ar\/?p=1453"},"modified":"2019-06-05T16:44:53","modified_gmt":"2019-06-05T19:44:53","slug":"salta-promociona-sus-atractivos-turisticos-en-el-litoral","status":"publish","type":"post","link":"https:\/\/nubesmgzdigital.com.ar\/index.php\/2019\/06\/05\/salta-promociona-sus-atractivos-turisticos-en-el-litoral\/","title":{"rendered":"Salta promociona sus atractivos tur\u00edsticos en El Litoral"},"content":{"rendered":"\n<p><strong><em>En el marco del plan de promoci\u00f3n tur\u00edstica a nivel nacional que desarrolla el Ministerio de Cultura, Turismo y Deportes, durante toda la semana Salta est\u00e1 realizando una caravana de promoci\u00f3n tur\u00edstica pasando por las provincias de Chaco, Corrientes y Misiones.<\/em><\/strong><\/p>\n\n\n\n<p class=\"has-drop-cap\">Con diversas acciones promocionales, Salta est\u00e1 presente en la Plaza Cabral de la ciudad de Corrientes difundiendo sus atractivos tur\u00edsticos y culturales.<\/p>\n\n\n\n<figure class=\"wp-block-image is-resized\"><img loading=\"lazy\" decoding=\"async\" src=\"http:\/\/nubesmgzdigital.com.ar\/wp-content\/uploads\/2019\/06\/Salta-promociona-sus-atractivos-tur\u00edsticos-en-El-Litoral-1-768x1024.jpg\" alt=\"\" class=\"wp-image-1454\" width=\"575\" height=\"766\" srcset=\"https:\/\/nubesmgzdigital.com.ar\/wp-content\/uploads\/2019\/06\/Salta-promociona-sus-atractivos-tur\u00edsticos-en-El-Litoral-1-768x1024.jpg 768w, https:\/\/nubesmgzdigital.com.ar\/wp-content\/uploads\/2019\/06\/Salta-promociona-sus-atractivos-tur\u00edsticos-en-El-Litoral-1-225x300.jpg 225w, https:\/\/nubesmgzdigital.com.ar\/wp-content\/uploads\/2019\/06\/Salta-promociona-sus-atractivos-tur\u00edsticos-en-El-Litoral-1-696x928.jpg 696w, https:\/\/nubesmgzdigital.com.ar\/wp-content\/uploads\/2019\/06\/Salta-promociona-sus-atractivos-tur\u00edsticos-en-El-Litoral-1-315x420.jpg 315w, https:\/\/nubesmgzdigital.com.ar\/wp-content\/uploads\/2019\/06\/Salta-promociona-sus-atractivos-tur\u00edsticos-en-El-Litoral-1.jpg 960w\" sizes=\"auto, (max-width: 575px) 100vw, 575px\" \/><\/figure>\n\n\n\n<p>En el lugar, Salta instal\u00f3 un stand institucional donde promotoras brindan informaci\u00f3n tur\u00edstica acerca de los diferentes productos y atractivos tur\u00edsticos, el calendario de actividades en conmemoraci\u00f3n a las celebraciones por el aniversario de Mart\u00edn Miguel de G\u00fcemes; dando a conocer adem\u00e1s la promoci\u00f3n Banda Negativa Salta por la que salte\u00f1os y turistas pueden acceder, hasta el 30 de junio, a descuentos especiales en excursiones, alojamientos y restaurantes adheridos.<\/p>\n\n\n\n<p>Adem\u00e1s, los visitantes al stand salte\u00f1o pueden tambi\u00e9n participar de juegos interactivos y disfrutar de degustaciones de productos regionales.<\/p>\n\n\n\n<p>Cabe destacar que est\u00e1 acci\u00f3n se llev\u00f3 adelante los pasados 3 y 4 de junio en la Plaza 25 de Mayo de Resistencia, Chaco y se repetir\u00e1 el viernes 7 y el s\u00e1bado 8 en Posadas, Misiones.<\/p>\n\n\n\n<p>Prensa<\/p>\n\n\n\n<p>Ministerio de Cultura, Turismo y Deportes de Salta<\/p>\n\n\n\n<figure class=\"wp-block-image\"><img loading=\"lazy\" decoding=\"async\" width=\"330\" height=\"228\" src=\"http:\/\/nubesmgzdigital.com.ar\/wp-content\/uploads\/2019\/06\/logo-salta-1-1.png\" alt=\"\" class=\"wp-image-1455\" srcset=\"https:\/\/nubesmgzdigital.com.ar\/wp-content\/uploads\/2019\/06\/logo-salta-1-1.png 330w, https:\/\/nubesmgzdigital.com.ar\/wp-content\/uploads\/2019\/06\/logo-salta-1-1-300x207.png 300w, https:\/\/nubesmgzdigital.com.ar\/wp-content\/uploads\/2019\/06\/logo-salta-1-1-100x70.png 100w, https:\/\/nubesmgzdigital.com.ar\/wp-content\/uploads\/2019\/06\/logo-salta-1-1-218x150.png 218w\" sizes=\"auto, (max-width: 330px) 100vw, 330px\" \/><\/figure>\n","protected":false},"excerpt":{"rendered":"<p>En el marco del plan de promoci\u00f3n tur\u00edstica a nivel nacional que desarrolla el Ministerio de Cultura, Turismo y Deportes, durante toda la semana Salta est\u00e1 realizando una caravana de promoci\u00f3n tur\u00edstica pasando por las provincias de Chaco, Corrientes y Misiones. Con diversas acciones promocionales, Salta est\u00e1 presente en la Plaza Cabral de la ciudad [&hellip;]<\/p>\n","protected":false},"author":2,"featured_media":1456,"comment_status":"open","ping_status":"open","sticky":false,"template":"","format":"standard","meta":{"footnotes":""},"categories":[2,110],"tags":[],"class_list":["post-1453","post","type-post","status-publish","format-standard","has-post-thumbnail","hentry","category-nea","category-regional"],"post_mailing_queue_ids":[],"_links":{"self":[{"href":"https:\/\/nubesmgzdigital.com.ar\/index.php\/wp-json\/wp\/v2\/posts\/1453","targetHints":{"allow":["GET"]}}],"collection":[{"href":"https:\/\/nubesmgzdigital.com.ar\/index.php\/wp-json\/wp\/v2\/posts"}],"about":[{"href":"https:\/\/nubesmgzdigital.com.ar\/index.php\/wp-json\/wp\/v2\/types\/post"}],"author":[{"embeddable":true,"href":"https:\/\/nubesmgzdigital.com.ar\/index.php\/wp-json\/wp\/v2\/users\/2"}],"replies":[{"embeddable":true,"href":"https:\/\/nubesmgzdigital.com.ar\/index.php\/wp-json\/wp\/v2\/comments?post=1453"}],"version-history":[{"count":1,"href":"https:\/\/nubesmgzdigital.com.ar\/index.php\/wp-json\/wp\/v2\/posts\/1453\/revisions"}],"predecessor-version":[{"id":1457,"href":"https:\/\/nubesmgzdigital.com.ar\/index.php\/wp-json\/wp\/v2\/posts\/1453\/revisions\/1457"}],"wp:featuredmedia":[{"embeddable":true,"href":"https:\/\/nubesmgzdigital.com.ar\/index.php\/wp-json\/wp\/v2\/media\/1456"}],"wp:attachment":[{"href":"https:\/\/nubesmgzdigital.com.ar\/index.php\/wp-json\/wp\/v2\/media?parent=1453"}],"wp:term":[{"taxonomy":"category","embeddable":true,"href":"https:\/\/nubesmgzdigital.com.ar\/index.php\/wp-json\/wp\/v2\/categories?post=1453"},{"taxonomy":"post_tag","embeddable":true,"href":"https:\/\/nubesmgzdigital.com.ar\/index.php\/wp-json\/wp\/v2\/tags?post=1453"}],"curies":[{"name":"wp","href":"https:\/\/api.w.org\/{rel}","templated":true}]}}