{"id":1504,"date":"2019-06-06T15:35:01","date_gmt":"2019-06-06T18:35:01","guid":{"rendered":"http:\/\/nubesmgzdigital.com.ar\/?p=1504"},"modified":"2019-06-06T15:35:03","modified_gmt":"2019-06-06T18:35:03","slug":"turismo-de-catamarca-capacitara-sobre-el-uso-de-la-red-social-instagram","status":"publish","type":"post","link":"https:\/\/nubesmgzdigital.com.ar\/index.php\/2019\/06\/06\/turismo-de-catamarca-capacitara-sobre-el-uso-de-la-red-social-instagram\/","title":{"rendered":"Turismo de Catamarca capacitar\u00e1 sobre el uso de la red social Instagram"},"content":{"rendered":"\n<p class=\"has-drop-cap\">Los talleres se realizar\u00e1n en Capital, Ancasti, Santa Mar\u00eda,\nBel\u00e9n y Tinogasta y contar\u00e1n con el apoyo de las municipalidades de cada lugar.<\/p>\n\n\n\n<p>La Secretar\u00eda de Turismo de Catamarca organiza para esta\npr\u00f3xima semana un taller activo dedicada principalmente al \u00e1rea de turismo\nsobre Instagram Tur\u00edstico que ser\u00e1 dictado por el Presidente de la Asociaci\u00f3n\nde Community Manager, Alfredo Perotti.<\/p>\n\n\n\n<p>Consultado sobre el taller y los alcances del mismo Perotti\nnos dec\u00eda lo siguiente, \u201cLa capacitaci\u00f3n se basa netamente en la red social m\u00e1s\nusada en el turismo en este momento que es Instagram, para ello vamos a tratar\ntodo lo concerniente a la administraci\u00f3n de esta red.\u201d<\/p>\n\n\n\n<p>\u201cVamos a trabajar sobre c\u00f3mo se realiza publicidad, como\ngenerar contenido, cuales son las herramientas principales, las aplicaciones\nque se est\u00e1n utilizando, los horarios y el objetivo de la red social\u201d<\/p>\n\n\n\n<p>\u201cLa misma ser\u00e1 abierta a todo p\u00fablico que est\u00e9 interesado en\ntrabajar en la red social, pero principalmente al \u00e1rea de turismo que es la que\nm\u00e1s se visibiliza en Instagram. Para ello vamos a visitar cinco destinos\ndiferentes de la provincia con una nivelaci\u00f3n para que todos hablen el mismo idioma\nen la red dentro del \u00e1rea de turismo para que se pueda trabajar en conjunto\nunificando esfuerzos para mostrar mejor a Catamarca en el \u00e1rea virtual\u201d,\ncoment\u00f3.<\/p>\n\n\n\n<p>Adem\u00e1s, la Secretaria de Turismo de Catamarca, Natalia\nPonferrada, dec\u00eda sobre el particular, \u201cvamos a continuar dictando este tipo de\ncapacitaci\u00f3n para poder brindarles a todos las herramientas necesarias para que\nlleguemos con el mejor mensaje sobre lo que es nuestra Catamarca Tur\u00edstica\u201d,\n\u201cen esta oportunidad incorporamos a cuatro lugares del interior de la provincia\ndonde se realizar\u00e1n los talleres\u201d, coment\u00f3.<\/p>\n\n\n\n<p>La actividad comenzar\u00e1 el lunes 10 de junio desde las 7:30\nen la Secretar\u00eda de Turismo, luego desde las 10 de la ma\u00f1ana se realizar\u00e1 en el\nCentro de innovaci\u00f3n de la Municipalidad de la Ciudad de la Capital, el martes\n11 el taller se realizar\u00e1 en Ancasti de 10 a 13 horas y de 16 a 19 horas, el\nmi\u00e9rcoles 12 estar\u00e1 en Santa Mar\u00eda de 10 a 13 horas y de 17 a 20 horas, en\ntanto que el 13 de junio se realizar\u00e1 el taller en Bel\u00e9n de 10 a 13 horas y de\n17 a 20 horas y el viernes 14 de junio estar\u00e1n en Tinogasta de 9,30 a 12 y de\n17 a 15 a 18 horas.<\/p>\n\n\n\n<p>De esta manera la Secretar\u00eda de Turismo de Catamarca\ncontinuar\u00e1 brindando las herramientas para mejorar la comunicaci\u00f3n y nuestra\npresencia virtual. Es importante porque vamos a empezar a trabajar m\u00e1s en\nequipo y a organizar las tem\u00e1ticas de publicaciones, las estrategias y la\ndin\u00e1mica de redes sociales, para poder captar nuevos clientes, satisfacer a los\nactuales y abrir nuevos mercados, con el alcance de las herramientas que\ntenemos a disposici\u00f3n.<\/p>\n\n\n\n<p>Fuente:<a href=\"https:\/\/bit.ly\/2QSMu14\" target=\"_blank\" rel=\"noreferrer noopener\" aria-label=\" (opens in a new tab)\">https:\/\/bit.ly\/2QSMu14<\/a><\/p>\n","protected":false},"excerpt":{"rendered":"<p>Los talleres se realizar\u00e1n en Capital, Ancasti, Santa Mar\u00eda, Bel\u00e9n y Tinogasta y contar\u00e1n con el apoyo de las municipalidades de cada lugar. La Secretar\u00eda de Turismo de Catamarca organiza para esta pr\u00f3xima semana un taller activo dedicada principalmente al \u00e1rea de turismo sobre Instagram Tur\u00edstico que ser\u00e1 dictado por el Presidente de la Asociaci\u00f3n [&hellip;]<\/p>\n","protected":false},"author":2,"featured_media":1505,"comment_status":"open","ping_status":"open","sticky":false,"template":"","format":"standard","meta":{"footnotes":""},"categories":[111],"tags":[],"class_list":["post-1504","post","type-post","status-publish","format-standard","has-post-thumbnail","hentry","category-nacional"],"post_mailing_queue_ids":[],"_links":{"self":[{"href":"https:\/\/nubesmgzdigital.com.ar\/index.php\/wp-json\/wp\/v2\/posts\/1504","targetHints":{"allow":["GET"]}}],"collection":[{"href":"https:\/\/nubesmgzdigital.com.ar\/index.php\/wp-json\/wp\/v2\/posts"}],"about":[{"href":"https:\/\/nubesmgzdigital.com.ar\/index.php\/wp-json\/wp\/v2\/types\/post"}],"author":[{"embeddable":true,"href":"https:\/\/nubesmgzdigital.com.ar\/index.php\/wp-json\/wp\/v2\/users\/2"}],"replies":[{"embeddable":true,"href":"https:\/\/nubesmgzdigital.com.ar\/index.php\/wp-json\/wp\/v2\/comments?post=1504"}],"version-history":[{"count":1,"href":"https:\/\/nubesmgzdigital.com.ar\/index.php\/wp-json\/wp\/v2\/posts\/1504\/revisions"}],"predecessor-version":[{"id":1506,"href":"https:\/\/nubesmgzdigital.com.ar\/index.php\/wp-json\/wp\/v2\/posts\/1504\/revisions\/1506"}],"wp:featuredmedia":[{"embeddable":true,"href":"https:\/\/nubesmgzdigital.com.ar\/index.php\/wp-json\/wp\/v2\/media\/1505"}],"wp:attachment":[{"href":"https:\/\/nubesmgzdigital.com.ar\/index.php\/wp-json\/wp\/v2\/media?parent=1504"}],"wp:term":[{"taxonomy":"category","embeddable":true,"href":"https:\/\/nubesmgzdigital.com.ar\/index.php\/wp-json\/wp\/v2\/categories?post=1504"},{"taxonomy":"post_tag","embeddable":true,"href":"https:\/\/nubesmgzdigital.com.ar\/index.php\/wp-json\/wp\/v2\/tags?post=1504"}],"curies":[{"name":"wp","href":"https:\/\/api.w.org\/{rel}","templated":true}]}}