{"id":1608,"date":"2019-06-12T10:16:09","date_gmt":"2019-06-12T13:16:09","guid":{"rendered":"http:\/\/nubesmgzdigital.com.ar\/?p=1608"},"modified":"2019-06-12T10:21:21","modified_gmt":"2019-06-12T13:21:21","slug":"el-15-de-junio-comienza-la-temporada-de-ballenas-en-chubut","status":"publish","type":"post","link":"https:\/\/nubesmgzdigital.com.ar\/index.php\/2019\/06\/12\/el-15-de-junio-comienza-la-temporada-de-ballenas-en-chubut\/","title":{"rendered":"El 15 de junio comienza la temporada de ballenas en Chubut"},"content":{"rendered":"\n<p><strong><em>La temporada de ballenas 2019 comienza con una gran expectativa como consecuencia de la intensa campa\u00f1a promocional desarrollada en los grandes centros emisores y la gran cantidad de consultas para realizar el avistaje en las pr\u00f3ximas semanas, como as\u00ed tambi\u00e9n las consultas en hoteles. La temporada de avistaje de ballenas comienza el 15 de junio y se extiende hasta diciembre<\/em><\/strong><\/p>\n\n\n\n<figure class=\"wp-block-image\"><a href=\"http:\/\/informadorturistico.com\/\" target=\"_blank\" rel=\"noreferrer noopener\"><img loading=\"lazy\" decoding=\"async\" width=\"486\" height=\"56\" src=\"http:\/\/nubesmgzdigital.com.ar\/wp-content\/uploads\/2019\/06\/IT-es-un-producto-SCG-fondo-blanco-1.jpg\" alt=\"\" class=\"wp-image-1615\" srcset=\"https:\/\/nubesmgzdigital.com.ar\/wp-content\/uploads\/2019\/06\/IT-es-un-producto-SCG-fondo-blanco-1.jpg 486w, https:\/\/nubesmgzdigital.com.ar\/wp-content\/uploads\/2019\/06\/IT-es-un-producto-SCG-fondo-blanco-1-300x35.jpg 300w\" sizes=\"auto, (max-width: 486px) 100vw, 486px\" \/><\/a><\/figure>\n\n\n\n<p class=\"has-drop-cap\">Al respecto,&nbsp; desde la\nsecretar\u00eda de Turismo y \u00c1reas Protegidas de la Provincia del Chubut destacaron\nque \u201ctenemos grandes expectativas, ya que est\u00e1n dadas todas las condiciones\ninternas y externas como para que la gente llegue sin problemas a nuestra\nprovincia. Y si bien el atractivo es convocante, tenemos el privilegio de\ncontar con todas las propuestas de la oferta tur\u00edstica del Valle Inferior del\nR\u00edo Chubut que se complementa con la de Pen\u00ednsula Vald\u00e9s\u201d.<\/p>\n\n\n\n<p>\u201cHicimos una intensa campa\u00f1a de promoci\u00f3n previa a este\nlanzamiento de temporada. Nunca antes hab\u00edamos trabajado con tanta\nanticipaci\u00f3n. Estamos con campa\u00f1as en las calles de los principales centros\nurbanos, en los cines, en los shoppings, en los medios m\u00e1s importantes. Adem\u00e1s,\nestuvimos difundiendo el producto en ferias del exterior y vamos a contar con\nun muy buen despliegue de medios invitados de la provincia y de todo el pa\u00eds\u201d\nse\u00f1alaron.<\/p>\n\n\n\n<figure class=\"wp-block-embed-youtube wp-block-embed is-type-video is-provider-youtube wp-embed-aspect-16-9 wp-has-aspect-ratio\"><div class=\"wp-block-embed__wrapper\">\n<iframe loading=\"lazy\"  id=\"_ytid_21226\"  width=\"640\" height=\"360\"  data-origwidth=\"640\" data-origheight=\"360\" src=\"https:\/\/www.youtube.com\/embed\/hPgqO_axr4Y?enablejsapi=1&#038;autoplay=0&#038;cc_load_policy=0&#038;cc_lang_pref=&#038;iv_load_policy=1&#038;loop=0&#038;rel=1&#038;fs=1&#038;playsinline=0&#038;autohide=2&#038;theme=dark&#038;color=red&#038;controls=1&#038;disablekb=0&#038;\" class=\"__youtube_prefs__  epyt-is-override  no-lazyload\" title=\"YouTube player\"  allow=\"fullscreen; accelerometer; autoplay; clipboard-write; encrypted-media; gyroscope; picture-in-picture; web-share\" referrerpolicy=\"strict-origin-when-cross-origin\" allowfullscreen data-no-lazy=\"1\" data-skipgform_ajax_framebjll=\"\"><\/iframe>\n<\/div><\/figure>\n\n\n\n<p><strong>\u00c1reas Protegidas<\/strong><\/p>\n\n\n\n<p>De junio a diciembre Chubut se convierte en sitio de\nencuentro de turistas de todo el mundo que llegan a la Argentina para\npresenciar uno de los mejores espect\u00e1culos de la naturaleza.<\/p>\n\n\n\n<p>A unos 77 kil\u00f3metros de Puerto Madryn se ubica el Istmo\nCarlos Ameghino donde deber\u00e1 abonarse el ingreso a la Reserva. Un equipo de\nguardafaunas brindar\u00e1 la informaci\u00f3n necesaria para hacer el recorrido sin\nperderse ning\u00fan secreto.<\/p>\n\n\n\n<p>La Reserva Natural Pen\u00ednsula Vald\u00e9s, declarada en 1999\n\u201cPatrimonio de la Humanidad\u201d, es uno de los h\u00e1bitat privilegiados para la\nreproducci\u00f3n de la ballena franca austral.<\/p>\n\n\n\n<p>Con m\u00e1s de 400 mil hect\u00e1reas de tierra y 176 mil de mar, la\nReserva Natural Pen\u00ednsula de Vald\u00e9s alberga una diversidad de flora y fauna\n\u00fanica en el mundo.<\/p>\n\n\n\n<p>Dentro de la misma Pen\u00ednsula existen otras \u00e1reas naturales\nprotegidas como la Isla de los P\u00e1jaros, Punta Pir\u00e1mide, Caleta Vald\u00e9s, Punta\nNorte y Punta Delgada. En ellas es posible apreciar diferentes especies marinas\ncomo principal atractivo, y una gran diversidad de aves y fauna terrestre entre\nguanacos, zorros, choiques, martinetas, maras y liebres europeas.<\/p>\n\n\n\n<p>En cada sendero de este recorrido se perciben las huellas\ndel pasado. Las costas est\u00e1n formadas por roca sedimentarias que con el paso de\nmillones de a\u00f1os consolidaron diversos estratos que simulan una paleta de\ncolores rojizos, marrones y pasteles.<\/p>\n\n\n\n<p>Tambi\u00e9n, el hallazgo de f\u00f3siles marinos como ostras, dientes\nde tibur\u00f3n, cangrejos y huesos de aves y mam\u00edferos otorgan a este m\u00e1gico rinc\u00f3n\ndel pa\u00eds un alto valor geol\u00f3gico, lleno de bah\u00edas y grandes campos de m\u00e9danos,\nproducto de la erosi\u00f3n constante.<\/p>\n\n\n\n<p>Los primeros pobladores fueron los tehuelches, y por 1780 la\ncorona espa\u00f1ola comenz\u00f3 a utilizar uno de los puertos para el comercio de sal.\nD\u00e9cadas m\u00e1s tarde el atrayente tur\u00edstico posicion\u00f3 a esta reserva como la\nprotagonista de la comarca chubutense.<\/p>\n\n\n\n<p>Desde Puerto Pir\u00e1mides, una aldea tur\u00edstica de\ncaracter\u00edsticas llamativas por su condici\u00f3n insular, se accede a los barcos o\ngomones que en unos escasos minutos se acercar\u00e1n hasta las colosales ballenas.<\/p>\n\n\n\n<p>En el pueblo hay un peque\u00f1o centro comercial en el que se\npueden adquirir artesan\u00edas y recuerdos, degustar de un plato mediterr\u00e1neo\nfresco u hospedarse en un alojamiento totalmente ecol\u00f3gico. Ideal para observar\ndunas y cielos cambiantes.<\/p>\n\n\n\n<p>El atractivo por excelencia es el avistaje de la ballena\nfranca austral, que puede alcanzar los 14 metros y pesar unas 50 toneladas.<\/p>\n\n\n\n<p>En esta zona se proh\u00edben las embarcaciones privadas y solo\nseis empresas est\u00e1n habilitadas para adentrarse en el mar hasta los enormes\nanimales que llegan para su apareamiento. Incluso, desde septiembre ya pueden\nverse las hembras con sus cr\u00edas.<\/p>\n\n\n\n<p>El avistaje de ballenas dura como m\u00ednimo 1:30 horas,\ndependiendo de las condiciones clim\u00e1ticas, de la \u00e9poca del a\u00f1o y de la cantidad\nde ballenas que haya en la zona.<\/p>\n\n\n\n<p>Antes de subir a la embarcaci\u00f3n cada persona es provista de\nuna capa impermeable y de un chaleco salvavidas. Una vez ubicados todos, la\nlancha se aproxima al mar a las zonas donde pueden observarse ejemplares de\neste cet\u00e1ceo.<\/p>\n\n\n\n<p>La excursi\u00f3n puede hacerse en barcos con capacidad para unas\n70 personas o en semirr\u00edgidos m\u00e1s exclusivos donde podr\u00e1 sentir de cerca el\nmovimiento de las ballenas.<\/p>\n\n\n\n<p>Siempre acompa\u00f1ados por un gu\u00eda, es preciso seguir ciertas\nindicaciones como no arrojar nunca residuos al agua (que los cet\u00e1ceos pueden\nconfundir con alimento) y mantenerse en el mayor silencio posible para no\nahuyentarlos.<\/p>\n\n\n\n<p>Ya en navegaci\u00f3n un gu\u00eda especializado brinda informaci\u00f3n\nacerca de las caracter\u00edsticas y las costumbres de las ballenas. Con el\ntranscurso de los minutos los embarcados podr\u00e1n ver c\u00f3mo las ballenas se\ndeslizan por debajo de la embarcaci\u00f3n y se acercan de manera pac\u00edfica y\namigable.<\/p>\n\n\n\n<p>Otra de las opciones es quedarse en la costa con unos buenos\nbinoculares que permitir\u00e1n una perspectiva m\u00e1s extensa de los cuerpos, las\ncolas y los soplidos que provocan un sonido muy particular.<\/p>\n\n\n\n<p><strong>Actividades<\/strong><\/p>\n\n\n\n<p>La estad\u00eda en Pen\u00ednsula Vald\u00e9s conjuga descanso y relax con\nlas m\u00e1s extremas aventuras.<\/p>\n\n\n\n<p>Pintorescos escenarios caracterizan esta regi\u00f3n sure\u00f1a de la\ncosta atl\u00e1ntica donde el visitante podr\u00e1 sentirse en verdadero contacto con la\nnaturaleza.<\/p>\n\n\n\n<p>Playas con enormes acantilados de gran valor geol\u00f3gico donde\ndescubrir cuevas, salir a pasear en mountain bike, embarcarse para avistar los\nenormes cet\u00e1ceos, practicar buceo o descubrir la aventura del kayak.<\/p>\n\n\n\n<p>Si bien se caracteriza por fuertes vientos, una mayor\ncantidad de d\u00edas soleados y escasas lluvias permiten disfrutar las cristalinas\naguas desde el mes de septiembre.<\/p>\n\n\n\n<p>Entre las alternativas hay tambi\u00e9n excursiones por mar, como\nbucear en grutas y toparse con estrellas marinas, deslizarse en tablas por la\narena, animarse al windsurf o dar un paseo en canoa.<\/p>\n\n\n\n<p>Algunos alojamientos ofrecen por ejemplo un d\u00eda de pesca\nacompa\u00f1ados por un profesional de la zona y equipamiento completo para salir en\nbusca de salmones, besugos o cazones.<\/p>\n\n\n\n<p>Para los m\u00e1s novatos bajo el agua, una buena opci\u00f3n pueden\nser los cursos r\u00e1pidos de snorkelling.<\/p>\n\n\n\n<p><strong>Fauna<\/strong><\/p>\n\n\n\n<p>En esta misma zona se erige la mayor colonia continental,\nfuera de la Ant\u00e1rtida, de ping\u00fcinos de Magallanes. En ella es posible apreciar\nm\u00e1s de 500 mil aves que conquistan a miles de turistas del mundo cada a\u00f1o y\ndespiertan gran inter\u00e9s de cient\u00edficos y grupos de filmaci\u00f3n.<\/p>\n\n\n\n<p>Uno de los apartados recomendados es Punta Tombo, donde se\npodr\u00e1n ver junto a sus cr\u00edas, con esa caminata tan particular y el aleteo\ncaracter\u00edstico para identificar a su pareja.<\/p>\n\n\n\n<p>Adem\u00e1s, a lo largo de la costa pueden observarse varias\nespecies de delfines y toninas as\u00ed como, a partir de octubre, orcas que llegan\na medir m\u00e1s de 9 metros. En varias playas tambi\u00e9n se divisan lobos, elefantes y\naves marinas.<\/p>\n\n\n\n<figure class=\"wp-block-embed-youtube wp-block-embed is-type-video is-provider-youtube wp-embed-aspect-16-9 wp-has-aspect-ratio\"><div class=\"wp-block-embed__wrapper\">\n<iframe loading=\"lazy\"  id=\"_ytid_90266\"  width=\"640\" height=\"360\"  data-origwidth=\"640\" data-origheight=\"360\" src=\"https:\/\/www.youtube.com\/embed\/qoHjhxM03Lk?enablejsapi=1&#038;autoplay=0&#038;cc_load_policy=0&#038;cc_lang_pref=&#038;iv_load_policy=1&#038;loop=0&#038;rel=1&#038;fs=1&#038;playsinline=0&#038;autohide=2&#038;theme=dark&#038;color=red&#038;controls=1&#038;disablekb=0&#038;\" class=\"__youtube_prefs__  epyt-is-override  no-lazyload\" title=\"YouTube player\"  allow=\"fullscreen; accelerometer; autoplay; clipboard-write; encrypted-media; gyroscope; picture-in-picture; web-share\" referrerpolicy=\"strict-origin-when-cross-origin\" allowfullscreen data-no-lazy=\"1\" data-skipgform_ajax_framebjll=\"\"><\/iframe>\n<\/div><\/figure>\n\n\n\n<p>\u00c1rea Natural Protegida Pen\u00ednsula Vald\u00e9s. Tarifas de ingreso<\/p>\n\n\n\n<p>Resoluci\u00f3n N\u00ba 241\/18 \u2013 MT. (Vigentes desde 1 de Diciembre de\n2018)<\/p>\n\n\n\n<p>Teniendo en cuenta que existe una tarifa general y que de\nacuerdo a la residencia de los turistas se realizan descuentos, resulta\nnecesario presentar alg\u00fan tipo de identificaci\u00f3n personal (DNI, carnet de\nconducir, u otros) para ingresar al \u00e1rea.<\/p>\n\n\n\n<p>Es importante que cada ocupante del veh\u00edculo lleve consigo\nesta acreditaci\u00f3n, ya que la tarifa es por persona.<\/p>\n\n\n\n<p><strong>La siguiente tabla expresa la tarifa de acceso al \u00c1rea Protegida de Pen\u00ednsula Vald\u00e9s incluyendo los descuentos antes mencionados.<\/strong><\/p>\n\n\n\n<table class=\"wp-block-table\"><tbody><tr><td>Tarifas expresadas en pesos argentinos<\/td><td>ResidentesExtranjeros<\/td><td>ResidentesNacionales<\/td><td>ResidentesChubut<\/td><\/tr><tr><td>&nbsp;Mayores&nbsp;(12 a\u00f1os en adelante)<\/td><td>$650,00<\/td><td>$330,00<\/td><td>$100,00<\/td><\/tr><tr><td>&nbsp;Menores&nbsp;(6 a 11 a\u00f1os)<\/td><td>$330,00<\/td><td>$170,00<\/td><td>$100,00<\/td><\/tr><tr><td>&nbsp;0 a 5 a\u00f1os<\/td><td><em>sin cargo<\/em><\/td><td><em>sin cargo<\/em><\/td><td><em>sin cargo<\/em><\/td><\/tr><tr><td>Jubilados y&nbsp;Pensionados mayores de 60 a\u00f1os<\/td><td>$650,00<\/td><td>$170,00<\/td><td>$100,00<\/td><\/tr><tr><td>Alumnos del Sistema Educativo Formal (ASEF)<\/td><td>$650,00<\/td><td>$170,00<\/td><td>$100,00<\/td><\/tr><tr><td>Discapacitados y Ex combatientes de Malvinas<\/td><\/tr><\/tbody><\/table>\n\n\n\n<p>El puesto no dispone de medios electr\u00f3nicos de pago, solo\nefectivo<\/p>\n\n\n\n<p>Ingreso de agencias de viajes<\/p>\n\n\n\n<p>Conforme al Decreto Provincial 1579\/04 y a la RE 116\/04 de\nla Secretaria de Turismo Provincial son requisitos fundamentales para el\ningreso a todas las \u00c1reas Naturales Protegidas Provinciales, para aquellos\ntransportes tur\u00edsticos con m\u00e1s de 5 pasajeros, contar con Hoja de Ruta la cual\ndeber\u00e1 estar firmada por una agencia provincial o nacional e ingresar con un\nGu\u00eda Provincial de Turismo.<\/p>\n\n\n\n<p>Para quienes no dispongan de estos elementos a continuaci\u00f3n\nse facilita la siguiente informaci\u00f3n.<\/p>\n\n\n\n<p>Asociaci\u00f3n de Agencias de Viajes y Turismo de Puerto Madryn:<\/p>\n\n\n\n<p>secretaria@aavytpm.com.ar<\/p>\n\n\n\n<p>Tel\u00e9fono: (0280)4455505\/453275<\/p>\n\n\n\n<p>Asociaci\u00f3n de Gu\u00edas Profesionales de Turismo del Chubut:<\/p>\n\n\n\n<p>guiaschubut@gmail.com<\/p>\n\n\n\n<h5 class=\"wp-block-heading\">Tarifa de ingreso para veh\u00edculos afectados al transporte de turistas<\/h5>\n\n\n\n<table class=\"wp-block-table\"><tbody><tr><td>Tipo de Veh\u00edculo seg\u00fan su capacidad<\/td><td>Tarifa&nbsp;por veh\u00edculo<\/td><\/tr><tr><td>&nbsp;Hasta 5 plazas<\/td><td>$80,00<\/td><\/tr><tr><td>&nbsp;De 6 a 20 plazas<\/td><td>$100,00<\/td><\/tr><tr><td>&nbsp;M\u00e1s de 20 plazas<\/td><td>$120,00<\/td><\/tr><\/tbody><\/table>\n\n\n\n<p>Aplica para veh\u00edculos de Agencias de Turismo, as\u00ed como\ntaxis, remises y veh\u00edculos de alquiler<\/p>\n\n\n\n<p>Fuente: T\u00e9lam \/ Fuente: El Madrynense \/ Administraci\u00f3n ANP\nPen\u00ednsula Vald\u00e9s<\/p>\n\n\n\n<p>Texto corregido y editado por Redacci\u00f3n Informador Tur\u00edstico<\/p>\n\n\n\n<figure class=\"wp-block-image\"><a href=\"http:\/\/informadorturistico.com\/2019\/06\/06\/15-junio-comienza-temporada-ballenas-chubut\/\" target=\"_blank\" rel=\"noreferrer noopener\"><img loading=\"lazy\" decoding=\"async\" width=\"1024\" height=\"183\" src=\"http:\/\/nubesmgzdigital.com.ar\/wp-content\/uploads\/2019\/06\/cabecera-2018-4-fotos-1024x183.gif\" alt=\"\" class=\"wp-image-1612\" srcset=\"https:\/\/nubesmgzdigital.com.ar\/wp-content\/uploads\/2019\/06\/cabecera-2018-4-fotos-1024x183.gif 1024w, https:\/\/nubesmgzdigital.com.ar\/wp-content\/uploads\/2019\/06\/cabecera-2018-4-fotos-300x54.gif 300w, https:\/\/nubesmgzdigital.com.ar\/wp-content\/uploads\/2019\/06\/cabecera-2018-4-fotos-768x137.gif 768w, https:\/\/nubesmgzdigital.com.ar\/wp-content\/uploads\/2019\/06\/cabecera-2018-4-fotos-696x124.gif 696w, https:\/\/nubesmgzdigital.com.ar\/wp-content\/uploads\/2019\/06\/cabecera-2018-4-fotos-1068x191.gif 1068w\" sizes=\"auto, (max-width: 1024px) 100vw, 1024px\" \/><\/a><\/figure>\n","protected":false},"excerpt":{"rendered":"<p>La temporada de ballenas 2019 comienza con una gran expectativa como consecuencia de la intensa campa\u00f1a promocional desarrollada en los grandes centros emisores y la gran cantidad de consultas para realizar el avistaje en las pr\u00f3ximas semanas, como as\u00ed tambi\u00e9n las consultas en hoteles. La temporada de avistaje de ballenas comienza el 15 de junio [&hellip;]<\/p>\n","protected":false},"author":2,"featured_media":1609,"comment_status":"open","ping_status":"open","sticky":false,"template":"","format":"standard","meta":{"footnotes":""},"categories":[111],"tags":[],"class_list":["post-1608","post","type-post","status-publish","format-standard","has-post-thumbnail","hentry","category-nacional"],"post_mailing_queue_ids":[],"_links":{"self":[{"href":"https:\/\/nubesmgzdigital.com.ar\/index.php\/wp-json\/wp\/v2\/posts\/1608","targetHints":{"allow":["GET"]}}],"collection":[{"href":"https:\/\/nubesmgzdigital.com.ar\/index.php\/wp-json\/wp\/v2\/posts"}],"about":[{"href":"https:\/\/nubesmgzdigital.com.ar\/index.php\/wp-json\/wp\/v2\/types\/post"}],"author":[{"embeddable":true,"href":"https:\/\/nubesmgzdigital.com.ar\/index.php\/wp-json\/wp\/v2\/users\/2"}],"replies":[{"embeddable":true,"href":"https:\/\/nubesmgzdigital.com.ar\/index.php\/wp-json\/wp\/v2\/comments?post=1608"}],"version-history":[{"count":3,"href":"https:\/\/nubesmgzdigital.com.ar\/index.php\/wp-json\/wp\/v2\/posts\/1608\/revisions"}],"predecessor-version":[{"id":1617,"href":"https:\/\/nubesmgzdigital.com.ar\/index.php\/wp-json\/wp\/v2\/posts\/1608\/revisions\/1617"}],"wp:featuredmedia":[{"embeddable":true,"href":"https:\/\/nubesmgzdigital.com.ar\/index.php\/wp-json\/wp\/v2\/media\/1609"}],"wp:attachment":[{"href":"https:\/\/nubesmgzdigital.com.ar\/index.php\/wp-json\/wp\/v2\/media?parent=1608"}],"wp:term":[{"taxonomy":"category","embeddable":true,"href":"https:\/\/nubesmgzdigital.com.ar\/index.php\/wp-json\/wp\/v2\/categories?post=1608"},{"taxonomy":"post_tag","embeddable":true,"href":"https:\/\/nubesmgzdigital.com.ar\/index.php\/wp-json\/wp\/v2\/tags?post=1608"}],"curies":[{"name":"wp","href":"https:\/\/api.w.org\/{rel}","templated":true}]}}