{"id":1715,"date":"2019-06-19T09:54:22","date_gmt":"2019-06-19T12:54:22","guid":{"rendered":"http:\/\/nubesmgzdigital.com.ar\/?p=1715"},"modified":"2019-06-19T09:54:24","modified_gmt":"2019-06-19T12:54:24","slug":"camara-empresaria-hotelera-gastronomica-termas-de-rio-hondo-estuvo-presente-en-la-presentacion-de-termatalia-2019","status":"publish","type":"post","link":"https:\/\/nubesmgzdigital.com.ar\/index.php\/2019\/06\/19\/camara-empresaria-hotelera-gastronomica-termas-de-rio-hondo-estuvo-presente-en-la-presentacion-de-termatalia-2019\/","title":{"rendered":"C\u00e1mara Empresaria Hotelera Gastron\u00f3mica -Termas de R\u00edo Hondo estuvo presente en la presentaci\u00f3n de Termatalia 2019"},"content":{"rendered":"\n<p class=\"has-drop-cap\">La presidenta de la C\u00e1mara Empresaria Hotelera Gastron\u00f3mica de Termas de R\u00edo Hondo,&nbsp;Florencia Landivar particip\u00f3 en las instalaciones del Centro Cultural Gral San Mart\u00edn esta tarde de la presentaci\u00f3n en nuestra ciudad termal de la 19\u00b0 Feria Internacional de Turismo Termal, Salud y Bienestar Termatalia que se desarrollar\u00e1 los pr\u00f3ximos 19 y 20 de septiembre en su sede en Europa, capital termal de Ourense; Galicia, Espa\u00f1a.<\/p>\n\n\n\n<p>En la exposici\u00f3n estuvo presente el Intendente municipal Dr. Jorge Alejandro Mukdise y el Subsecretario de Turismo de la provincia, Ricardo Sosa quienes junto a representantes de instituciones p\u00fablicas e intermedias acompa\u00f1aron a la nueva directora de la Feria Mundial espa\u00f1ola Termatalia, Emma Gonz\u00e1lez.<\/p>\n\n\n\n<div class=\"wp-block-image\"><figure class=\"alignleft\"><a href=\"https:\/\/www.termatalia.com\/index.php\" target=\"_blank\" rel=\"noreferrer noopener\"><img loading=\"lazy\" decoding=\"async\" width=\"280\" height=\"240\" src=\"http:\/\/nubesmgzdigital.com.ar\/wp-content\/uploads\/2019\/05\/termatalia_galicia.gif\" alt=\"\" class=\"wp-image-1301\" \/><\/a><\/figure><\/div>\n\n\n\n<p>El jefe comunal le brind\u00f3 la bienvenida a la directora y distingui\u00f3 la calidad en la organizaci\u00f3n del evento que convocar\u00e1 a numerosos operadores y visitantes de Europa, Asia y Am\u00e9rica.<\/p>\n\n\n\n<p>Por su parte Gonz\u00e1lez destac\u00f3 la gentileza y el respaldo de los santiague\u00f1os a trav\u00e9s del Gobierno provincial y municipal y el sector privado quienes son socios estrat\u00e9gicos de la organizaci\u00f3n porque supieron entender el valor de la feria y su alcance &#8220;porque tiene desarrollo el sector y sigue generando bienestar y oportunidades de trabajo&#8221;.<\/p>\n\n\n\n<p>&#8220;Termas de R\u00edo Hondo avanz\u00f3 much\u00edsimo desde el 2014 veo una ciudad con pleno crecimiento&#8221;, resalt\u00f3 Gonz\u00e1lez.<\/p>\n\n\n\n<p>Por su parte, Florencia Landivar le transmiti\u00f3 a la directora de Termatalia los saludos de la presidenta de la Federaci\u00f3n Empresaria Hotelera Gastron\u00f3mica de la Rep\u00fablica Argentina, Dra. Graciela Fresno y ratific\u00f3 el compromiso con la Feria internacionalTermal.<\/p>\n\n\n\n<p>Landivar record\u00f3 el trabajo fruct\u00edfero con la organizaci\u00f3n de Termatalia junto a la Fehgra y la C\u00e1mara de Hoteles para que sea una realidad en Termas de R\u00edo Hondo junto con el apoyo del gobierno de la provincia y la municipalidad.<\/p>\n\n\n\n<p>&#8220;El compromiso de nuestra instituci\u00f3n madre Fehgra para que los empresarios argentinos puedan estar este a\u00f1o en la Feria&#8221;, ponder\u00f3 la presidenta de la C\u00e1mara Empresaria Hotelera y Gastron\u00f3mica de nuestra ciudad termal.<\/p>\n\n\n\n<figure class=\"wp-block-image\"><a href=\"http:\/\/argentinatermal.com.ar\/\" target=\"_blank\" rel=\"noreferrer noopener\"><img loading=\"lazy\" decoding=\"async\" width=\"1024\" height=\"215\" src=\"http:\/\/nubesmgzdigital.com.ar\/wp-content\/uploads\/2019\/06\/www.argentinatermal.com_.ar-1-1068x224-1024x215.jpg\" alt=\"\" class=\"wp-image-1716\" srcset=\"https:\/\/nubesmgzdigital.com.ar\/wp-content\/uploads\/2019\/06\/www.argentinatermal.com_.ar-1-1068x224-1024x215.jpg 1024w, https:\/\/nubesmgzdigital.com.ar\/wp-content\/uploads\/2019\/06\/www.argentinatermal.com_.ar-1-1068x224-300x63.jpg 300w, https:\/\/nubesmgzdigital.com.ar\/wp-content\/uploads\/2019\/06\/www.argentinatermal.com_.ar-1-1068x224-768x161.jpg 768w, https:\/\/nubesmgzdigital.com.ar\/wp-content\/uploads\/2019\/06\/www.argentinatermal.com_.ar-1-1068x224-696x146.jpg 696w, https:\/\/nubesmgzdigital.com.ar\/wp-content\/uploads\/2019\/06\/www.argentinatermal.com_.ar-1-1068x224.jpg 1068w\" sizes=\"auto, (max-width: 1024px) 100vw, 1024px\" \/><\/a><\/figure>\n","protected":false},"excerpt":{"rendered":"<p>La presidenta de la C\u00e1mara Empresaria Hotelera Gastron\u00f3mica de Termas de R\u00edo Hondo,&nbsp;Florencia Landivar particip\u00f3 en las instalaciones del Centro Cultural Gral San Mart\u00edn esta tarde de la presentaci\u00f3n en nuestra ciudad termal de la 19\u00b0 Feria Internacional de Turismo Termal, Salud y Bienestar Termatalia que se desarrollar\u00e1 los pr\u00f3ximos 19 y 20 de septiembre [&hellip;]<\/p>\n","protected":false},"author":2,"featured_media":1717,"comment_status":"open","ping_status":"open","sticky":false,"template":"","format":"standard","meta":{"footnotes":""},"categories":[111,110,125],"tags":[],"class_list":["post-1715","post","type-post","status-publish","format-standard","has-post-thumbnail","hentry","category-nacional","category-regional","category-salud-bienestar"],"post_mailing_queue_ids":[],"_links":{"self":[{"href":"https:\/\/nubesmgzdigital.com.ar\/index.php\/wp-json\/wp\/v2\/posts\/1715","targetHints":{"allow":["GET"]}}],"collection":[{"href":"https:\/\/nubesmgzdigital.com.ar\/index.php\/wp-json\/wp\/v2\/posts"}],"about":[{"href":"https:\/\/nubesmgzdigital.com.ar\/index.php\/wp-json\/wp\/v2\/types\/post"}],"author":[{"embeddable":true,"href":"https:\/\/nubesmgzdigital.com.ar\/index.php\/wp-json\/wp\/v2\/users\/2"}],"replies":[{"embeddable":true,"href":"https:\/\/nubesmgzdigital.com.ar\/index.php\/wp-json\/wp\/v2\/comments?post=1715"}],"version-history":[{"count":1,"href":"https:\/\/nubesmgzdigital.com.ar\/index.php\/wp-json\/wp\/v2\/posts\/1715\/revisions"}],"predecessor-version":[{"id":1718,"href":"https:\/\/nubesmgzdigital.com.ar\/index.php\/wp-json\/wp\/v2\/posts\/1715\/revisions\/1718"}],"wp:featuredmedia":[{"embeddable":true,"href":"https:\/\/nubesmgzdigital.com.ar\/index.php\/wp-json\/wp\/v2\/media\/1717"}],"wp:attachment":[{"href":"https:\/\/nubesmgzdigital.com.ar\/index.php\/wp-json\/wp\/v2\/media?parent=1715"}],"wp:term":[{"taxonomy":"category","embeddable":true,"href":"https:\/\/nubesmgzdigital.com.ar\/index.php\/wp-json\/wp\/v2\/categories?post=1715"},{"taxonomy":"post_tag","embeddable":true,"href":"https:\/\/nubesmgzdigital.com.ar\/index.php\/wp-json\/wp\/v2\/tags?post=1715"}],"curies":[{"name":"wp","href":"https:\/\/api.w.org\/{rel}","templated":true}]}}