{"id":1782,"date":"2019-06-30T23:35:49","date_gmt":"2019-07-01T02:35:49","guid":{"rendered":"http:\/\/nubesmgzdigital.com.ar\/?p=1782"},"modified":"2019-06-30T23:35:51","modified_gmt":"2019-07-01T02:35:51","slug":"la-rioja-presento-en-buenos-aires-su-temporada-de-vacaciones-de-invierno","status":"publish","type":"post","link":"https:\/\/nubesmgzdigital.com.ar\/index.php\/2019\/06\/30\/la-rioja-presento-en-buenos-aires-su-temporada-de-vacaciones-de-invierno\/","title":{"rendered":"La Rioja present\u00f3 en Buenos Aires su temporada de vacaciones de invierno"},"content":{"rendered":"\n<p class=\"has-drop-cap\">La Rioja present\u00f3 este martes en Buenos Aires su temporada\nde vacaciones de invierno. La presentaci\u00f3n se hizo en Casa de La Rioja y estuvo\na cargo de la Secretar\u00eda de Turismo junto con Casa de La Rioja y operadores\ntur\u00edsticos de la provincia.<\/p>\n\n\n\n<p>Estuvieron presentes el secretario de Turismo, \u00c1lvaro del\nPino; el diputado nacional, Danilo Flores; el ministro de Hacienda, Jorge\nQuintero; y la diputada provincial, Teresita Madera. <\/p>\n\n\n\n<p>Adem\u00e1s participaron representantes de la prensa\nespecializada de Buenos Aires, influencers y referentes de la comunicaci\u00f3n en\nTurismo. <\/p>\n\n\n\n<p>La temporada de vacaciones de invierno de La Rioja estuvo\ndirigida especialmente a operadores tur\u00edsticos de Buenos Aires y a la prensa\nnacional. El objetivo de la presentaci\u00f3n fue promocionar el turismo de invierno\nen La Rioja. Por ello participaron empresarios riojanos de diversos sectores,\nentre ellos, agencias de viajes, hoteles, restaurantes y tambi\u00e9n algunas\nbodegas.<\/p>\n\n\n\n<p>Durante el evento se llev\u00f3 a cabo una ronda de negocios\nentre los empresarios del turismo riojano y los operadores tur\u00edsticos de Buenos\nAires.<\/p>\n\n\n\n<p>Cabe destacar que en el marco de esta presentaci\u00f3n, hubo\nactividades art\u00edsticas a cargo del folclorista Daniel Arga\u00f1araz. Tambi\u00e9n se\npas\u00f3 un video promocional del turismo en La Rioja<\/p>\n\n\n\n<p>Adem\u00e1s se hizo una degustaci\u00f3n de vinos y productos\nregionales riojanos, entre ellos, empanadas y degustaci\u00f3n de aceitunas.<\/p>\n\n\n\n<p>En este marco, Del Pino destac\u00f3 que como las fechas de las\nvacaciones de invierno no coinciden en las distintas provincias, eso permitir\u00e1\nque La Rioja pueda contar con afluencia tur\u00edstica durante todo el mes de julio.\n<\/p>\n\n\n\n<p>Un cap\u00edtulo aparte signific\u00f3 el Parque Nacional Talampaya\nque tuvo en esta presentaci\u00f3n su primera aparici\u00f3n como maravilla natural de la\nArgentina, por lo que se pas\u00f3 un video alusivo.<\/p>\n\n\n\n<figure class=\"wp-block-image\"><a href=\"https:\/\/trenalasnubes.com.ar\/inicio-es\/\" target=\"_blank\" rel=\"noreferrer noopener\"><img loading=\"lazy\" decoding=\"async\" width=\"728\" height=\"90\" src=\"http:\/\/nubesmgzdigital.com.ar\/wp-content\/uploads\/2019\/06\/baner_tren_nubes-4.gif\" alt=\"\" class=\"wp-image-1783\" \/><\/a><\/figure>\n","protected":false},"excerpt":{"rendered":"<p>La Rioja present\u00f3 este martes en Buenos Aires su temporada de vacaciones de invierno. La presentaci\u00f3n se hizo en Casa de La Rioja y estuvo a cargo de la Secretar\u00eda de Turismo junto con Casa de La Rioja y operadores tur\u00edsticos de la provincia. Estuvieron presentes el secretario de Turismo, \u00c1lvaro del Pino; el diputado [&hellip;]<\/p>\n","protected":false},"author":2,"featured_media":1784,"comment_status":"open","ping_status":"open","sticky":false,"template":"","format":"standard","meta":{"footnotes":""},"categories":[110],"tags":[],"class_list":["post-1782","post","type-post","status-publish","format-standard","has-post-thumbnail","hentry","category-regional"],"post_mailing_queue_ids":[],"_links":{"self":[{"href":"https:\/\/nubesmgzdigital.com.ar\/index.php\/wp-json\/wp\/v2\/posts\/1782","targetHints":{"allow":["GET"]}}],"collection":[{"href":"https:\/\/nubesmgzdigital.com.ar\/index.php\/wp-json\/wp\/v2\/posts"}],"about":[{"href":"https:\/\/nubesmgzdigital.com.ar\/index.php\/wp-json\/wp\/v2\/types\/post"}],"author":[{"embeddable":true,"href":"https:\/\/nubesmgzdigital.com.ar\/index.php\/wp-json\/wp\/v2\/users\/2"}],"replies":[{"embeddable":true,"href":"https:\/\/nubesmgzdigital.com.ar\/index.php\/wp-json\/wp\/v2\/comments?post=1782"}],"version-history":[{"count":1,"href":"https:\/\/nubesmgzdigital.com.ar\/index.php\/wp-json\/wp\/v2\/posts\/1782\/revisions"}],"predecessor-version":[{"id":1785,"href":"https:\/\/nubesmgzdigital.com.ar\/index.php\/wp-json\/wp\/v2\/posts\/1782\/revisions\/1785"}],"wp:featuredmedia":[{"embeddable":true,"href":"https:\/\/nubesmgzdigital.com.ar\/index.php\/wp-json\/wp\/v2\/media\/1784"}],"wp:attachment":[{"href":"https:\/\/nubesmgzdigital.com.ar\/index.php\/wp-json\/wp\/v2\/media?parent=1782"}],"wp:term":[{"taxonomy":"category","embeddable":true,"href":"https:\/\/nubesmgzdigital.com.ar\/index.php\/wp-json\/wp\/v2\/categories?post=1782"},{"taxonomy":"post_tag","embeddable":true,"href":"https:\/\/nubesmgzdigital.com.ar\/index.php\/wp-json\/wp\/v2\/tags?post=1782"}],"curies":[{"name":"wp","href":"https:\/\/api.w.org\/{rel}","templated":true}]}}