{"id":19672,"date":"2025-09-02T09:09:21","date_gmt":"2025-09-02T12:09:21","guid":{"rendered":"https:\/\/nubesmgzdigital.com.ar\/?p=19672"},"modified":"2025-09-02T09:12:19","modified_gmt":"2025-09-02T12:12:19","slug":"tenemos-una-de-las-fiestas-mas-grande-de-argentina-que-rinde-homenaje-a-sus-raices-y-tradiciones-destaco-passalacqua-en-el-lanzamiento-de-la-fiesta-nacional-del-inmigrante-2025","status":"publish","type":"post","link":"https:\/\/nubesmgzdigital.com.ar\/index.php\/2025\/09\/02\/tenemos-una-de-las-fiestas-mas-grande-de-argentina-que-rinde-homenaje-a-sus-raices-y-tradiciones-destaco-passalacqua-en-el-lanzamiento-de-la-fiesta-nacional-del-inmigrante-2025\/","title":{"rendered":"\u201cTENEMOS UNA DE LAS FIESTAS M\u00c1S GRANDE DE ARGENTINA QUE RINDE HOMENAJE A SUS RA\u00cdCES Y TRADICIONES\u201d, DESTAC\u00d3 PASSALACQUA EN EL LANZAMIENTO DE LA FIESTA NACIONAL DEL INMIGRANTE 2025\u00a0"},"content":{"rendered":"\n<p><em><strong>El gobernador Passalacqua lanz\u00f3 una nueva edici\u00f3n de la Fiesta Nacional del Inmigrante. Se realizar\u00e1 del 4 al 14 de septiembre en el Parque de las Naciones de Ober\u00e1, con artistas reconocidos, gastronom\u00eda t\u00edpica, desfiles, danzas y una renovada infraestructura para recibir a miles de visitantes.<\/strong><\/em><\/p>\n\n\n\n<p>El gobernador de Misiones, Hugo Passalacqua, encabez\u00f3 el lanzamiento oficial de la 45\u00aa edici\u00f3n de la Fiesta Nacional del Inmigrante, que se realizar\u00e1 del jueves 4 al domingo 14 de septiembre. Como ya es tradici\u00f3n, el Parque de las Naciones de Ober\u00e1 ser\u00e1 el escenario de esta fiesta que a\u00f1o a a\u00f1o convoca a misioneros y turistas argentinos y de pa\u00edses lim\u00edtrofes.&nbsp;<\/p>\n\n\n\n<figure class=\"wp-block-embed is-type-video is-provider-youtube wp-block-embed-youtube wp-embed-aspect-16-9 wp-has-aspect-ratio\"><div class=\"wp-block-embed__wrapper\">\n<iframe loading=\"lazy\"  id=\"_ytid_31072\"  width=\"640\" height=\"360\"  data-origwidth=\"640\" data-origheight=\"360\" src=\"https:\/\/www.youtube.com\/embed\/G9rfHSF8_4s?enablejsapi=1&#038;autoplay=0&#038;cc_load_policy=0&#038;cc_lang_pref=&#038;iv_load_policy=1&#038;loop=0&#038;rel=1&#038;fs=1&#038;playsinline=0&#038;autohide=2&#038;theme=dark&#038;color=red&#038;controls=1&#038;disablekb=0&#038;\" class=\"__youtube_prefs__  epyt-is-override  no-lazyload\" title=\"YouTube player\"  allow=\"fullscreen; accelerometer; autoplay; clipboard-write; encrypted-media; gyroscope; picture-in-picture; web-share\" referrerpolicy=\"strict-origin-when-cross-origin\" allowfullscreen data-no-lazy=\"1\" data-skipgform_ajax_framebjll=\"\"><\/iframe>\n<\/div><\/figure>\n\n\n\n<p>La Fiesta Nacional del Inmigrante convoca cada a\u00f1o a m\u00e1s de 30 mil visitantes con desfiles, m\u00fasica folkl\u00f3rica, danzas t\u00edpicas y una destacada oferta gastron\u00f3mica de las 15 colectividades participantes. En esta edici\u00f3n, m\u00e1s de 4 mil artistas subir\u00e1n al escenario del Parque de las Naciones con propuestas de distintos g\u00e9neros, entre ellos Catupecu Machu, Patricia Sosa, Alejandro Lerner, L\u00fcpanar, Confluencia Chamamecera, San Marino, Fabi\u00e1n Meza, DJ Alan G\u00f3mez, Iris y sus Rom\u00e1nticos, Bater\u00eda Legal, Tche Gaitero y el D\u00fao Lira Vera.<\/p>\n\n\n\n<figure class=\"wp-block-image size-large\"><img decoding=\"async\" src=\"https:\/\/misiones.gob.ar\/wp-content\/uploads\/2025\/08\/FNI-1-1536x864.jpeg\" alt=\"\"\/><\/figure>\n\n\n\n<p>Durante el lanzamiento, Passalacqua manifest\u00f3: \u201cPara m\u00ed es un honor y una emoci\u00f3n poder compartir este lanzamiento n\u00famero 45. Siempre digo que empezar las cosas en la vida no es f\u00e1cil, pero mucho m\u00e1s dif\u00edcil es sostenerlas en el tiempo. Por eso, quiero reconocer hoy y agradecer a toda la gente que trabaja de forma voluntaria por amor a su pueblo y a sus ra\u00edces y que hacen posible que se realice la Fiesta Nacional del Inmigrante, desde los directivos e integrantes de la Federaci\u00f3n, hasta los encargados de la gastronom\u00eda, de la seguridad, las reinas y los artistas\u201d.<\/p>\n\n\n\n<figure class=\"wp-block-embed is-type-video is-provider-youtube wp-block-embed-youtube wp-embed-aspect-16-9 wp-has-aspect-ratio\"><div class=\"wp-block-embed__wrapper\">\n<iframe loading=\"lazy\"  id=\"_ytid_90444\"  width=\"640\" height=\"360\"  data-origwidth=\"640\" data-origheight=\"360\" src=\"https:\/\/www.youtube.com\/embed\/vj_4A6r-8Bw?enablejsapi=1&#038;autoplay=0&#038;cc_load_policy=0&#038;cc_lang_pref=&#038;iv_load_policy=1&#038;loop=0&#038;rel=1&#038;fs=1&#038;playsinline=0&#038;autohide=2&#038;theme=dark&#038;color=red&#038;controls=1&#038;disablekb=0&#038;\" class=\"__youtube_prefs__  epyt-is-override  no-lazyload\" title=\"YouTube player\"  allow=\"fullscreen; accelerometer; autoplay; clipboard-write; encrypted-media; gyroscope; picture-in-picture; web-share\" referrerpolicy=\"strict-origin-when-cross-origin\" allowfullscreen data-no-lazy=\"1\" data-skipgform_ajax_framebjll=\"\"><\/iframe>\n<\/div><\/figure>\n\n\n\n<p>\u201cDe las 1.500 fiestas nacionales y provinciales que existen en Argentina, la Fiesta Nacional del Inmigrante est\u00e1 entre las tres con mayor asistencia de p\u00fablico. Eso no es poco, es much\u00edsimo y eso nos tiene que llenar de orgullo como misioneros\u201d, asegur\u00f3. \u201cSomos una de las grandes fiestas que tiene Argentina donde m\u00e1s all\u00e1 de lo festivo, de la gastronom\u00eda y de los shows en vivo, se rinde homenaje a nuestras ra\u00edces y tradiciones\u201d, agreg\u00f3.&nbsp;<\/p>\n\n\n\n<figure class=\"wp-block-image size-large\"><img decoding=\"async\" src=\"https:\/\/misiones.gob.ar\/wp-content\/uploads\/2025\/08\/FNI-6-1536x864.jpeg\" alt=\"\"\/><\/figure>\n\n\n\n<p><strong>CON GRANDES EXPECTATIVAS, OBER\u00c1 ESPERA LA FIESTA NACIONAL DEL INMIGRANTE 2025<\/strong><\/p>\n\n\n\n<p>\u201cHoy nos sentimos muy contentos y agradecidos de estar lanzando la fiesta que nos representa no solo a los obere\u00f1os y a los misioneros, sino tambi\u00e9n a todos los argentinos\u201d, expres\u00f3 en el lanzamiento de la Fiesta, el&nbsp; intendente de Ober\u00e1, Pablo Hassan.&nbsp;<\/p>\n\n\n\n<p>Hassan resalt\u00f3 adem\u00e1s el trabajo conjunto del municipio con la Federaci\u00f3n de Colectividades para embellecer la ciudad y prepararla para recibir visitantes. Como novedad, anunci\u00f3 la renovaci\u00f3n integral del hist\u00f3rico Museo del Parque de las Naciones, con una importante inversi\u00f3n municipal que permiti\u00f3 cambiar los techos y modernizar el espacio con propuestas interactivas. Adem\u00e1s, se inaugurar\u00e1 la Plaza Huellitas del Inmigrante, un espacio especialmente dise\u00f1ado para la ni\u00f1ez con fondos propios de la Federaci\u00f3n de Colectividades.<\/p>\n\n\n\n<p>Tambi\u00e9n, destac\u00f3 la incorporaci\u00f3n del Golden Ticket, un pase tur\u00edstico que, adquirido en la Direcci\u00f3n de Turismo, permitir\u00e1 acceder a diferentes parques y circuitos de la ciudad durante la Fiesta. \u201cBuscamos que los visitantes puedan aprovechar al m\u00e1ximo su estad\u00eda en Ober\u00e1\u201d, se\u00f1al\u00f3.<\/p>\n\n\n\n<figure class=\"wp-block-image size-large\"><img decoding=\"async\" src=\"https:\/\/misiones.gob.ar\/wp-content\/uploads\/2025\/08\/FNI-4-1536x864.jpeg\" alt=\"\"\/><\/figure>\n\n\n\n<p><strong>UNA FIESTA PARA CONOCER EL MUNDO Y SUS TRADICIONES<\/strong><\/p>\n\n\n\n<p>A su vez, la presidenta de la Federaci\u00f3n de Colectividades, Marta Wieremiey, remarc\u00f3 la relevancia de esta edici\u00f3n, al cumplirse 40 a\u00f1os de la piedra fundacional del Parque de las Naciones. \u201cEste a\u00f1o es muy especial. Habr\u00e1 much\u00edsimos artistas durante los 11 d\u00edas y m\u00e1s de 2.500 bailarines mostrando todo lo que prepararon en las danzas t\u00edpicas de cada una de las 15 nacionalidades, m\u00e1s el Pabell\u00f3n Argentino\u201d, indic\u00f3.<\/p>\n\n\n\n<p>Tambi\u00e9n destac\u00f3 la importancia de la gastronom\u00eda y la accesibilidad de los precios: \u201cCada colectividad est\u00e1 preparando nuevos platos en sus casas t\u00edpicas. Es un a\u00f1o muy particular, con entradas accesibles que van desde los 8.000 a 18.000 pesos. Pensamos en las familias que quieren participar, sabiendo que la situaci\u00f3n econ\u00f3mica es complicada\u201d.<\/p>\n<p>&nbsp;<\/p>\n\n\n\n<figure class=\"wp-block-image size-large\"><img decoding=\"async\" src=\"https:\/\/misiones.gob.ar\/wp-content\/uploads\/2025\/08\/FNI-5-1536x864.jpeg\" alt=\"\"\/><\/figure>\n\n\n\n<p>En esa l\u00ednea, anunci\u00f3 que el primer d\u00eda de la Fiesta, el 4 de septiembre, coincidir\u00e1 con el D\u00eda del Inmigrante y contar\u00e1 con el gran desfile de las colectividades desde el Centro C\u00edvico hasta el Parque de las Naciones.&nbsp;<\/p>\n\n\n\n<p>Finalmente, Wieremiey subray\u00f3 la m\u00edstica del predio: \u201cSe trata de recorrer el mundo en este peque\u00f1o espacio que tenemos en Ober\u00e1, de 3 hect\u00e1reas, junto a todas las colectividades que se preparan para recibir a todos con sus casas t\u00edpicas y su gastronom\u00eda caracter\u00edstica\u201d. Adem\u00e1s, destac\u00f3 la gran demanda de reservas hoteleras y consultas sobre alojamiento que ya se registran.<\/p>\n\n\n\n<figure class=\"wp-block-image\"><img decoding=\"async\" src=\"https:\/\/misiones.gob.ar\/wp-content\/uploads\/2025\/08\/FNI-2-1024x576.jpeg\" alt=\"\" class=\"wp-image-54966\"\/><\/figure>\n\n\n\n<p>Cabe recordar que las entradas ya est\u00e1n disponibles desde los 8 mil pesos en<a href=\"http:\/\/www.1000tickets.com.ar\/\">&nbsp;www.1000tickets.com.ar<\/a>. En el marco de la promoci\u00f3n, se realizaron presentaciones en distintas localidades de Misiones, en provincias del pa\u00eds y en pa\u00edses vecinos como Paraguay y Brasil, lo que anticipa una fuerte afluencia tur\u00edstica.<\/p>\n\n\n\n<p>En el lanzamiento tambi\u00e9n estuvieron presentes el ministro de Turismo de Misiones, Jos\u00e9 Mar\u00eda Arr\u00faa; el ministro de Cultura, Jos\u00e9 Mart\u00edn Joselo Schuap; la Reina Nacional del Inmigrante, Ruth Bys; y las soberanas representantes de las diferentes colectividades. El acto concluy\u00f3 con una presentaci\u00f3n art\u00edstica a cargo de grupos de danzas t\u00edpicas.<\/p>\n\n\n\n<figure class=\"wp-block-image\"><img decoding=\"async\" class=\"wp-image-54967\" src=\"https:\/\/misiones.gob.ar\/wp-content\/uploads\/2025\/08\/FNI-3-1024x576.jpeg\" alt=\"\" \/><\/figure>\n<p>\u00a0<\/p>\n\n\n\n<figure class=\"wp-block-image size-full is-resized\"><img loading=\"lazy\" decoding=\"async\" width=\"297\" height=\"82\" src=\"https:\/\/nubesmgzdigital.com.ar\/wp-content\/uploads\/2025\/09\/Captura-de-pantalla_2-9-2025_9116_misiones.gob_.ar_.jpeg\" alt=\"\" class=\"wp-image-19673\" style=\"width:192px;height:auto\"\/><\/figure>\n","protected":false},"excerpt":{"rendered":"<p>El gobernador Passalacqua lanz\u00f3 una nueva edici\u00f3n de la Fiesta Nacional del Inmigrante. Se realizar\u00e1 del 4 al 14 de septiembre en el Parque de las Naciones de Ober\u00e1, con artistas reconocidos, gastronom\u00eda t\u00edpica, desfiles, danzas y una renovada infraestructura para recibir a miles de visitantes. El gobernador de Misiones, Hugo Passalacqua, encabez\u00f3 el lanzamiento [&hellip;]<\/p>\n","protected":false},"author":2,"featured_media":19674,"comment_status":"open","ping_status":"open","sticky":false,"template":"","format":"standard","meta":{"footnotes":""},"categories":[114,2],"tags":[],"class_list":["post-19672","post","type-post","status-publish","format-standard","has-post-thumbnail","hentry","category-turismo-destinos","category-nea"],"post_mailing_queue_ids":[],"_links":{"self":[{"href":"https:\/\/nubesmgzdigital.com.ar\/index.php\/wp-json\/wp\/v2\/posts\/19672","targetHints":{"allow":["GET"]}}],"collection":[{"href":"https:\/\/nubesmgzdigital.com.ar\/index.php\/wp-json\/wp\/v2\/posts"}],"about":[{"href":"https:\/\/nubesmgzdigital.com.ar\/index.php\/wp-json\/wp\/v2\/types\/post"}],"author":[{"embeddable":true,"href":"https:\/\/nubesmgzdigital.com.ar\/index.php\/wp-json\/wp\/v2\/users\/2"}],"replies":[{"embeddable":true,"href":"https:\/\/nubesmgzdigital.com.ar\/index.php\/wp-json\/wp\/v2\/comments?post=19672"}],"version-history":[{"count":3,"href":"https:\/\/nubesmgzdigital.com.ar\/index.php\/wp-json\/wp\/v2\/posts\/19672\/revisions"}],"predecessor-version":[{"id":19678,"href":"https:\/\/nubesmgzdigital.com.ar\/index.php\/wp-json\/wp\/v2\/posts\/19672\/revisions\/19678"}],"wp:featuredmedia":[{"embeddable":true,"href":"https:\/\/nubesmgzdigital.com.ar\/index.php\/wp-json\/wp\/v2\/media\/19674"}],"wp:attachment":[{"href":"https:\/\/nubesmgzdigital.com.ar\/index.php\/wp-json\/wp\/v2\/media?parent=19672"}],"wp:term":[{"taxonomy":"category","embeddable":true,"href":"https:\/\/nubesmgzdigital.com.ar\/index.php\/wp-json\/wp\/v2\/categories?post=19672"},{"taxonomy":"post_tag","embeddable":true,"href":"https:\/\/nubesmgzdigital.com.ar\/index.php\/wp-json\/wp\/v2\/tags?post=19672"}],"curies":[{"name":"wp","href":"https:\/\/api.w.org\/{rel}","templated":true}]}}