{"id":19695,"date":"2025-09-04T08:43:05","date_gmt":"2025-09-04T11:43:05","guid":{"rendered":"https:\/\/nubesmgzdigital.com.ar\/?p=19695"},"modified":"2025-09-04T08:43:06","modified_gmt":"2025-09-04T11:43:06","slug":"difunden-la-agenda-de-actividades-turisticas-de-septiembre-con-la-fiesta-del-pomelo-como-principal-atractivo","status":"publish","type":"post","link":"https:\/\/nubesmgzdigital.com.ar\/index.php\/2025\/09\/04\/difunden-la-agenda-de-actividades-turisticas-de-septiembre-con-la-fiesta-del-pomelo-como-principal-atractivo\/","title":{"rendered":"Difunden la agenda de actividades tur\u00edsticas de septiembre, con la Fiesta del Pomelo como principal atractivo"},"content":{"rendered":"\n<p><em><strong>El Ministerio de Turismo public\u00f3 la agenda de septiembre, invitando \u201ca todos y a todas a participar de la gran variedad de actividades que se realizar\u00e1n en las diferentes localidades de nuestra provincia\u201d.<\/strong><\/em><\/p>\n\n\n\n<p>Sin dudas, el principal atractivo del mes es la XLI Fiesta Nacional del Pomelo, que se llevar\u00e1 a cabo los d\u00edas 13 y 14 en Laguna Blanca.<\/p>\n\n\n\n<p>Se trata de una organizaci\u00f3n conjunta del Gobierno de la provincia de Formosa, a trav\u00e9s del Ministerio de Turismo, la Municipalidad y el Concejo Deliberante de Laguna Blanca, con el apoyo del Consejo Federal de Inversiones (CFI) y la colaboraci\u00f3n de distintos organismos del Estado provincial, desde donde se viene trabajando arduamente para coordinar todos los detalles de este gran evento, tradicional para el NEA.<\/p>\n\n\n\n<p>El lugar de encuentro, como cada a\u00f1o, ser\u00e1 el Polideportivo Municipal Evita de Laguna Blanca, con entrada libre y gratuita. All\u00ed se podr\u00e1 disfrutar de espect\u00e1culos musicales y la tradicional expo-feria gastron\u00f3mica, artesanal, institucional y comercial.<\/p>\n\n\n\n<figure class=\"wp-block-gallery has-nested-images columns-default is-cropped wp-block-gallery-1 is-layout-flex wp-block-gallery-is-layout-flex\">\n<figure class=\"wp-block-image size-large\"><img loading=\"lazy\" decoding=\"async\" width=\"1024\" height=\"682\" data-id=\"19697\" src=\"https:\/\/nubesmgzdigital.com.ar\/wp-content\/uploads\/2025\/09\/Fiesta-del-Pomelo_archivo-4-1024x682.jpeg\" alt=\"\" class=\"wp-image-19697\" srcset=\"https:\/\/nubesmgzdigital.com.ar\/wp-content\/uploads\/2025\/09\/Fiesta-del-Pomelo_archivo-4-1024x682.jpeg 1024w, https:\/\/nubesmgzdigital.com.ar\/wp-content\/uploads\/2025\/09\/Fiesta-del-Pomelo_archivo-4-300x200.jpeg 300w, https:\/\/nubesmgzdigital.com.ar\/wp-content\/uploads\/2025\/09\/Fiesta-del-Pomelo_archivo-4-768x512.jpeg 768w, https:\/\/nubesmgzdigital.com.ar\/wp-content\/uploads\/2025\/09\/Fiesta-del-Pomelo_archivo-4-696x464.jpeg 696w, https:\/\/nubesmgzdigital.com.ar\/wp-content\/uploads\/2025\/09\/Fiesta-del-Pomelo_archivo-4-1068x712.jpeg 1068w, https:\/\/nubesmgzdigital.com.ar\/wp-content\/uploads\/2025\/09\/Fiesta-del-Pomelo_archivo-4-630x420.jpeg 630w, https:\/\/nubesmgzdigital.com.ar\/wp-content\/uploads\/2025\/09\/Fiesta-del-Pomelo_archivo-4.jpeg 1280w\" sizes=\"auto, (max-width: 1024px) 100vw, 1024px\" \/><\/figure>\n\n\n\n<figure class=\"wp-block-image size-large\"><img loading=\"lazy\" decoding=\"async\" width=\"1024\" height=\"682\" data-id=\"19696\" src=\"https:\/\/nubesmgzdigital.com.ar\/wp-content\/uploads\/2025\/09\/Fiesta-del-Pomelo_archivo-1-1024x682.jpeg\" alt=\"\" class=\"wp-image-19696\" srcset=\"https:\/\/nubesmgzdigital.com.ar\/wp-content\/uploads\/2025\/09\/Fiesta-del-Pomelo_archivo-1-1024x682.jpeg 1024w, https:\/\/nubesmgzdigital.com.ar\/wp-content\/uploads\/2025\/09\/Fiesta-del-Pomelo_archivo-1-300x200.jpeg 300w, https:\/\/nubesmgzdigital.com.ar\/wp-content\/uploads\/2025\/09\/Fiesta-del-Pomelo_archivo-1-768x512.jpeg 768w, https:\/\/nubesmgzdigital.com.ar\/wp-content\/uploads\/2025\/09\/Fiesta-del-Pomelo_archivo-1-696x464.jpeg 696w, https:\/\/nubesmgzdigital.com.ar\/wp-content\/uploads\/2025\/09\/Fiesta-del-Pomelo_archivo-1-1068x712.jpeg 1068w, https:\/\/nubesmgzdigital.com.ar\/wp-content\/uploads\/2025\/09\/Fiesta-del-Pomelo_archivo-1-630x420.jpeg 630w, https:\/\/nubesmgzdigital.com.ar\/wp-content\/uploads\/2025\/09\/Fiesta-del-Pomelo_archivo-1.jpeg 1280w\" sizes=\"auto, (max-width: 1024px) 100vw, 1024px\" \/><\/figure>\n<\/figure>\n\n\n\n<p>Entre los artistas confirmados se encuentran Nicki Nicole, Soledad Pastorutti, Kapanga, Iv\u00e1n Ru\u00edz, \u00c1ngelo Aranda, Christian Herrera, Hern\u00e1n Arias, entre otros. En tanto que el domingo habr\u00e1 doma y destrezas gauchas, adem\u00e1s de la actuaci\u00f3n de m\u00fasicos locales.<\/p>\n\n\n\n<p>As\u00ed tambi\u00e9n, otra actividad que despunta en la agenda es el Telemach en el Anfiteatro de la Juventud, ubicado en la intersecci\u00f3n de las Avenidas Napole\u00f3n Uriburu y 9 de Julio de la Capital. Ser\u00e1 este viernes 5, de 14 a 17.<\/p>\n\n\n\n<p>A ello se suman las Olimp\u00edadas Deportivas 2025 por el Mes del Empleado P\u00fablico, que se desarrollar\u00e1n del 5 al 28 de septiembre. Est\u00e1n organizadas por el Gobierno de Formosa, siendo el Instituto de Asistencia Social (IAS) el organismo encargado de llevar adelante las competencias, junto con la Secretar\u00eda de Deportes y Recreaci\u00f3n Comunitaria.<\/p>\n\n\n\n<figure class=\"wp-block-gallery has-nested-images columns-default is-cropped wp-block-gallery-2 is-layout-flex wp-block-gallery-is-layout-flex\">\n<figure class=\"wp-block-image size-large\"><img loading=\"lazy\" decoding=\"async\" width=\"1024\" height=\"1024\" data-id=\"19699\" src=\"https:\/\/nubesmgzdigital.com.ar\/wp-content\/uploads\/2025\/09\/Quedaron-presentadas-las-Olimpiadas-Deportivas-2-1024x1024.jpg\" alt=\"\" class=\"wp-image-19699\" srcset=\"https:\/\/nubesmgzdigital.com.ar\/wp-content\/uploads\/2025\/09\/Quedaron-presentadas-las-Olimpiadas-Deportivas-2-1024x1024.jpg 1024w, https:\/\/nubesmgzdigital.com.ar\/wp-content\/uploads\/2025\/09\/Quedaron-presentadas-las-Olimpiadas-Deportivas-2-300x300.jpg 300w, https:\/\/nubesmgzdigital.com.ar\/wp-content\/uploads\/2025\/09\/Quedaron-presentadas-las-Olimpiadas-Deportivas-2-150x150.jpg 150w, https:\/\/nubesmgzdigital.com.ar\/wp-content\/uploads\/2025\/09\/Quedaron-presentadas-las-Olimpiadas-Deportivas-2-768x768.jpg 768w, https:\/\/nubesmgzdigital.com.ar\/wp-content\/uploads\/2025\/09\/Quedaron-presentadas-las-Olimpiadas-Deportivas-2-696x696.jpg 696w, https:\/\/nubesmgzdigital.com.ar\/wp-content\/uploads\/2025\/09\/Quedaron-presentadas-las-Olimpiadas-Deportivas-2-1068x1068.jpg 1068w, https:\/\/nubesmgzdigital.com.ar\/wp-content\/uploads\/2025\/09\/Quedaron-presentadas-las-Olimpiadas-Deportivas-2-420x420.jpg 420w, https:\/\/nubesmgzdigital.com.ar\/wp-content\/uploads\/2025\/09\/Quedaron-presentadas-las-Olimpiadas-Deportivas-2.jpg 1080w\" sizes=\"auto, (max-width: 1024px) 100vw, 1024px\" \/><\/figure>\n\n\n\n<figure class=\"wp-block-image size-large\"><img loading=\"lazy\" decoding=\"async\" width=\"1024\" height=\"1024\" data-id=\"19698\" src=\"https:\/\/nubesmgzdigital.com.ar\/wp-content\/uploads\/2025\/09\/Quedaron-presentadas-las-Olimpiadas-Deportivas-1-1024x1024.jpg\" alt=\"\" class=\"wp-image-19698\" srcset=\"https:\/\/nubesmgzdigital.com.ar\/wp-content\/uploads\/2025\/09\/Quedaron-presentadas-las-Olimpiadas-Deportivas-1-1024x1024.jpg 1024w, https:\/\/nubesmgzdigital.com.ar\/wp-content\/uploads\/2025\/09\/Quedaron-presentadas-las-Olimpiadas-Deportivas-1-300x300.jpg 300w, https:\/\/nubesmgzdigital.com.ar\/wp-content\/uploads\/2025\/09\/Quedaron-presentadas-las-Olimpiadas-Deportivas-1-150x150.jpg 150w, https:\/\/nubesmgzdigital.com.ar\/wp-content\/uploads\/2025\/09\/Quedaron-presentadas-las-Olimpiadas-Deportivas-1-768x768.jpg 768w, https:\/\/nubesmgzdigital.com.ar\/wp-content\/uploads\/2025\/09\/Quedaron-presentadas-las-Olimpiadas-Deportivas-1-696x696.jpg 696w, https:\/\/nubesmgzdigital.com.ar\/wp-content\/uploads\/2025\/09\/Quedaron-presentadas-las-Olimpiadas-Deportivas-1-1068x1068.jpg 1068w, https:\/\/nubesmgzdigital.com.ar\/wp-content\/uploads\/2025\/09\/Quedaron-presentadas-las-Olimpiadas-Deportivas-1-420x420.jpg 420w, https:\/\/nubesmgzdigital.com.ar\/wp-content\/uploads\/2025\/09\/Quedaron-presentadas-las-Olimpiadas-Deportivas-1.jpg 1080w\" sizes=\"auto, (max-width: 1024px) 100vw, 1024px\" \/><\/figure>\n<\/figure>\n\n\n\n<p><strong>Aniversarios<\/strong><\/p>\n\n\n\n<p>En el interior provincial, la localidad de Villa Escolar celebrar\u00e1 su 91\u00b0 aniversario el pr\u00f3ximo domingo 7, por lo que a las 9.45 horas, en el Polideportivo Municipal, realizar\u00e1 un acto conmemorativo. Mientras que el lunes 8 har\u00e1 lo propio otra comunidad, en este caso Los Chiriguanos, con su 84\u00b0 aniversario, y el lunes 15 ser\u00e1 el turno de Lucio V. Mansilla con su aniversario 120\u00b0.<\/p>\n\n\n\n<p>En esa l\u00ednea, la localidad de Buena Vista festejar\u00e1 el s\u00e1bado 20 su 106\u00b0 aniversario con un gran festival. Actuar\u00e1n destacados artistas como el Indio Lucio Rojas y muchos otros en el Espacio Verde desde las 19.30 horas.<\/p>\n\n\n\n<p>En el caso de Pozo del Tigre, para evocar el 120\u00b0 aniversario fundacional, se program\u00f3 una serenata para el domingo 21, frente al Municipio local, y un festival para el d\u00eda siguiente en el predio de la cancha municipal.<\/p>\n\n\n\n<p><strong>Estudiantes<\/strong><\/p>\n\n\n\n<p>En el marco de las actividades para conmemorar el Mes de los Estudiantes, para el mi\u00e9rcoles 10, de 14 a 17 horas, est\u00e1 previsto que se realice la Marat\u00f3n Estudiantil en la Costanera capitalina y, a su vez, en Laguna Blanca el martes 16, de 14 a 17, se har\u00e1 una jornada de reflexi\u00f3n.<\/p>\n\n\n\n<p>De igual modo, en el Polideportivo Municipal de Villa Escolar, durante los d\u00edas 16, 17, 18 y 20 de septiembre, a las 19 horas, se llevar\u00e1 a cabo el 1\u00b0 Encuentro Estudiantil, y en Laguna Naineck, en el Polideportivo de la EPEP 19, desde las 19, tendr\u00e1 lugar la Estudiantina.<\/p>\n\n\n\n<p>Asimismo, para el s\u00e1bado 27 est\u00e1 programada la Fiesta de los Estudiantes Secundarios y la elecci\u00f3n de la representante. El lugar elegido es el Galp\u00f3n \u201cG\u201d del Paseo Costanero capitalino, en el horario de 20 a 1 horas.<\/p>\n\n\n\n<p>Se agregan las actividades fijas en espacios como la Cruz del Norte, el Paseo Guadalupe Florece, el Patin\u00f3dromo, el Para\u00edso de los Ni\u00f1os, entre otros, as\u00ed como los campings en las localidades del interior provincial.<\/p><p><\/p>\n","protected":false},"excerpt":{"rendered":"<p>El Ministerio de Turismo public\u00f3 la agenda de septiembre, invitando \u201ca todos y a todas a participar de la gran variedad de actividades que se realizar\u00e1n en las diferentes localidades de nuestra provincia\u201d. Sin dudas, el principal atractivo del mes es la XLI Fiesta Nacional del Pomelo, que se llevar\u00e1 a cabo los d\u00edas 13 [&hellip;]<\/p>\n","protected":false},"author":2,"featured_media":19700,"comment_status":"open","ping_status":"open","sticky":false,"template":"","format":"standard","meta":{"footnotes":""},"categories":[2],"tags":[],"class_list":["post-19695","post","type-post","status-publish","format-standard","has-post-thumbnail","hentry","category-nea"],"post_mailing_queue_ids":[],"_links":{"self":[{"href":"https:\/\/nubesmgzdigital.com.ar\/index.php\/wp-json\/wp\/v2\/posts\/19695","targetHints":{"allow":["GET"]}}],"collection":[{"href":"https:\/\/nubesmgzdigital.com.ar\/index.php\/wp-json\/wp\/v2\/posts"}],"about":[{"href":"https:\/\/nubesmgzdigital.com.ar\/index.php\/wp-json\/wp\/v2\/types\/post"}],"author":[{"embeddable":true,"href":"https:\/\/nubesmgzdigital.com.ar\/index.php\/wp-json\/wp\/v2\/users\/2"}],"replies":[{"embeddable":true,"href":"https:\/\/nubesmgzdigital.com.ar\/index.php\/wp-json\/wp\/v2\/comments?post=19695"}],"version-history":[{"count":1,"href":"https:\/\/nubesmgzdigital.com.ar\/index.php\/wp-json\/wp\/v2\/posts\/19695\/revisions"}],"predecessor-version":[{"id":19701,"href":"https:\/\/nubesmgzdigital.com.ar\/index.php\/wp-json\/wp\/v2\/posts\/19695\/revisions\/19701"}],"wp:featuredmedia":[{"embeddable":true,"href":"https:\/\/nubesmgzdigital.com.ar\/index.php\/wp-json\/wp\/v2\/media\/19700"}],"wp:attachment":[{"href":"https:\/\/nubesmgzdigital.com.ar\/index.php\/wp-json\/wp\/v2\/media?parent=19695"}],"wp:term":[{"taxonomy":"category","embeddable":true,"href":"https:\/\/nubesmgzdigital.com.ar\/index.php\/wp-json\/wp\/v2\/categories?post=19695"},{"taxonomy":"post_tag","embeddable":true,"href":"https:\/\/nubesmgzdigital.com.ar\/index.php\/wp-json\/wp\/v2\/tags?post=19695"}],"curies":[{"name":"wp","href":"https:\/\/api.w.org\/{rel}","templated":true}]}}