{"id":19702,"date":"2025-09-04T09:09:49","date_gmt":"2025-09-04T12:09:49","guid":{"rendered":"https:\/\/nubesmgzdigital.com.ar\/?p=19702"},"modified":"2025-09-04T09:09:50","modified_gmt":"2025-09-04T12:09:50","slug":"el-desafio-pueblo-viejo-celebrara-su-3a-edicion-con-mas-de-800-bikers","status":"publish","type":"post","link":"https:\/\/nubesmgzdigital.com.ar\/index.php\/2025\/09\/04\/el-desafio-pueblo-viejo-celebrara-su-3a-edicion-con-mas-de-800-bikers\/","title":{"rendered":"El Desaf\u00edo Pueblo Viejo celebrar\u00e1 su 3\u00aa edici\u00f3n con m\u00e1s de 800 bikers"},"content":{"rendered":"\n<p><strong><em>Concepci\u00f3n ser\u00e1 sede de una competencia de Rural Bike que reunir\u00e1 a cerca de mil ciclistas de Tucum\u00e1n y provincias vecinas en un recorrido de 45 kil\u00f3metros.<\/em><\/strong><\/p>\n\n\n\n<p>Con el objetivo de consolidar a Tucum\u00e1n como un referente del turismo deportivo, se present\u00f3 la tercera edici\u00f3n del Desaf\u00edo Pueblo Viejo, una competencia de Rural Bike que promete ser una verdadera fiesta para los amantes del ciclismo. El evento, que se realizar\u00e1 el pr\u00f3ximo 7 de septiembre en Concepci\u00f3n, atraer\u00e1 a m\u00e1s de 800 ciclistas de todo el pa\u00eds.<\/p>\n\n\n\n<p>La presentaci\u00f3n oficial se realiz\u00f3 en el Ente Tucum\u00e1n Turismo, con la presencia de\u00a0<strong>Domingo Amaya,<\/strong>\u00a0presidente del organismo;<strong>\u00a0Ra\u00fal Albarrac\u00edn,\u00a0<\/strong>secretario de Gobierno y Relaciones Institucionales;\u00a0<strong>Francisco Serra<\/strong>, titular de la comisi\u00f3n de Turismo de la Honorable Legislatura de Tucum\u00e1n; la subsecretaria de Gobierno,\u00a0<strong>Katherina Mazzuco;<\/strong>\u00a0<strong>Diego Erroz<\/strong>, secretario de Deportes; y\u00a0<strong>Cristian Nieva,<\/strong>\u00a0comisionado comunal de Capit\u00e1n C\u00e1ceres.<\/p>\n\n\n\n<p>El evento es organizado por Zona Deportiva y la Fundaci\u00f3n Yo Quiero a Concepci\u00f3n, y constituye la quinta fecha del campeonato de ocho etapas que se extender\u00e1 hasta noviembre de 2025. La competencia tendr\u00e1 modalidad competitiva y participativa, con circuitos adaptados para distintos niveles, incluyendo una categor\u00eda para personas con discapacidad.<\/p>\n\n\n\n<p>El presidente del ETT destac\u00f3 la importancia del evento y c\u00f3mo \u00e9ste es capaz de unir a distintos puntos del sur provincial: \u201ccuando se unen los lugares tambi\u00e9n se une a la gente, ese es el objetivo y la propuesta que siempre nos hace el gobernador,<strong>&nbsp;Osvaldo Jaldo<\/strong>\u201d. El titular de Turismo tambi\u00e9n reflej\u00f3 que el esp\u00edritu de la competencia es desafiarse a uno mismo y desafiar a la naturaleza, \u201cpero siempre respet\u00e1ndola, porque constituye un patrimonio de Tucum\u00e1n que lo representa y distingue en todo el pa\u00eds\u201d.<\/p>\n\n\n\n<p>Por su parte, Albarrac\u00edn subray\u00f3 la importancia del trabajo conjunto entre instituciones: \u201cestamos poniendo al Estado de la provincia al servicio del deporte, de la vida sana y, a trav\u00e9s de eventos como estos, difundimos las bellezas que tenemos en Tucum\u00e1n\u201d. Al mismo tiempo, subray\u00f3 que muchos de los bikers que formen parte del desaf\u00edo tendr\u00e1n la chance de tomar contacto con la oferta de la provincia y volver, ya sea como deportistas o como turistas.&nbsp;<\/p>\n\n\n\n<p>\u201cDesde la Legislatura, a trav\u00e9s de nuestro presidente&nbsp;<strong>Miguel Acevedo,<\/strong>&nbsp;celebramos a todos los organizadores de este tipo de competencias, que muestran a nuestro Tucum\u00e1n en su m\u00e1xima expresi\u00f3n, porque esto arranca desde el departamento de Chicligasta y culmina en el de Monteros, lo que evidencia su amplitud e integraci\u00f3n\u201d, manifest\u00f3 Serra.&nbsp;<\/p>\n\n\n\n<p>Por \u00faltimo, Erroz precis\u00f3 que Tucum\u00e1n contin\u00faa su fortalecimiento en el ciclismo y que \u201cnos estamos habituando a tener las mejores propuestas de rural bike, donde los tucumanos somos muy fuertes y contamos con representaci\u00f3n de primer nivel\u201d. \u201cTodos los fines de semana tenemos eventos deportivos que se hacen en la naturaleza, que promueven buenos h\u00e1bitos y propenden a la mejora del medio ambiente, por lo que desde el Gobierno de la Provincia estamos particularmente felices de que sigan creciendo\u201d, cerr\u00f3 el secretario de Deportes.&nbsp;<\/p>\n\n\n\n<p>Con la participaci\u00f3n de deportistas, familias y p\u00fablico en general, el Desaf\u00edo Pueblo Viejo volver\u00e1 a ser una fiesta del deporte y la naturaleza en el sur de la provincia, lo que consolida todav\u00eda m\u00e1s a la provincia como destino sede de eventos.<\/p>\n\n\n\n<figure class=\"wp-block-image size-full\"><img loading=\"lazy\" decoding=\"async\" width=\"723\" height=\"140\" src=\"https:\/\/nubesmgzdigital.com.ar\/wp-content\/uploads\/2025\/09\/Captura-de-pantalla_4-9-2025_9520_www.comunicaciontucuman.gob_.ar_.jpeg\" alt=\"\" class=\"wp-image-19703\" srcset=\"https:\/\/nubesmgzdigital.com.ar\/wp-content\/uploads\/2025\/09\/Captura-de-pantalla_4-9-2025_9520_www.comunicaciontucuman.gob_.ar_.jpeg 723w, https:\/\/nubesmgzdigital.com.ar\/wp-content\/uploads\/2025\/09\/Captura-de-pantalla_4-9-2025_9520_www.comunicaciontucuman.gob_.ar_-300x58.jpeg 300w, https:\/\/nubesmgzdigital.com.ar\/wp-content\/uploads\/2025\/09\/Captura-de-pantalla_4-9-2025_9520_www.comunicaciontucuman.gob_.ar_-696x135.jpeg 696w\" sizes=\"auto, (max-width: 723px) 100vw, 723px\" \/><\/figure>\n","protected":false},"excerpt":{"rendered":"<p>Concepci\u00f3n ser\u00e1 sede de una competencia de Rural Bike que reunir\u00e1 a cerca de mil ciclistas de Tucum\u00e1n y provincias vecinas en un recorrido de 45 kil\u00f3metros. Con el objetivo de consolidar a Tucum\u00e1n como un referente del turismo deportivo, se present\u00f3 la tercera edici\u00f3n del Desaf\u00edo Pueblo Viejo, una competencia de Rural Bike que [&hellip;]<\/p>\n","protected":false},"author":2,"featured_media":19704,"comment_status":"open","ping_status":"open","sticky":false,"template":"","format":"standard","meta":{"footnotes":""},"categories":[129],"tags":[],"class_list":["post-19702","post","type-post","status-publish","format-standard","has-post-thumbnail","hentry","category-sociales"],"post_mailing_queue_ids":[],"_links":{"self":[{"href":"https:\/\/nubesmgzdigital.com.ar\/index.php\/wp-json\/wp\/v2\/posts\/19702","targetHints":{"allow":["GET"]}}],"collection":[{"href":"https:\/\/nubesmgzdigital.com.ar\/index.php\/wp-json\/wp\/v2\/posts"}],"about":[{"href":"https:\/\/nubesmgzdigital.com.ar\/index.php\/wp-json\/wp\/v2\/types\/post"}],"author":[{"embeddable":true,"href":"https:\/\/nubesmgzdigital.com.ar\/index.php\/wp-json\/wp\/v2\/users\/2"}],"replies":[{"embeddable":true,"href":"https:\/\/nubesmgzdigital.com.ar\/index.php\/wp-json\/wp\/v2\/comments?post=19702"}],"version-history":[{"count":1,"href":"https:\/\/nubesmgzdigital.com.ar\/index.php\/wp-json\/wp\/v2\/posts\/19702\/revisions"}],"predecessor-version":[{"id":19705,"href":"https:\/\/nubesmgzdigital.com.ar\/index.php\/wp-json\/wp\/v2\/posts\/19702\/revisions\/19705"}],"wp:featuredmedia":[{"embeddable":true,"href":"https:\/\/nubesmgzdigital.com.ar\/index.php\/wp-json\/wp\/v2\/media\/19704"}],"wp:attachment":[{"href":"https:\/\/nubesmgzdigital.com.ar\/index.php\/wp-json\/wp\/v2\/media?parent=19702"}],"wp:term":[{"taxonomy":"category","embeddable":true,"href":"https:\/\/nubesmgzdigital.com.ar\/index.php\/wp-json\/wp\/v2\/categories?post=19702"},{"taxonomy":"post_tag","embeddable":true,"href":"https:\/\/nubesmgzdigital.com.ar\/index.php\/wp-json\/wp\/v2\/tags?post=19702"}],"curies":[{"name":"wp","href":"https:\/\/api.w.org\/{rel}","templated":true}]}}