{"id":19710,"date":"2025-09-05T07:59:02","date_gmt":"2025-09-05T10:59:02","guid":{"rendered":"https:\/\/nubesmgzdigital.com.ar\/?p=19710"},"modified":"2025-09-05T07:59:02","modified_gmt":"2025-09-05T10:59:02","slug":"asamblea-del-consejo-federal-de-turismo-en-san-juan","status":"publish","type":"post","link":"https:\/\/nubesmgzdigital.com.ar\/index.php\/2025\/09\/05\/asamblea-del-consejo-federal-de-turismo-en-san-juan\/","title":{"rendered":"Asamblea del Consejo Federal de Turismo en San Juan"},"content":{"rendered":"\n<p><strong><em>Scioli convoc\u00f3 a un compromiso de todas las provincias para lograr un exitoso pr\u00f3ximo fin de semana largo, tras su gesti\u00f3n para el corrimiento del feriado del 12 de octubre.<\/em><\/strong><\/p>\n\n\n\n<p>La\u00a0<strong>173\u00aa Asamblea del Consejo Federal de Turismo<\/strong>\u00a0fue realizada hoy en la ciudad de San Juan, encabezada por el secretario de Turismo, Ambiente y Deportes de la Naci\u00f3n,\u00a0<strong>Daniel Scioli<\/strong>, junto al presidente del CFT,\u00a0<strong>Valent\u00edn D\u00edaz Gilligan<\/strong>; el ministro de Cultura y Deporte de la provincia anfitriona,\u00a0<strong>Guido Romero<\/strong>; y la presidente de la C\u00e1mara Argentina de Turismo (CAT),\u00a0<strong>Laura Teruel<\/strong>, y que cont\u00f3 con el cierre del gobernador\u00a0<strong>Marcelo Orrego<\/strong>.<\/p>\n\n\n\n<p>En ese \u00e1mbito,\u00a0<strong>autoridades de turismo y representantes de todo el pa\u00eds definieron estrategias para impulsar el turismo durante el nuevo fin de semana largo de octubre<\/strong>, con acciones que incluyen promociones especiales que ya est\u00e1n ofreciendo las provincias, con descuentos en alojamiento y paquetes tur\u00edsticos pensados para que los viajeros disfruten de las maravillas naturales, culturales e hist\u00f3ricas de la Argentina.<\/p>\n\n\n\n<p>&#8220;<em>El turismo, para nosotros, marca nuestra identidad, nuestra idiosincracia y tiene un rol fundamental en la generaci\u00f3n de puestos de trabajo. La diversidad de nuestra provincia en su geograf\u00eda y sus productos regionales es fundamental para atraer turismo<\/em>&#8220;,\u00a0<strong>Orrego<\/strong>\u00a0puntualiz\u00f3.<\/p>\n\n\n\n<figure class=\"wp-block-image size-large\"><img decoding=\"async\" src=\"https:\/\/www.argentina.gob.ar\/sites\/default\/files\/173_cft_san_juan_2.jpg\" alt=\"\"\/><\/figure>\n\n\n\n<p>Sobre el corrimiento del feriado,&nbsp;<strong>Scioli<\/strong>&nbsp;dijo: \u201c<em>Tenemos el apoyo de todas las \u00e1reas del Gobierno nacional para impulsar el turismo. Los convoco para facilitar los viajes y que tengamos un gran impacto econ\u00f3mico durante ese fin de semana largo. Que de este encuentro salgamos con un compromiso por ese feriado, con iniciativas y propuestas. El turismo est\u00e1 listo para seguir creciendo<\/em>\u201d.<\/p>\n\n\n\n<p>El Secretario tambi\u00e9n mencion\u00f3 el logro de la&nbsp;<strong>diferenciaci\u00f3n de la salida de d\u00f3lares por turismo emisivo<\/strong>&nbsp;de otros consumos en el exterior, \u201c<em>un c\u00e1lculo que permiti\u00f3 determinar que el \u2018demonio del d\u00e9ficit del turismo\u2019 es un 20,13 por ciento menos de lo que se cre\u00eda<\/em>\u201d.<\/p>\n\n\n\n<p>Adem\u00e1s, subray\u00f3 el programa de acciones que viene realizando el Inprotur para promocionar los destinos argentinos en el exterior y detall\u00f3 que&nbsp;<strong>hay rondas de negocios previstas en veinticinco pa\u00edses<\/strong>, \u201c<em>con toda la infraestructura de las embajadas y los consulados disponibles para encarar estas misiones comerciales<\/em>\u201d.<\/p>\n\n\n\n<p>En su alocuci\u00f3n&nbsp;<strong>Scioli<\/strong>&nbsp;anunci\u00f3&nbsp;<strong>programas de financiamiento crediticio bancario<\/strong>&nbsp;para toda la cadena de valor del sector tur\u00edstico, en rubros tales como transporte, hoteler\u00eda, gastronom\u00eda, balnearios, alquiler de autos y productos regionales, cuya presentaci\u00f3n en detalle ser\u00e1 concretada en las pr\u00f3ximas semanas.<\/p>\n\n\n\n<p>Por su parte,&nbsp;<strong>D\u00edaz Gilligan<\/strong>&nbsp;destac\u00f3 la importancia del&nbsp;<strong>Foro Nacional de Turismo<\/strong>&nbsp;<em>organizado en San Juan tras la asamblea del CFT<\/em>&nbsp;y lo distingui\u00f3 como un \u00e1mbito propicio para \u201c<em>reflexionar sobre el futuro del sector<\/em>\u201d, adem\u00e1s de agradecer a Scioli por su tarea para lograr el corrimiento del feriado del 12 de octubre. \u201c<em>Vamos a tener mucho trabajo promocionando destinos y promoviendo el consumo interno<\/em>\u201d, expres\u00f3.<\/p>\n\n\n\n<p>En tanto,&nbsp;<strong>Romero<\/strong>&nbsp;agradeci\u00f3 a los integrantes del CFT \u201c<em>por confiar en San Juan para la realizaci\u00f3n de la asamblea\u201d y Teruel dio cuenta de las acciones de promoci\u00f3n encaradas por la CAT en conjunto con la Secretar\u00eda y el Inprotur \u201cpara traer el turismo del mundo a la Argentina<\/em>\u201d.<\/p>\n\n\n\n<figure class=\"wp-block-image\"><img decoding=\"async\" src=\"https:\/\/www.argentina.gob.ar\/sites\/default\/files\/173_cft_san_juan_1_1.jpg\" alt=\"\"\/><\/figure>\n\n\n\n<p>Como parte de la agenda de esta asamblea, la jefa del \u00c1rea de Promoci\u00f3n y Desarrollo de las Industrias Culturales y el Turismo del Consejo Federal de Inversiones (CFI),&nbsp;<strong>Marcela Cardillo<\/strong>, explic\u00f3 las&nbsp;<em>l\u00edneas de trabajo, planes de acci\u00f3n y programas de formaci\u00f3n del organismo en pos de la promoci\u00f3n y consolidaci\u00f3n del sector<\/em>.<\/p>\n\n\n\n<p>El temario incluy\u00f3 la presentaci\u00f3n sobre \u201c<strong>Naturaleza hoy, experiencias para siempre<\/strong>\u201d del presidente de la&nbsp;<strong>Administraci\u00f3n de Parques Nacionales<\/strong>,&nbsp;<strong>Sergio \u00c1lvarez<\/strong>, quien destac\u00f3 los&nbsp;<em>cuatro millones de visitantes anuales<\/em>&nbsp;que reciben, y la exposici\u00f3n de la presidenta del Ente Mendoza Turismo,&nbsp;<strong>Gabriela Testa<\/strong>, sobre la evoluci\u00f3n del&nbsp;<strong>Pasaporte Nacional Sanmartiniano<\/strong>.<\/p>\n\n\n\n<p>Autoridades del&nbsp;<strong>Ente Turismo Norte Argentino<\/strong>&nbsp;presentaron su&nbsp;<em>Plan de Marketing Tur\u00edstico<\/em>&nbsp;para aumentar la visibilidad de la regi\u00f3n y la llegada de turistas nacionales e internacionales. Mediante un trabajo articulado entre los sectores p\u00fablico y privado se busca posicionar circuitos innovadores.<\/p>\n\n\n\n<p>El director nacional de Desarrollo y Promoci\u00f3n,&nbsp;<strong>Pablo Cagnoni<\/strong>, present\u00f3 las acciones desarrolladas en el marco de la&nbsp;<strong>FIT<\/strong>&nbsp;y puso a disposici\u00f3n los espacios de la Subsecretar\u00eda de Turismo a las provincias. Tambi\u00e9n anunci\u00f3 \u201c<strong>Promover verano en Argentina<\/strong>\u201d, programas de incentivos con el foco puesto en campa\u00f1as de promoci\u00f3n destinadas a municipios con \u00e1reas de gesti\u00f3n tur\u00edstica.<\/p>\n\n\n\n<figure class=\"wp-block-image\"><img decoding=\"async\" src=\"https:\/\/www.argentina.gob.ar\/sites\/default\/files\/173_cft_san_juan_3_1.jpg\" alt=\"\"\/><\/figure>\n\n\n\n<p>Entre otros temas de inter\u00e9s, el \u00e1rea de&nbsp;<strong>Calidad Tur\u00edstica de la Subsecretar\u00eda de Turismo de la Naci\u00f3n<\/strong>&nbsp;entreg\u00f3 distinciones a 251 organizaciones tur\u00edsticas p\u00fablicas y privacidad de veintid\u00f3s jurisdicciones, que cumplieron con los est\u00e1ndares establecidos por los distintos programas del&nbsp;<strong>Sistema Argentino de Calidad Tur\u00edstica &#8211; SACT 2024<\/strong>.<\/p>\n\n\n\n<p>El director comercial de&nbsp;<strong>Flybondi<\/strong>,&nbsp;<strong>Federico Pastori<\/strong>, present\u00f3 \u201c<em>Un a\u00f1o conectando San Juan: crecimiento y oportunidades<\/em>\u201d, donde destac\u00f3 el incremento del 50 por ciento de las frecuencias semanales a la provincia.<\/p>\n\n\n\n<p>El orden del d\u00eda tambi\u00e9n abarc\u00f3 la exposici\u00f3n de la secretaria ejecutiva del Inprotur,&nbsp;<strong>Ana Garc\u00eda Allievi<\/strong>, quien dio cuenta de las&nbsp;<em>\u00faltimas acciones encaradas desde el Instituto y anunci\u00f3 los pr\u00f3ximos workshops y ferias incentivando a las provincias a participar y promocionarse<\/em>.<\/p><p><\/p>\n","protected":false},"excerpt":{"rendered":"<p>Scioli convoc\u00f3 a un compromiso de todas las provincias para lograr un exitoso pr\u00f3ximo fin de semana largo, tras su gesti\u00f3n para el corrimiento del feriado del 12 de octubre. La\u00a0173\u00aa Asamblea del Consejo Federal de Turismo\u00a0fue realizada hoy en la ciudad de San Juan, encabezada por el secretario de Turismo, Ambiente y Deportes de [&hellip;]<\/p>\n","protected":false},"author":2,"featured_media":19711,"comment_status":"open","ping_status":"open","sticky":false,"template":"","format":"standard","meta":{"footnotes":""},"categories":[111],"tags":[],"class_list":["post-19710","post","type-post","status-publish","format-standard","has-post-thumbnail","hentry","category-nacional"],"post_mailing_queue_ids":[],"_links":{"self":[{"href":"https:\/\/nubesmgzdigital.com.ar\/index.php\/wp-json\/wp\/v2\/posts\/19710","targetHints":{"allow":["GET"]}}],"collection":[{"href":"https:\/\/nubesmgzdigital.com.ar\/index.php\/wp-json\/wp\/v2\/posts"}],"about":[{"href":"https:\/\/nubesmgzdigital.com.ar\/index.php\/wp-json\/wp\/v2\/types\/post"}],"author":[{"embeddable":true,"href":"https:\/\/nubesmgzdigital.com.ar\/index.php\/wp-json\/wp\/v2\/users\/2"}],"replies":[{"embeddable":true,"href":"https:\/\/nubesmgzdigital.com.ar\/index.php\/wp-json\/wp\/v2\/comments?post=19710"}],"version-history":[{"count":1,"href":"https:\/\/nubesmgzdigital.com.ar\/index.php\/wp-json\/wp\/v2\/posts\/19710\/revisions"}],"predecessor-version":[{"id":19712,"href":"https:\/\/nubesmgzdigital.com.ar\/index.php\/wp-json\/wp\/v2\/posts\/19710\/revisions\/19712"}],"wp:featuredmedia":[{"embeddable":true,"href":"https:\/\/nubesmgzdigital.com.ar\/index.php\/wp-json\/wp\/v2\/media\/19711"}],"wp:attachment":[{"href":"https:\/\/nubesmgzdigital.com.ar\/index.php\/wp-json\/wp\/v2\/media?parent=19710"}],"wp:term":[{"taxonomy":"category","embeddable":true,"href":"https:\/\/nubesmgzdigital.com.ar\/index.php\/wp-json\/wp\/v2\/categories?post=19710"},{"taxonomy":"post_tag","embeddable":true,"href":"https:\/\/nubesmgzdigital.com.ar\/index.php\/wp-json\/wp\/v2\/tags?post=19710"}],"curies":[{"name":"wp","href":"https:\/\/api.w.org\/{rel}","templated":true}]}}