{"id":19713,"date":"2025-09-05T08:18:56","date_gmt":"2025-09-05T11:18:56","guid":{"rendered":"https:\/\/nubesmgzdigital.com.ar\/?p=19713"},"modified":"2025-09-05T08:19:46","modified_gmt":"2025-09-05T11:19:46","slug":"chaco-potencia-sus-rios-como-destino-turistico-con-la-33a-edicion-de-3-rios-por-una-aventura-2025","status":"publish","type":"post","link":"https:\/\/nubesmgzdigital.com.ar\/index.php\/2025\/09\/05\/chaco-potencia-sus-rios-como-destino-turistico-con-la-33a-edicion-de-3-rios-por-una-aventura-2025\/","title":{"rendered":"CHACO POTENCIA SUS R\u00cdOS COMO DESTINO TUR\u00cdSTICO CON LA 33\u00aa EDICI\u00d3N DE \u201c3 R\u00cdOS POR UNA AVENTURA 2025\u201d"},"content":{"rendered":"\n<p><strong><em>En l\u00ednea con las pol\u00edticas impulsadas por el gobernador Leandro Zdero para activar el potencial de los r\u00edos chaque\u00f1os desde una perspectiva tur\u00edstica, deportiva y sustentable, el Instituto de Turismo del Chaco entreg\u00f3 la Declaraci\u00f3n de Inter\u00e9s Tur\u00edstico a la 33\u00aa Edici\u00f3n de \u201c3 R\u00edos por una Aventura 2025\u201d, que se desarrollar\u00e1 del 30 de agosto al 14 de septiembre.<\/em><\/strong><\/p>\n\n\n\n<p>La traves\u00eda, organizada por el Club Yap\u00fa Guaz\u00fa, recorre los r\u00edos Bermejo, Paran\u00e1 y Paraguay, mostrando al pa\u00eds y al mundo la belleza natural y cultural de las localidades ribere\u00f1as. Considerada la m\u00e1s extensa del mundo en su modalidad, abarca m\u00e1s de 600 kil\u00f3metros en kayak durante 15 d\u00edas, divididos en tres etapas: ecol\u00f3gica, deportiva e hist\u00f3rica, que se realizan ininterrumpidamente desde 1990.<\/p>\n\n\n\n<p>Para esta edici\u00f3n se espera la participaci\u00f3n de 40 aventureros provenientes de distintas provincias y pa\u00edses como Uruguay y Espa\u00f1a, que vivir\u00e1n una experiencia \u00fanica en contacto con la naturaleza. \u201cEste es un evento que trasciende lo deportivo: nos permite recibir visitantes de distintos puntos del pa\u00eds y del mundo, mostrar nuestros r\u00edos y sus atractivos, y generar un impacto positivo en la econom\u00eda de las comunidades\u201d, destac\u00f3 la presidente del Instituto, Ver\u00f3nica Mazzaroli.<\/p>\n\n\n\n<p>La edici\u00f3n 2025 tendr\u00e1 un homenaje especial a \u201cJoma\u201d Mauricio Brazanovich Mogoruza, quien fuera Tesorero y Capit\u00e1n de la traves\u00eda, recordado por su compromiso y pasi\u00f3n por esta aventura n\u00e1utica.<br><strong>Los interesados pueden inscribirse al 3625-293967 y participar de cualquiera de los tramos programados, adaptando la experiencia a sus tiempos y preferencias.<\/strong><\/p>\n\n\n\n<p>Con su car\u00e1cter integrador, su proyecci\u00f3n internacional y su conexi\u00f3n con la naturaleza, \u201c3 R\u00edos por una Aventura\u201d se consolida como uno de los grandes atractivos de la agenda tur\u00edstica chaque\u00f1a y un motor para el desarrollo territorial.<\/p>\n\n\n\n<figure class=\"wp-block-image size-large is-resized\"><img decoding=\"async\" src=\"https:\/\/chaco.gob.ar\/uploads\/files\/isologotipo-gobierno-del-chaco-azulsinfondo-1x-65d489dfc91ee411941976.png\" alt=\"\" style=\"width:241px;height:auto\"\/><\/figure>\n","protected":false},"excerpt":{"rendered":"<p>En l\u00ednea con las pol\u00edticas impulsadas por el gobernador Leandro Zdero para activar el potencial de los r\u00edos chaque\u00f1os desde una perspectiva tur\u00edstica, deportiva y sustentable, el Instituto de Turismo del Chaco entreg\u00f3 la Declaraci\u00f3n de Inter\u00e9s Tur\u00edstico a la 33\u00aa Edici\u00f3n de \u201c3 R\u00edos por una Aventura 2025\u201d, que se desarrollar\u00e1 del 30 de [&hellip;]<\/p>\n","protected":false},"author":2,"featured_media":19714,"comment_status":"open","ping_status":"open","sticky":false,"template":"","format":"standard","meta":{"footnotes":""},"categories":[138,2],"tags":[],"class_list":["post-19713","post","type-post","status-publish","format-standard","has-post-thumbnail","hentry","category-medio-ambiente","category-nea"],"post_mailing_queue_ids":[],"_links":{"self":[{"href":"https:\/\/nubesmgzdigital.com.ar\/index.php\/wp-json\/wp\/v2\/posts\/19713","targetHints":{"allow":["GET"]}}],"collection":[{"href":"https:\/\/nubesmgzdigital.com.ar\/index.php\/wp-json\/wp\/v2\/posts"}],"about":[{"href":"https:\/\/nubesmgzdigital.com.ar\/index.php\/wp-json\/wp\/v2\/types\/post"}],"author":[{"embeddable":true,"href":"https:\/\/nubesmgzdigital.com.ar\/index.php\/wp-json\/wp\/v2\/users\/2"}],"replies":[{"embeddable":true,"href":"https:\/\/nubesmgzdigital.com.ar\/index.php\/wp-json\/wp\/v2\/comments?post=19713"}],"version-history":[{"count":1,"href":"https:\/\/nubesmgzdigital.com.ar\/index.php\/wp-json\/wp\/v2\/posts\/19713\/revisions"}],"predecessor-version":[{"id":19715,"href":"https:\/\/nubesmgzdigital.com.ar\/index.php\/wp-json\/wp\/v2\/posts\/19713\/revisions\/19715"}],"wp:featuredmedia":[{"embeddable":true,"href":"https:\/\/nubesmgzdigital.com.ar\/index.php\/wp-json\/wp\/v2\/media\/19714"}],"wp:attachment":[{"href":"https:\/\/nubesmgzdigital.com.ar\/index.php\/wp-json\/wp\/v2\/media?parent=19713"}],"wp:term":[{"taxonomy":"category","embeddable":true,"href":"https:\/\/nubesmgzdigital.com.ar\/index.php\/wp-json\/wp\/v2\/categories?post=19713"},{"taxonomy":"post_tag","embeddable":true,"href":"https:\/\/nubesmgzdigital.com.ar\/index.php\/wp-json\/wp\/v2\/tags?post=19713"}],"curies":[{"name":"wp","href":"https:\/\/api.w.org\/{rel}","templated":true}]}}