{"id":1981,"date":"2019-07-22T11:34:06","date_gmt":"2019-07-22T14:34:06","guid":{"rendered":"http:\/\/nubesmgzdigital.com.ar\/?p=1981"},"modified":"2019-07-22T11:34:08","modified_gmt":"2019-07-22T14:34:08","slug":"murio-la-filosofa-hungara-agnes-heller","status":"publish","type":"post","link":"https:\/\/nubesmgzdigital.com.ar\/index.php\/2019\/07\/22\/murio-la-filosofa-hungara-agnes-heller\/","title":{"rendered":"Muri\u00f3 la filosofa h\u00fangara \u00c1gnes Heller"},"content":{"rendered":"\n<p> <strong>La autora de &#8220;Sociolog\u00eda de la vida cotidiana&#8221; falleci\u00f3 ayer a los 90 a\u00f1os.<\/strong> <\/p>\n\n\n\n<p class=\"has-drop-cap\">La fil\u00f3sofa h\u00fangara \u00c1gnes Heller, considerada una de las pensadoras m\u00e1s destacadas de nuestro tiempo y autora del emblem\u00e1tico libro &#8220;Sociolog\u00eda de la Vida Cotidiana&#8221;, falleci\u00f3 ayer a los 90 a\u00f1os.\u00a0<\/p>\n\n\n\n<p>La informaci\u00f3n la confirm\u00f3 la Academia de las Ciencias de Hungr\u00eda (MTA) que no detall\u00f3 ni la causa ni el lugar de la muerte.&nbsp;<\/p>\n\n\n\n<p>Heller naci\u00f3 en Budapest el 12 de mayo de 1929 en una familia jud\u00eda, fue miembro de la MTA, se desempe\u00f1\u00f3 como profesora de varias universidades de Hungr\u00eda, como la de Szeged y la de Budapest, as\u00ed como de otras ciudades del mundo y era experta en \u00e9tica, historia, est\u00e9tica, as\u00ed como en filosof\u00eda cultural e hist\u00f3rica.<\/p>\n\n\n\n<figure class=\"wp-block-image\"><a href=\"https:\/\/trenalasnubes.com.ar\/inicio-es\/\" target=\"_blank\" rel=\"noreferrer noopener\"><img loading=\"lazy\" decoding=\"async\" width=\"728\" height=\"90\" src=\"http:\/\/nubesmgzdigital.com.ar\/wp-content\/uploads\/2019\/07\/baner_tren_nubes-8.gif\" alt=\"\" class=\"wp-image-1903\" \/><\/a><\/figure>\n\n\n\n<p>Heller se salv\u00f3 de ser deportada a los campos de exterminio nazis a finales de la Segunda Guerra Mundial mientras varios de sus familiares fueron asesinados por ese r\u00e9gimen.&nbsp;<\/p>\n\n\n\n<p>Fue disc\u00edpula y luego colaboradora del fil\u00f3sofo Gy\u00f6rgy Luk\u00e1cs, fundador de la &#8220;Escuela de Budapest&#8221; y logr\u00f3 doctorarse en filosof\u00eda en la Universidad de Budapest en 1968.<\/p>\n\n\n\n<p>En 1977 emigr\u00f3 a Australia primero, y en 1986 a Estados Unidos, donde sucedi\u00f3 a la alemana Hannah Arendt como profesora de filosof\u00eda en la New School for Social Research de Nueva York.<\/p>\n\n\n\n<p>La autora de &#8220;Sociolog\u00eda de la vida cotidiana&#8221; imparti\u00f3 clases tambi\u00e9n en universidades de Berl\u00edn, San Pablo, Tur\u00edn o Viena.<\/p>\n\n\n\n<p>\u00c1gnes Heller hab\u00eda visitado Buenos Aires en octubre de 2017, cuando vino a recibir un Doctorado Honoris Causa de la Universidad Nacional de Tres de Febrero y a dictar una serie de conferencias.<\/p>\n\n\n\n<p>Algunos de sus libros son &#8220;El hombre del Renacimiento&#8221; (1963), &#8220;Hip\u00f3tesis para una teor\u00eda marxista de los valores&#8221; (1974), &#8220;Teor\u00eda de las necesidades en Marx&#8221; (1978), &#8220;Una filosof\u00eda de la historia en fragmentos&#8221; (1999) y &#8220;La sociolog\u00eda de la vida cotidiana&#8221; (2002).<\/p>\n\n\n\n<p><strong>T\u00e9lam<\/strong><a rel=\"noreferrer noopener\" aria-label=\" (opens in a new tab)\" href=\"http:\/\/www.telam.com.ar\/\" target=\"_blank\">  <\/a><a rel=\"noreferrer noopener\" aria-label=\" (opens in a new tab)\" href=\"http:\/\/www.telam.com.ar\/\" target=\"_blank\">http:\/\/www.telam.com.ar\/<\/a><\/p>\n","protected":false},"excerpt":{"rendered":"<p>La autora de &#8220;Sociolog\u00eda de la vida cotidiana&#8221; falleci\u00f3 ayer a los 90 a\u00f1os. La fil\u00f3sofa h\u00fangara \u00c1gnes Heller, considerada una de las pensadoras m\u00e1s destacadas de nuestro tiempo y autora del emblem\u00e1tico libro &#8220;Sociolog\u00eda de la Vida Cotidiana&#8221;, falleci\u00f3 ayer a los 90 a\u00f1os.\u00a0 La informaci\u00f3n la confirm\u00f3 la Academia de las Ciencias de [&hellip;]<\/p>\n","protected":false},"author":2,"featured_media":1982,"comment_status":"open","ping_status":"open","sticky":false,"template":"","format":"standard","meta":{"footnotes":""},"categories":[114,113],"tags":[],"class_list":["post-1981","post","type-post","status-publish","format-standard","has-post-thumbnail","hentry","category-turismo-destinos","category-internacional"],"post_mailing_queue_ids":[],"_links":{"self":[{"href":"https:\/\/nubesmgzdigital.com.ar\/index.php\/wp-json\/wp\/v2\/posts\/1981","targetHints":{"allow":["GET"]}}],"collection":[{"href":"https:\/\/nubesmgzdigital.com.ar\/index.php\/wp-json\/wp\/v2\/posts"}],"about":[{"href":"https:\/\/nubesmgzdigital.com.ar\/index.php\/wp-json\/wp\/v2\/types\/post"}],"author":[{"embeddable":true,"href":"https:\/\/nubesmgzdigital.com.ar\/index.php\/wp-json\/wp\/v2\/users\/2"}],"replies":[{"embeddable":true,"href":"https:\/\/nubesmgzdigital.com.ar\/index.php\/wp-json\/wp\/v2\/comments?post=1981"}],"version-history":[{"count":1,"href":"https:\/\/nubesmgzdigital.com.ar\/index.php\/wp-json\/wp\/v2\/posts\/1981\/revisions"}],"predecessor-version":[{"id":1983,"href":"https:\/\/nubesmgzdigital.com.ar\/index.php\/wp-json\/wp\/v2\/posts\/1981\/revisions\/1983"}],"wp:featuredmedia":[{"embeddable":true,"href":"https:\/\/nubesmgzdigital.com.ar\/index.php\/wp-json\/wp\/v2\/media\/1982"}],"wp:attachment":[{"href":"https:\/\/nubesmgzdigital.com.ar\/index.php\/wp-json\/wp\/v2\/media?parent=1981"}],"wp:term":[{"taxonomy":"category","embeddable":true,"href":"https:\/\/nubesmgzdigital.com.ar\/index.php\/wp-json\/wp\/v2\/categories?post=1981"},{"taxonomy":"post_tag","embeddable":true,"href":"https:\/\/nubesmgzdigital.com.ar\/index.php\/wp-json\/wp\/v2\/tags?post=1981"}],"curies":[{"name":"wp","href":"https:\/\/api.w.org\/{rel}","templated":true}]}}