{"id":20043,"date":"2025-12-10T11:20:54","date_gmt":"2025-12-10T14:20:54","guid":{"rendered":"https:\/\/nubesmgzdigital.com.ar\/?p=20043"},"modified":"2025-12-10T11:20:55","modified_gmt":"2025-12-10T14:20:55","slug":"scioli-este-vuelo-es-un-hito-historico-es-el-vuelo-comercial-mas-largo-del-mundo","status":"publish","type":"post","link":"https:\/\/nubesmgzdigital.com.ar\/index.php\/2025\/12\/10\/scioli-este-vuelo-es-un-hito-historico-es-el-vuelo-comercial-mas-largo-del-mundo\/","title":{"rendered":"Scioli: \u201cEste vuelo es un hito hist\u00f3rico, es el vuelo comercial m\u00e1s largo del mundo\u201d"},"content":{"rendered":"\n<p>As\u00ed lo asegur\u00f3 el funcionario nacional al recibir al primer avi\u00f3n de una ruta de China Eastern Airlines que, en 25 horas, conecta Asia con Argentina. Se integra a la pol\u00edtica de cielos abiertos impulsada por el presidente Javier Milei.<\/p>\n\n\n\n<p>El secretario de Turismo y Ambiente de la Naci\u00f3n,\u00a0<strong>Daniel Scioli<\/strong>, asisti\u00f3 a la recepci\u00f3n del vuelo inaugural de la ruta\u00a0<strong>Shangh\u00e1i-Auckland-Ezeiza<\/strong>, operado por la compa\u00f1\u00eda China Eastern Airlines. As\u00ed se dio inicio a la primera conexi\u00f3n regular comercial entre\u00a0<strong>China<\/strong>\u00a0y\u00a0<strong>Argentina<\/strong>, con dos frecuencias semanales, que corrobora el rumbo trazado hacia la creaci\u00f3n de nuevas rutas, m\u00e1s turismo y mayor actividad econ\u00f3mica.<\/p>\n\n\n\n<p><strong>Scioli<\/strong>\u00a0asegur\u00f3 durante el encuentro: \u201cEste vuelo es un hito hist\u00f3rico, es el vuelo comercial m\u00e1s largo del mundo\u201d. \u201cEn el marco de esta pol\u00edtica de cielos abiertos y de todo lo que significa ser un pa\u00eds de libertad, sentimos un gran orgullo por poder recibirlo\u201d, expres\u00f3. \u201cTenemos las mejores expectativas de que tenga un impacto muy positivo que aumente no solamente el intercambio tur\u00edstico sino tambi\u00e9n el de negocios, con creaci\u00f3n de empleo y m\u00e1s desarrollo para nuestro pa\u00eds\u201d, sum\u00f3.<\/p>\n\n\n\n<p>A la vez, el funcionario destac\u00f3 que \u201cpor decisi\u00f3n del presidente&nbsp;<strong>Javier Milei<\/strong>, se resolvi\u00f3 el problema de las visas de los ciudadanos chinos, que siempre era un tema de complejidad y de costos\u201d. Finalmente, asegur\u00f3: \u201cVamos a capacitar a los operadores tur\u00edsticos y a darles toda la informaci\u00f3n para que cada vez m\u00e1s visitantes de ese pa\u00eds elijan&nbsp;<strong>Argentina<\/strong>\u201d, la que ofrece \u201cdestinos de calidad, de naturaleza, con gran infraestructura aeroportuaria y hotelera y con gastronom\u00eda de nivel mundial\u201d.<\/p>\n\n\n\n<figure class=\"wp-block-image\"><img decoding=\"async\" src=\"https:\/\/www.argentina.gob.ar\/sites\/default\/files\/scioli_en_el_el_vuelo_comercial_mas_largo_del_mundo_4.jpeg\" alt=\"\"\/><\/figure>\n\n\n\n<p>A su turno, el presidente de China Eastern Airlines,&nbsp;<strong>Gao Fei<\/strong>, agradeci\u00f3 a&nbsp;<strong>Scioli<\/strong>, al gobierno argentino, a las autoridades aeroportuarias y \u201cal pueblo tan amable de&nbsp;<strong>Argentina<\/strong>\u201d por la posibilidad de contar con \u201cuna relaci\u00f3n m\u00e1s directa que puede traspasar las diferencias, las distancias geogr\u00e1ficas, unir a los dos pueblos y tambi\u00e9n facilitar, no solo el turismo, si no tambi\u00e9n el comercio, los negocios y las cooperaciones\u201d. \u201cLa inauguraci\u00f3n de esta ruta marcar\u00e1 acuerdos econ\u00f3micos, culturales y tur\u00edsticos\u201d, reforz\u00f3 y destac\u00f3 sobre la nueva ruta que atraviesa \u201ctres continentes\u201d, por lo que es un momento que \u201cmarca un hito en la historia de la compa\u00f1\u00eda\u201d.<\/p>\n\n\n\n<p>Por otro lado, el CEO de Aeropuertos Argentina,&nbsp;<strong>Daniel Ketchibachian<\/strong>, agradeci\u00f3 la confianza de la aerol\u00ednea china para que los vuelos mencionados se puedan realizar con&nbsp;<strong>Argentina<\/strong>. \u201c<strong>Ezeiza<\/strong>&nbsp;les abre las puertas en esta nueva terminal reci\u00e9n inaugurada\u201d, indic\u00f3.<\/p>\n\n\n\n<p>Cabe destacar que el turismo es una de las \u00e1reas donde m\u00e1s ha crecido la vinculaci\u00f3n entre el gigante asi\u00e1tico y&nbsp;<strong>Argentina<\/strong>. Nuestro pa\u00eds est\u00e1 entre los 10 destinos internacionales que en 2024 presentaron mayor grado de satisfacci\u00f3n para el mercado asi\u00e1tico.<\/p>\n\n\n\n<figure class=\"wp-block-image\"><img decoding=\"async\" src=\"https:\/\/www.argentina.gob.ar\/sites\/default\/files\/scioli_en_el_el_vuelo_comercial_mas_largo_del_mundo_3.jpeg\" alt=\"\"\/><\/figure>\n\n\n\n<p>China Eastern Airlines es una de las tres principales aerol\u00edneas estatales de&nbsp;<strong>China<\/strong>&nbsp;y un importante transporte a\u00e9reo a nivel mundial. La ruta inaugurada, que incluye una escala t\u00e9cnica de dos horas en&nbsp;<strong>Auckland<\/strong>,&nbsp;<strong>Nueva Zelanda<\/strong>, es operada por aviones Boeing 777, equipados con 6 suites de&nbsp;<em>first class<\/em>, 52 asientos en&nbsp;<em>business<\/em>&nbsp;y 258 en&nbsp;<em>economy<\/em>. El viaje tendr\u00e1 una duraci\u00f3n de aproximadamente 25 horas.<\/p>\n\n\n\n<p>En el acto realizado en el aeropuerto internacional Ministro Pistarini tambi\u00e9n participaron el embajador de\u00a0<strong>Argentina<\/strong>\u00a0en\u00a0<strong>China<\/strong>,\u00a0<strong>Marcelo Suarez Salvia<\/strong>; los embajadores de\u00a0<strong>China<\/strong>\u00a0y\u00a0<strong>Nueva Zelanda<\/strong>\u00a0en\u00a0<strong>Argentina<\/strong>,\u00a0<strong>Wang Wei<\/strong>\u00a0y\u00a0<strong>Kathryn Beckett<\/strong>\u00a0respectivamente; y el intendente de\u00a0<strong>Auckland<\/strong>,\u00a0<strong>Wayne Brown<\/strong>.<\/p>\n<p>\u00a0<\/p>\n\n\n","protected":false},"excerpt":{"rendered":"<p>As\u00ed lo asegur\u00f3 el funcionario nacional al recibir al primer avi\u00f3n de una ruta de China Eastern Airlines que, en 25 horas, conecta Asia con Argentina. Se integra a la pol\u00edtica de cielos abiertos impulsada por el presidente Javier Milei. El secretario de Turismo y Ambiente de la Naci\u00f3n,\u00a0Daniel Scioli, asisti\u00f3 a la recepci\u00f3n del [&hellip;]<\/p>\n","protected":false},"author":1,"featured_media":20044,"comment_status":"open","ping_status":"open","sticky":false,"template":"","format":"standard","meta":{"footnotes":""},"categories":[116,117,119],"tags":[],"class_list":["post-20043","post","type-post","status-publish","format-standard","has-post-thumbnail","hentry","category-aerolineas","category-aeropuertos","category-empresas"],"post_mailing_queue_ids":[],"_links":{"self":[{"href":"https:\/\/nubesmgzdigital.com.ar\/index.php\/wp-json\/wp\/v2\/posts\/20043","targetHints":{"allow":["GET"]}}],"collection":[{"href":"https:\/\/nubesmgzdigital.com.ar\/index.php\/wp-json\/wp\/v2\/posts"}],"about":[{"href":"https:\/\/nubesmgzdigital.com.ar\/index.php\/wp-json\/wp\/v2\/types\/post"}],"author":[{"embeddable":true,"href":"https:\/\/nubesmgzdigital.com.ar\/index.php\/wp-json\/wp\/v2\/users\/1"}],"replies":[{"embeddable":true,"href":"https:\/\/nubesmgzdigital.com.ar\/index.php\/wp-json\/wp\/v2\/comments?post=20043"}],"version-history":[{"count":1,"href":"https:\/\/nubesmgzdigital.com.ar\/index.php\/wp-json\/wp\/v2\/posts\/20043\/revisions"}],"predecessor-version":[{"id":20045,"href":"https:\/\/nubesmgzdigital.com.ar\/index.php\/wp-json\/wp\/v2\/posts\/20043\/revisions\/20045"}],"wp:featuredmedia":[{"embeddable":true,"href":"https:\/\/nubesmgzdigital.com.ar\/index.php\/wp-json\/wp\/v2\/media\/20044"}],"wp:attachment":[{"href":"https:\/\/nubesmgzdigital.com.ar\/index.php\/wp-json\/wp\/v2\/media?parent=20043"}],"wp:term":[{"taxonomy":"category","embeddable":true,"href":"https:\/\/nubesmgzdigital.com.ar\/index.php\/wp-json\/wp\/v2\/categories?post=20043"},{"taxonomy":"post_tag","embeddable":true,"href":"https:\/\/nubesmgzdigital.com.ar\/index.php\/wp-json\/wp\/v2\/tags?post=20043"}],"curies":[{"name":"wp","href":"https:\/\/api.w.org\/{rel}","templated":true}]}}