{"id":20046,"date":"2025-12-11T07:58:45","date_gmt":"2025-12-11T10:58:45","guid":{"rendered":"https:\/\/nubesmgzdigital.com.ar\/?p=20046"},"modified":"2025-12-11T07:58:46","modified_gmt":"2025-12-11T10:58:46","slug":"nuevas-rutas-aereas-de-brasil-a-la-argentina-para-la-temporada-de-invierno-2026","status":"publish","type":"post","link":"https:\/\/nubesmgzdigital.com.ar\/index.php\/2025\/12\/11\/nuevas-rutas-aereas-de-brasil-a-la-argentina-para-la-temporada-de-invierno-2026\/","title":{"rendered":"Nuevas rutas a\u00e9reas de Brasil a la Argentina para la temporada de invierno 2026"},"content":{"rendered":"\n<p><strong><em>Se anunci\u00f3 en conferencia de prensa, con la presencia del secretario Daniel Scioli, directivos de la aerol\u00ednea Gol y funcionarios de R\u00edo Negro y Tierra del Fuego.<\/em><\/strong><\/p>\n\n\n\n<p>Durante la temporada de nieve, la empresa\u00a0<strong>Gol L\u00edneas A\u00e9reas<\/strong>\u00a0realizar\u00e1 vuelos directos a las ciudades de\u00a0<strong>Ushuaia (Tierra del Fuego)<\/strong>\u00a0y\u00a0<strong>Bariloche (R\u00edo Negro)<\/strong>\u00a0desde\u00a0<strong>San Pablo<\/strong>\u00a0(aeropuerto Guarulhos, uno de los principales hubs de Brasil).<\/p>\n\n\n\n<p>Las operaciones a la&nbsp;<strong>ciudad fueguina<\/strong>&nbsp;comenzar\u00e1n el&nbsp;<strong>7 de julio y se extender\u00e1n hasta el 29 de agosto<\/strong>. La ruta sumar\u00e1&nbsp;<strong>tres frecuencias por semana<\/strong>, los d\u00edas martes, jueves y s\u00e1bados. Mientras que los vuelos con destino&nbsp;<strong>Bariloche<\/strong>&nbsp;se realizar\u00e1n en el periodo comprendido entre el&nbsp;<strong>26 de junio y el 2 de agosto<\/strong>,&nbsp;<strong>cuatro veces a la semana<\/strong>.<\/p>\n\n\n\n<p>El secretario de Turismo y Ambiente de la Naci\u00f3n,&nbsp;<strong>Daniel Scioli<\/strong>, agradeci\u00f3 por&nbsp;<em>\u201cla decisi\u00f3n empresarial de un gran l\u00edder como Alberto Fajerman\u201d<\/em>, lo que permite anunciar&nbsp;<em>\u201clas nuevas rutas estacionales, cuyo impacto es much\u00edsimo m\u00e1s significativo que una simple conexi\u00f3n a\u00e9rea\u201d. \u201cEste anuncio es otro avance en materia de cielos abiertos, una pol\u00edtica encabezada por Javier Milei que logr\u00f3 que haya una competencia sana entre las distintas aerol\u00edneas, sin monopolio y con grandes resultados\u201d<\/em>, describi\u00f3.<\/p>\n\n\n\n<p>Adem\u00e1s, el funcionario agreg\u00f3 que&nbsp;<em>\u201cArgentina est\u00e1 cambiando en la percepci\u00f3n mundial. Recupera prestigio, calidad y la seguridad necesaria para ser visitado\u201d. \u201cEl turista que viene al pa\u00eds busca la diversidad de nuestros destinos tur\u00edsticos. Tiene un perfil exigente, demanda visitas a los parques nacionales y un v\u00ednculo con la naturaleza. Esto genera oportunidades, por lo que tenemos que ir en busca de inversiones\u201d<\/em>, afirm\u00f3.<\/p>\n\n\n\n<p>Por parte de la empresa&nbsp;<strong>GOL<\/strong>, particip\u00f3 el consejero de la presidencia,&nbsp;<strong>Alberto Fajerman<\/strong>, quien asegur\u00f3 que&nbsp;<em>&#8220;San Pablo conecta con m\u00e1s de 40 ciudades de Brasil, por lo que todo el pa\u00eds va a poder visitar los destinos de la Argentina&#8221;<\/em>.<\/p>\n\n\n\n<p>Adem\u00e1s, el presidente del Instituto Fueguino de Turismo,&nbsp;<strong>Dante Querciali<\/strong>, manifest\u00f3:&nbsp;<em>\u201cEs la primera vez que vamos a tener una empresa extranjera realizando un vuelo directo. Todos los brasile\u00f1os que quieran disfrutar de la nieve de Tierra del Fuego van a poder hacerlo&#8221;<\/em>.<\/p>\n\n\n\n<p>A su turno, el director ejecutivo de la Agencia de Turismo de R\u00edo Negro (ATUR),&nbsp;<strong>Diego Piqu\u00edn<\/strong>, dijo:&nbsp;<em>\u201cCelebro la conectividad a\u00e9rea que tenemos con Brasil, que beneficia tanto a Bariloche como a toda la provincia de R\u00edo Negro\u201d<\/em>.<\/p>\n\n\n\n<p>En la conferencia tambi\u00e9n estuvo presente la presidenta de la C\u00e1mara Argentina de Turismo (CAT),&nbsp;<strong>Laura Teruel<\/strong>, quien destac\u00f3 el alcance y la importancia de los nuevos vuelos para todo el sector tur\u00edstico y resalt\u00f3 que&nbsp;<em>&#8220;cuentan con la CAT para continuar trabajando conjuntamente&#8221;<\/em>.<\/p>\n\n\n\n<p>El anuncio, realizado en el auditorio de la Secretar\u00eda de Turismo y Ambiente de la Naci\u00f3n, cont\u00f3 asimismo con la presencia del presidente de la Federaci\u00f3n Empresaria Hotelera Gastron\u00f3mica de la Rep\u00fablica Argentina (FEHGRA),&nbsp;<strong>Daniel Prieto<\/strong>, junto a representantes del sector tur\u00edstico y empresarios de las provincias de R\u00edo Negro y Tierra del Fuego.<\/p><p><\/p>\n","protected":false},"excerpt":{"rendered":"<p>Se anunci\u00f3 en conferencia de prensa, con la presencia del secretario Daniel Scioli, directivos de la aerol\u00ednea Gol y funcionarios de R\u00edo Negro y Tierra del Fuego. Durante la temporada de nieve, la empresa\u00a0Gol L\u00edneas A\u00e9reas\u00a0realizar\u00e1 vuelos directos a las ciudades de\u00a0Ushuaia (Tierra del Fuego)\u00a0y\u00a0Bariloche (R\u00edo Negro)\u00a0desde\u00a0San Pablo\u00a0(aeropuerto Guarulhos, uno de los principales hubs de [&hellip;]<\/p>\n","protected":false},"author":1,"featured_media":20047,"comment_status":"open","ping_status":"open","sticky":false,"template":"","format":"standard","meta":{"footnotes":""},"categories":[116],"tags":[],"class_list":["post-20046","post","type-post","status-publish","format-standard","has-post-thumbnail","hentry","category-aerolineas"],"post_mailing_queue_ids":[],"_links":{"self":[{"href":"https:\/\/nubesmgzdigital.com.ar\/index.php\/wp-json\/wp\/v2\/posts\/20046","targetHints":{"allow":["GET"]}}],"collection":[{"href":"https:\/\/nubesmgzdigital.com.ar\/index.php\/wp-json\/wp\/v2\/posts"}],"about":[{"href":"https:\/\/nubesmgzdigital.com.ar\/index.php\/wp-json\/wp\/v2\/types\/post"}],"author":[{"embeddable":true,"href":"https:\/\/nubesmgzdigital.com.ar\/index.php\/wp-json\/wp\/v2\/users\/1"}],"replies":[{"embeddable":true,"href":"https:\/\/nubesmgzdigital.com.ar\/index.php\/wp-json\/wp\/v2\/comments?post=20046"}],"version-history":[{"count":1,"href":"https:\/\/nubesmgzdigital.com.ar\/index.php\/wp-json\/wp\/v2\/posts\/20046\/revisions"}],"predecessor-version":[{"id":20048,"href":"https:\/\/nubesmgzdigital.com.ar\/index.php\/wp-json\/wp\/v2\/posts\/20046\/revisions\/20048"}],"wp:featuredmedia":[{"embeddable":true,"href":"https:\/\/nubesmgzdigital.com.ar\/index.php\/wp-json\/wp\/v2\/media\/20047"}],"wp:attachment":[{"href":"https:\/\/nubesmgzdigital.com.ar\/index.php\/wp-json\/wp\/v2\/media?parent=20046"}],"wp:term":[{"taxonomy":"category","embeddable":true,"href":"https:\/\/nubesmgzdigital.com.ar\/index.php\/wp-json\/wp\/v2\/categories?post=20046"},{"taxonomy":"post_tag","embeddable":true,"href":"https:\/\/nubesmgzdigital.com.ar\/index.php\/wp-json\/wp\/v2\/tags?post=20046"}],"curies":[{"name":"wp","href":"https:\/\/api.w.org\/{rel}","templated":true}]}}