{"id":20049,"date":"2025-12-11T09:00:12","date_gmt":"2025-12-11T12:00:12","guid":{"rendered":"https:\/\/nubesmgzdigital.com.ar\/?p=20049"},"modified":"2025-12-11T11:38:54","modified_gmt":"2025-12-11T14:38:54","slug":"en-el-salvador-lideres-y-emprendedoras-del-turismo-destacan-la-importancia-de-la-confianza-y-la-seguridad-para-el-empoderamiento-de-las-mujeres","status":"publish","type":"post","link":"https:\/\/nubesmgzdigital.com.ar\/index.php\/2025\/12\/11\/en-el-salvador-lideres-y-emprendedoras-del-turismo-destacan-la-importancia-de-la-confianza-y-la-seguridad-para-el-empoderamiento-de-las-mujeres\/","title":{"rendered":"En El Salvador, l\u00edderes y emprendedoras del turismo destacan la importancia de la confianza y la seguridad para el empoderamiento de las mujeres"},"content":{"rendered":"\n<p><strong><em>Los l\u00edderes del sector p\u00fablico y privado, junto con emprendedores y grupos comunitarios, han destacado la confianza y la seguridad como las bases esenciales para el empoderamiento de las mujeres a trav\u00e9s del turismo en las Am\u00e9ricas.<\/em><\/strong><\/p>\n\n\n\n<p>La Segunda Conferencia Regional sobre el Empoderamiento de las Mujeres en el Turismo en Am\u00e9rica Latina y el Caribe, celebrada en San Salvador (El Salvador) reuni\u00f3 a m\u00e1s de 200 emprendedoras de la regi\u00f3n, que participaron en una jornada cuya agenda estuvo marcada por paneles de alto nivel y el taller \u201cEl futuro del turismo es femenino: claves para el desarrollo de negocios tur\u00edsticos\u201d, centrado en ofrecer a las mujeres de la regi\u00f3n \u00a0herramientas pr\u00e1cticas para el desarrollo de negocios tur\u00edsticos.<\/p>\n\n\n\n<p>El encuentro se centr\u00f3 en temas clave como la confianza de los viajeros, los entornos laborales seguros y el liderazgo femenino en el turismo. Adem\u00e1s, reconoci\u00f3 el potencial de las mujeres, tanto en su rol como l\u00edderes del sector como en su papel de visitantes.<\/p>\n\n\n\n<p>El director regional de ONU Turismo para las Am\u00e9ricas, Gustavo Santos, dijo: \u201cEl Salvador est\u00e1 priorizando la seguridad, la confianza de los visitantes y el lugar central de la familia en las comunidades, pilares esenciales de un turismo resiliente e inclusivo. Nuestra Conferencia para el empoderamiento de las mujeres en las Am\u00e9ricas muestra el enorme talento y potencial de las l\u00edderes y emprendedoras, y estamos orgullosos de apoyarlas mientras transforman nuestro sector en toda la regi\u00f3n\u201d.<\/p>\n\n\n\n<h2 class=\"wp-block-heading\" id=\"paragraph-55976\">Protecci\u00f3n y capacitaci\u00f3n para las mujeres en el turismo<\/h2>\n\n\n\n<p>Si bien el turismo destaca como una fuente importante de empleo y oportunidades para las mujeres en las Am\u00e9ricas &#8211; 52% de los puestos en turismo son ocupados por mujeres , a\u00fan persisten desaf\u00edos significativos en la regi\u00f3n. Por ello, esta conferencia sirvi\u00f3 como plataforma para mostrar el trabajo de profesionales de \u00e9xito del turismo, tanto de la esfera p\u00fablica como privada, y revisar pol\u00edticas eficaces para el empoderamiento e iniciativas dise\u00f1adas para promover y garantizar la igualdad de g\u00e9nero, as\u00ed como para poner fin a la discriminaci\u00f3n en el lugar de trabajo, lo que se aplica tambi\u00e9n al sector tur\u00edstico.<\/p>\n\n\n\n<p>La conferencia tambi\u00e9n dej\u00f3 clara la importancia de la protecci\u00f3n legal para las trabajadoras y de apoyar a las mujeres emprendedoras y reuni\u00f3 a asociaciones y emprendedoras destac\u00f3 la \u201cconfianza\u201d como un elemento clave para el \u00e9xito. En coordinaci\u00f3n con diversos actores y agencias del sistema de las Naciones Unidas, organizaciones internacionales y bancos multilaterales, as\u00ed como de los pa\u00edses de Am\u00e9rica Latina y el Caribe, el encuentro mostr\u00f3 experiencias y estrategias de emprendimiento lideradas por mujeres en el sector tur\u00edstico.<\/p>\n\n\n\n<p>Junto a los debates de alto nivel sobre el empoderamiento de las mujeres que forman parte de la fuerza laboral del turismo, la conferencia tambi\u00e9n evalu\u00f3 los principales desaf\u00edos y oportunidades que se presentan en relaci\u00f3n con las turistas que visitan las Am\u00e9ricas, donde, nuevamente, destac\u00f3 la importancia de la seguridad. En ese sentido, se mostraron ejemplos de trabajo conjunto entre los sectores p\u00fablico y privado para fortalecer la confianza y generar beneficios sociales y econ\u00f3micos para las comunidades.<\/p>\n\n\n\n<p>Durante la jornada ONU Turismo ofreci\u00f3 a los asistentes una visi\u00f3n m\u00e1s amplia de la labor realizada para empoderar a las mujeres en el sector con datos preliminares del \u2018Informe mundial sobre las mujeres en el turismo: las industrias del transporte\u2019. El reporte proporcionar\u00e1 una vision actual del sector y una hoja de ruta para ofrecer m\u00e1s oportunidades a las mujeres para el acceso a las industrias de transporte. El documento, que se est\u00e1 realizando en colaboraci\u00f3n con la Federaci\u00f3n Internacional de los Trabajadores del Transporte (ITF), estar\u00e1 disponible en marzo de 2026.<\/p>\n\n\n\n<h2 class=\"wp-block-heading\" id=\"paragraph-55978\">El Salvador: un punto de referencia en seguridad e inversi\u00f3n<\/h2>\n\n\n\n<p>La celebraci\u00f3n de la Conferencia marca otro hito importante en el trabajo de ONU Turismo con El Salvador. El pa\u00eds se ha posicionado como el cuarto destino del mundo con mejor desempe\u00f1o tur\u00edstico desde 2019, con un crecimiento del +94% en llegadas internacionales. Adem\u00e1s, El Salvador ha apostado por el turismo como motor de transformaci\u00f3n econ\u00f3mica y social, y solo en el primer semestre de 2025, el pa\u00eds registr\u00f3 un crecimiento del 118 % en Inversi\u00f3n Extranjera Directa.<\/p>\n\n\n\n<p>La conferencia de San Salvador se basa en el \u00e9xito de la Primera Conferencia Regional sobre el Empoderamiento de las Mujeres, celebrada en Asunci\u00f3n, Paraguay. Este segundo evento tambi\u00e9n se realiz\u00f3 para coincidir con el D\u00eda Internacional de la Eliminaci\u00f3n de la Violencia contra la Mujer y la Ni\u00f1a, organizado junto con UNFPA y el PNUD.<\/p>\n\n\n\n<figure class=\"wp-block-gallery has-nested-images columns-default is-cropped wp-block-gallery-1 is-layout-flex wp-block-gallery-is-layout-flex\">\n<figure class=\"wp-block-image size-large\"><img loading=\"lazy\" decoding=\"async\" width=\"860\" height=\"558\" data-id=\"20054\" src=\"https:\/\/nubesmgzdigital.com.ar\/wp-content\/uploads\/2025\/12\/06-empoderamiento-salvador.jpg\" alt=\"\" class=\"wp-image-20054\" srcset=\"https:\/\/nubesmgzdigital.com.ar\/wp-content\/uploads\/2025\/12\/06-empoderamiento-salvador.jpg 860w, https:\/\/nubesmgzdigital.com.ar\/wp-content\/uploads\/2025\/12\/06-empoderamiento-salvador-300x195.jpg 300w, https:\/\/nubesmgzdigital.com.ar\/wp-content\/uploads\/2025\/12\/06-empoderamiento-salvador-768x498.jpg 768w, https:\/\/nubesmgzdigital.com.ar\/wp-content\/uploads\/2025\/12\/06-empoderamiento-salvador-696x452.jpg 696w, https:\/\/nubesmgzdigital.com.ar\/wp-content\/uploads\/2025\/12\/06-empoderamiento-salvador-647x420.jpg 647w\" sizes=\"auto, (max-width: 860px) 100vw, 860px\" \/><\/figure>\n\n\n\n<figure class=\"wp-block-image size-large\"><img loading=\"lazy\" decoding=\"async\" width=\"860\" height=\"558\" data-id=\"20053\" src=\"https:\/\/nubesmgzdigital.com.ar\/wp-content\/uploads\/2025\/12\/05-empoderamiento-salvador.jpg\" alt=\"\" class=\"wp-image-20053\" srcset=\"https:\/\/nubesmgzdigital.com.ar\/wp-content\/uploads\/2025\/12\/05-empoderamiento-salvador.jpg 860w, https:\/\/nubesmgzdigital.com.ar\/wp-content\/uploads\/2025\/12\/05-empoderamiento-salvador-300x195.jpg 300w, https:\/\/nubesmgzdigital.com.ar\/wp-content\/uploads\/2025\/12\/05-empoderamiento-salvador-768x498.jpg 768w, https:\/\/nubesmgzdigital.com.ar\/wp-content\/uploads\/2025\/12\/05-empoderamiento-salvador-696x452.jpg 696w, https:\/\/nubesmgzdigital.com.ar\/wp-content\/uploads\/2025\/12\/05-empoderamiento-salvador-647x420.jpg 647w\" sizes=\"auto, (max-width: 860px) 100vw, 860px\" \/><\/figure>\n\n\n\n<figure class=\"wp-block-image size-large\"><img loading=\"lazy\" decoding=\"async\" width=\"860\" height=\"558\" data-id=\"20051\" src=\"https:\/\/nubesmgzdigital.com.ar\/wp-content\/uploads\/2025\/12\/04-empoderamiento-salvador.jpg\" alt=\"\" class=\"wp-image-20051\" srcset=\"https:\/\/nubesmgzdigital.com.ar\/wp-content\/uploads\/2025\/12\/04-empoderamiento-salvador.jpg 860w, https:\/\/nubesmgzdigital.com.ar\/wp-content\/uploads\/2025\/12\/04-empoderamiento-salvador-300x195.jpg 300w, https:\/\/nubesmgzdigital.com.ar\/wp-content\/uploads\/2025\/12\/04-empoderamiento-salvador-768x498.jpg 768w, https:\/\/nubesmgzdigital.com.ar\/wp-content\/uploads\/2025\/12\/04-empoderamiento-salvador-696x452.jpg 696w, https:\/\/nubesmgzdigital.com.ar\/wp-content\/uploads\/2025\/12\/04-empoderamiento-salvador-647x420.jpg 647w\" sizes=\"auto, (max-width: 860px) 100vw, 860px\" \/><\/figure>\n\n\n\n<figure class=\"wp-block-image size-large\"><img loading=\"lazy\" decoding=\"async\" width=\"860\" height=\"558\" data-id=\"20052\" src=\"https:\/\/nubesmgzdigital.com.ar\/wp-content\/uploads\/2025\/12\/03-empoderamiento-salvador.jpg\" alt=\"\" class=\"wp-image-20052\" srcset=\"https:\/\/nubesmgzdigital.com.ar\/wp-content\/uploads\/2025\/12\/03-empoderamiento-salvador.jpg 860w, https:\/\/nubesmgzdigital.com.ar\/wp-content\/uploads\/2025\/12\/03-empoderamiento-salvador-300x195.jpg 300w, https:\/\/nubesmgzdigital.com.ar\/wp-content\/uploads\/2025\/12\/03-empoderamiento-salvador-768x498.jpg 768w, https:\/\/nubesmgzdigital.com.ar\/wp-content\/uploads\/2025\/12\/03-empoderamiento-salvador-696x452.jpg 696w, https:\/\/nubesmgzdigital.com.ar\/wp-content\/uploads\/2025\/12\/03-empoderamiento-salvador-647x420.jpg 647w\" sizes=\"auto, (max-width: 860px) 100vw, 860px\" \/><\/figure>\n\n\n\n<figure class=\"wp-block-image size-large\"><img loading=\"lazy\" decoding=\"async\" width=\"860\" height=\"558\" data-id=\"20055\" src=\"https:\/\/nubesmgzdigital.com.ar\/wp-content\/uploads\/2025\/12\/02-empoderamiento-salvador.jpg\" alt=\"\" class=\"wp-image-20055\" srcset=\"https:\/\/nubesmgzdigital.com.ar\/wp-content\/uploads\/2025\/12\/02-empoderamiento-salvador.jpg 860w, https:\/\/nubesmgzdigital.com.ar\/wp-content\/uploads\/2025\/12\/02-empoderamiento-salvador-300x195.jpg 300w, https:\/\/nubesmgzdigital.com.ar\/wp-content\/uploads\/2025\/12\/02-empoderamiento-salvador-768x498.jpg 768w, https:\/\/nubesmgzdigital.com.ar\/wp-content\/uploads\/2025\/12\/02-empoderamiento-salvador-696x452.jpg 696w, https:\/\/nubesmgzdigital.com.ar\/wp-content\/uploads\/2025\/12\/02-empoderamiento-salvador-647x420.jpg 647w\" sizes=\"auto, (max-width: 860px) 100vw, 860px\" \/><\/figure>\n\n\n\n<figure class=\"wp-block-image size-large\"><img loading=\"lazy\" decoding=\"async\" width=\"860\" height=\"558\" data-id=\"20050\" src=\"https:\/\/nubesmgzdigital.com.ar\/wp-content\/uploads\/2025\/12\/01-empoderamiento-salvador.jpg\" alt=\"\" class=\"wp-image-20050\" srcset=\"https:\/\/nubesmgzdigital.com.ar\/wp-content\/uploads\/2025\/12\/01-empoderamiento-salvador.jpg 860w, https:\/\/nubesmgzdigital.com.ar\/wp-content\/uploads\/2025\/12\/01-empoderamiento-salvador-300x195.jpg 300w, https:\/\/nubesmgzdigital.com.ar\/wp-content\/uploads\/2025\/12\/01-empoderamiento-salvador-768x498.jpg 768w, https:\/\/nubesmgzdigital.com.ar\/wp-content\/uploads\/2025\/12\/01-empoderamiento-salvador-696x452.jpg 696w, https:\/\/nubesmgzdigital.com.ar\/wp-content\/uploads\/2025\/12\/01-empoderamiento-salvador-647x420.jpg 647w\" sizes=\"auto, (max-width: 860px) 100vw, 860px\" \/><\/figure>\n<\/figure>\n","protected":false},"excerpt":{"rendered":"<p>Los l\u00edderes del sector p\u00fablico y privado, junto con emprendedores y grupos comunitarios, han destacado la confianza y la seguridad como las bases esenciales para el empoderamiento de las mujeres a trav\u00e9s del turismo en las Am\u00e9ricas. La Segunda Conferencia Regional sobre el Empoderamiento de las Mujeres en el Turismo en Am\u00e9rica Latina y el [&hellip;]<\/p>\n","protected":false},"author":1,"featured_media":20056,"comment_status":"open","ping_status":"open","sticky":false,"template":"","format":"standard","meta":{"footnotes":""},"categories":[113],"tags":[],"class_list":["post-20049","post","type-post","status-publish","format-standard","has-post-thumbnail","hentry","category-internacional"],"post_mailing_queue_ids":[],"_links":{"self":[{"href":"https:\/\/nubesmgzdigital.com.ar\/index.php\/wp-json\/wp\/v2\/posts\/20049","targetHints":{"allow":["GET"]}}],"collection":[{"href":"https:\/\/nubesmgzdigital.com.ar\/index.php\/wp-json\/wp\/v2\/posts"}],"about":[{"href":"https:\/\/nubesmgzdigital.com.ar\/index.php\/wp-json\/wp\/v2\/types\/post"}],"author":[{"embeddable":true,"href":"https:\/\/nubesmgzdigital.com.ar\/index.php\/wp-json\/wp\/v2\/users\/1"}],"replies":[{"embeddable":true,"href":"https:\/\/nubesmgzdigital.com.ar\/index.php\/wp-json\/wp\/v2\/comments?post=20049"}],"version-history":[{"count":1,"href":"https:\/\/nubesmgzdigital.com.ar\/index.php\/wp-json\/wp\/v2\/posts\/20049\/revisions"}],"predecessor-version":[{"id":20057,"href":"https:\/\/nubesmgzdigital.com.ar\/index.php\/wp-json\/wp\/v2\/posts\/20049\/revisions\/20057"}],"wp:featuredmedia":[{"embeddable":true,"href":"https:\/\/nubesmgzdigital.com.ar\/index.php\/wp-json\/wp\/v2\/media\/20056"}],"wp:attachment":[{"href":"https:\/\/nubesmgzdigital.com.ar\/index.php\/wp-json\/wp\/v2\/media?parent=20049"}],"wp:term":[{"taxonomy":"category","embeddable":true,"href":"https:\/\/nubesmgzdigital.com.ar\/index.php\/wp-json\/wp\/v2\/categories?post=20049"},{"taxonomy":"post_tag","embeddable":true,"href":"https:\/\/nubesmgzdigital.com.ar\/index.php\/wp-json\/wp\/v2\/tags?post=20049"}],"curies":[{"name":"wp","href":"https:\/\/api.w.org\/{rel}","templated":true}]}}