{"id":20061,"date":"2025-12-15T21:58:03","date_gmt":"2025-12-16T00:58:03","guid":{"rendered":"https:\/\/nubesmgzdigital.com.ar\/?p=20061"},"modified":"2025-12-15T22:22:34","modified_gmt":"2025-12-16T01:22:34","slug":"icotur-y-la-diputacion-de-la-coruna-lideran-el-mayor-encuentro-internacional-de-cooperacion-turistica-del-ano","status":"publish","type":"post","link":"https:\/\/nubesmgzdigital.com.ar\/index.php\/2025\/12\/15\/icotur-y-la-diputacion-de-la-coruna-lideran-el-mayor-encuentro-internacional-de-cooperacion-turistica-del-ano\/","title":{"rendered":"ASICOTUR Y LA DIPUTACI\u00d3N DE LA CORU\u00d1A LIDERAN EL MAYOR ENCUENTRO INTERNACIONAL DE COOPERACI\u00d3N TUR\u00cdSTICA DEL A\u00d1O"},"content":{"rendered":"\n<p><em>La ciudad de A Coru\u00f1a acogi\u00f3 ayer la <strong>III Jornada de Cooperaci\u00f3n Tur\u00edstica Internacional<\/strong>, un encuentro organizado por la Asociaci\u00f3n Internacional para la Cooperaci\u00f3n Tur\u00edstica (ASICOTUR)y la Deputaci\u00f3n da Coru\u00f1a. La cita reuni\u00f3 a representantes de nueve pa\u00edses y present\u00f3 un programa de trabajo integral orientado a fortalecer los lazos con Iberoam\u00e9rica y \u00c1frica.<\/em><\/p>\n\n\n\n<p><strong>Recepci\u00f3n oficial y visita t\u00e9cnica<\/strong><\/p>\n\n\n\n<p>La jornada comenz\u00f3 con la recepci\u00f3n oficial de la delegaci\u00f3n en el Palacio Provincial de A Coru\u00f1a, presidida por el vicepresidente de la Deputaci\u00f3n, Xos\u00e9 Regueira. Durante el encuentro, celebrado en el Sal\u00f3n de Plenos, Regueira destac\u00f3 la importancia de mantener un v\u00ednculo de cooperaci\u00f3n fluido, subrayando la relevancia del trabajo que cada representante desarrolla en su pa\u00eds, con especial \u00e9nfasis en la perpetuidad de la lengua, costumbres y tradiciones.<\/p>\n\n\n\n<p><strong><em><mark style=\"background-color:rgba(0, 0, 0, 0)\" class=\"has-inline-color has-vivid-cyan-blue-color\">Galeria de im\u00e1genes<\/mark><\/em><\/strong><\/p>\n\n\n\n<figure class=\"wp-block-gallery has-nested-images columns-default is-cropped wp-block-gallery-1 is-layout-flex wp-block-gallery-is-layout-flex\">\n<figure class=\"wp-block-image size-large\"><img loading=\"lazy\" decoding=\"async\" width=\"1024\" height=\"683\" data-id=\"20070\" src=\"https:\/\/nubesmgzdigital.com.ar\/wp-content\/uploads\/2025\/12\/Visita-al-salon-de-plenos-de-la-Diputacion-1024x683.jpg\" alt=\"\" class=\"wp-image-20070\" srcset=\"https:\/\/nubesmgzdigital.com.ar\/wp-content\/uploads\/2025\/12\/Visita-al-salon-de-plenos-de-la-Diputacion-1024x683.jpg 1024w, https:\/\/nubesmgzdigital.com.ar\/wp-content\/uploads\/2025\/12\/Visita-al-salon-de-plenos-de-la-Diputacion-300x200.jpg 300w, https:\/\/nubesmgzdigital.com.ar\/wp-content\/uploads\/2025\/12\/Visita-al-salon-de-plenos-de-la-Diputacion-768x512.jpg 768w, https:\/\/nubesmgzdigital.com.ar\/wp-content\/uploads\/2025\/12\/Visita-al-salon-de-plenos-de-la-Diputacion-1536x1024.jpg 1536w, https:\/\/nubesmgzdigital.com.ar\/wp-content\/uploads\/2025\/12\/Visita-al-salon-de-plenos-de-la-Diputacion-696x464.jpg 696w, https:\/\/nubesmgzdigital.com.ar\/wp-content\/uploads\/2025\/12\/Visita-al-salon-de-plenos-de-la-Diputacion-1068x712.jpg 1068w, https:\/\/nubesmgzdigital.com.ar\/wp-content\/uploads\/2025\/12\/Visita-al-salon-de-plenos-de-la-Diputacion-630x420.jpg 630w, https:\/\/nubesmgzdigital.com.ar\/wp-content\/uploads\/2025\/12\/Visita-al-salon-de-plenos-de-la-Diputacion.jpg 2048w\" sizes=\"auto, (max-width: 1024px) 100vw, 1024px\" \/><\/figure>\n\n\n\n<figure class=\"wp-block-image size-large\"><img loading=\"lazy\" decoding=\"async\" width=\"1024\" height=\"768\" data-id=\"20068\" src=\"https:\/\/nubesmgzdigital.com.ar\/wp-content\/uploads\/2025\/12\/Reconocimientos-1024x768.jpg\" alt=\"\" class=\"wp-image-20068\" srcset=\"https:\/\/nubesmgzdigital.com.ar\/wp-content\/uploads\/2025\/12\/Reconocimientos-1024x768.jpg 1024w, https:\/\/nubesmgzdigital.com.ar\/wp-content\/uploads\/2025\/12\/Reconocimientos-300x225.jpg 300w, https:\/\/nubesmgzdigital.com.ar\/wp-content\/uploads\/2025\/12\/Reconocimientos-768x576.jpg 768w, https:\/\/nubesmgzdigital.com.ar\/wp-content\/uploads\/2025\/12\/Reconocimientos-1536x1152.jpg 1536w, https:\/\/nubesmgzdigital.com.ar\/wp-content\/uploads\/2025\/12\/Reconocimientos-80x60.jpg 80w, https:\/\/nubesmgzdigital.com.ar\/wp-content\/uploads\/2025\/12\/Reconocimientos-265x198.jpg 265w, https:\/\/nubesmgzdigital.com.ar\/wp-content\/uploads\/2025\/12\/Reconocimientos-696x522.jpg 696w, https:\/\/nubesmgzdigital.com.ar\/wp-content\/uploads\/2025\/12\/Reconocimientos-1068x801.jpg 1068w, https:\/\/nubesmgzdigital.com.ar\/wp-content\/uploads\/2025\/12\/Reconocimientos-560x420.jpg 560w, https:\/\/nubesmgzdigital.com.ar\/wp-content\/uploads\/2025\/12\/Reconocimientos.jpg 2048w\" sizes=\"auto, (max-width: 1024px) 100vw, 1024px\" \/><\/figure>\n\n\n\n<figure class=\"wp-block-image size-large\"><img loading=\"lazy\" decoding=\"async\" width=\"1024\" height=\"768\" data-id=\"20062\" src=\"https:\/\/nubesmgzdigital.com.ar\/wp-content\/uploads\/2025\/12\/Panel-2-1024x768.jpeg\" alt=\"\" class=\"wp-image-20062\" srcset=\"https:\/\/nubesmgzdigital.com.ar\/wp-content\/uploads\/2025\/12\/Panel-2-1024x768.jpeg 1024w, https:\/\/nubesmgzdigital.com.ar\/wp-content\/uploads\/2025\/12\/Panel-2-300x225.jpeg 300w, https:\/\/nubesmgzdigital.com.ar\/wp-content\/uploads\/2025\/12\/Panel-2-768x576.jpeg 768w, https:\/\/nubesmgzdigital.com.ar\/wp-content\/uploads\/2025\/12\/Panel-2-1536x1152.jpeg 1536w, https:\/\/nubesmgzdigital.com.ar\/wp-content\/uploads\/2025\/12\/Panel-2-80x60.jpeg 80w, https:\/\/nubesmgzdigital.com.ar\/wp-content\/uploads\/2025\/12\/Panel-2-265x198.jpeg 265w, https:\/\/nubesmgzdigital.com.ar\/wp-content\/uploads\/2025\/12\/Panel-2-696x522.jpeg 696w, https:\/\/nubesmgzdigital.com.ar\/wp-content\/uploads\/2025\/12\/Panel-2-1068x801.jpeg 1068w, https:\/\/nubesmgzdigital.com.ar\/wp-content\/uploads\/2025\/12\/Panel-2-560x420.jpeg 560w, https:\/\/nubesmgzdigital.com.ar\/wp-content\/uploads\/2025\/12\/Panel-2.jpeg 1600w\" sizes=\"auto, (max-width: 1024px) 100vw, 1024px\" \/><\/figure>\n\n\n\n<figure class=\"wp-block-image size-large\"><img loading=\"lazy\" decoding=\"async\" width=\"1024\" height=\"768\" data-id=\"20069\" src=\"https:\/\/nubesmgzdigital.com.ar\/wp-content\/uploads\/2025\/12\/Entrevista-con-Vicepresidente-y-media-partners-1024x768.jpg\" alt=\"\" class=\"wp-image-20069\" srcset=\"https:\/\/nubesmgzdigital.com.ar\/wp-content\/uploads\/2025\/12\/Entrevista-con-Vicepresidente-y-media-partners-1024x768.jpg 1024w, https:\/\/nubesmgzdigital.com.ar\/wp-content\/uploads\/2025\/12\/Entrevista-con-Vicepresidente-y-media-partners-300x225.jpg 300w, https:\/\/nubesmgzdigital.com.ar\/wp-content\/uploads\/2025\/12\/Entrevista-con-Vicepresidente-y-media-partners-768x576.jpg 768w, https:\/\/nubesmgzdigital.com.ar\/wp-content\/uploads\/2025\/12\/Entrevista-con-Vicepresidente-y-media-partners-1536x1152.jpg 1536w, https:\/\/nubesmgzdigital.com.ar\/wp-content\/uploads\/2025\/12\/Entrevista-con-Vicepresidente-y-media-partners-80x60.jpg 80w, https:\/\/nubesmgzdigital.com.ar\/wp-content\/uploads\/2025\/12\/Entrevista-con-Vicepresidente-y-media-partners-265x198.jpg 265w, https:\/\/nubesmgzdigital.com.ar\/wp-content\/uploads\/2025\/12\/Entrevista-con-Vicepresidente-y-media-partners-696x522.jpg 696w, https:\/\/nubesmgzdigital.com.ar\/wp-content\/uploads\/2025\/12\/Entrevista-con-Vicepresidente-y-media-partners-1068x801.jpg 1068w, https:\/\/nubesmgzdigital.com.ar\/wp-content\/uploads\/2025\/12\/Entrevista-con-Vicepresidente-y-media-partners-560x420.jpg 560w, https:\/\/nubesmgzdigital.com.ar\/wp-content\/uploads\/2025\/12\/Entrevista-con-Vicepresidente-y-media-partners.jpg 2048w\" sizes=\"auto, (max-width: 1024px) 100vw, 1024px\" \/><\/figure>\n\n\n\n<figure class=\"wp-block-image size-large\"><img loading=\"lazy\" decoding=\"async\" width=\"1024\" height=\"768\" data-id=\"20067\" src=\"https:\/\/nubesmgzdigital.com.ar\/wp-content\/uploads\/2025\/12\/Salon-completo.jpg-1024x768.jpeg\" alt=\"\" class=\"wp-image-20067\" srcset=\"https:\/\/nubesmgzdigital.com.ar\/wp-content\/uploads\/2025\/12\/Salon-completo.jpg-1024x768.jpeg 1024w, https:\/\/nubesmgzdigital.com.ar\/wp-content\/uploads\/2025\/12\/Salon-completo.jpg-300x225.jpeg 300w, https:\/\/nubesmgzdigital.com.ar\/wp-content\/uploads\/2025\/12\/Salon-completo.jpg-768x576.jpeg 768w, https:\/\/nubesmgzdigital.com.ar\/wp-content\/uploads\/2025\/12\/Salon-completo.jpg-1536x1152.jpeg 1536w, https:\/\/nubesmgzdigital.com.ar\/wp-content\/uploads\/2025\/12\/Salon-completo.jpg-80x60.jpeg 80w, https:\/\/nubesmgzdigital.com.ar\/wp-content\/uploads\/2025\/12\/Salon-completo.jpg-265x198.jpeg 265w, https:\/\/nubesmgzdigital.com.ar\/wp-content\/uploads\/2025\/12\/Salon-completo.jpg-696x522.jpeg 696w, https:\/\/nubesmgzdigital.com.ar\/wp-content\/uploads\/2025\/12\/Salon-completo.jpg-1068x801.jpeg 1068w, https:\/\/nubesmgzdigital.com.ar\/wp-content\/uploads\/2025\/12\/Salon-completo.jpg-560x420.jpeg 560w, https:\/\/nubesmgzdigital.com.ar\/wp-content\/uploads\/2025\/12\/Salon-completo.jpg.jpeg 1600w\" sizes=\"auto, (max-width: 1024px) 100vw, 1024px\" \/><\/figure>\n\n\n\n<figure class=\"wp-block-image size-large\"><img loading=\"lazy\" decoding=\"async\" width=\"1024\" height=\"768\" data-id=\"20064\" src=\"https:\/\/nubesmgzdigital.com.ar\/wp-content\/uploads\/2025\/12\/Panel-1-1024x768.jpeg\" alt=\"\" class=\"wp-image-20064\" srcset=\"https:\/\/nubesmgzdigital.com.ar\/wp-content\/uploads\/2025\/12\/Panel-1-1024x768.jpeg 1024w, https:\/\/nubesmgzdigital.com.ar\/wp-content\/uploads\/2025\/12\/Panel-1-300x225.jpeg 300w, https:\/\/nubesmgzdigital.com.ar\/wp-content\/uploads\/2025\/12\/Panel-1-768x576.jpeg 768w, https:\/\/nubesmgzdigital.com.ar\/wp-content\/uploads\/2025\/12\/Panel-1-1536x1152.jpeg 1536w, https:\/\/nubesmgzdigital.com.ar\/wp-content\/uploads\/2025\/12\/Panel-1-80x60.jpeg 80w, https:\/\/nubesmgzdigital.com.ar\/wp-content\/uploads\/2025\/12\/Panel-1-265x198.jpeg 265w, https:\/\/nubesmgzdigital.com.ar\/wp-content\/uploads\/2025\/12\/Panel-1-696x522.jpeg 696w, https:\/\/nubesmgzdigital.com.ar\/wp-content\/uploads\/2025\/12\/Panel-1-1068x801.jpeg 1068w, https:\/\/nubesmgzdigital.com.ar\/wp-content\/uploads\/2025\/12\/Panel-1-560x420.jpeg 560w, https:\/\/nubesmgzdigital.com.ar\/wp-content\/uploads\/2025\/12\/Panel-1.jpeg 1600w\" sizes=\"auto, (max-width: 1024px) 100vw, 1024px\" \/><\/figure>\n\n\n\n<figure class=\"wp-block-image size-large\"><img loading=\"lazy\" decoding=\"async\" width=\"1024\" height=\"768\" data-id=\"20065\" src=\"https:\/\/nubesmgzdigital.com.ar\/wp-content\/uploads\/2025\/12\/Apertura-e-himnos-1024x768.jpeg\" alt=\"\" class=\"wp-image-20065\" srcset=\"https:\/\/nubesmgzdigital.com.ar\/wp-content\/uploads\/2025\/12\/Apertura-e-himnos-1024x768.jpeg 1024w, https:\/\/nubesmgzdigital.com.ar\/wp-content\/uploads\/2025\/12\/Apertura-e-himnos-300x225.jpeg 300w, https:\/\/nubesmgzdigital.com.ar\/wp-content\/uploads\/2025\/12\/Apertura-e-himnos-768x576.jpeg 768w, https:\/\/nubesmgzdigital.com.ar\/wp-content\/uploads\/2025\/12\/Apertura-e-himnos-1536x1152.jpeg 1536w, https:\/\/nubesmgzdigital.com.ar\/wp-content\/uploads\/2025\/12\/Apertura-e-himnos-80x60.jpeg 80w, https:\/\/nubesmgzdigital.com.ar\/wp-content\/uploads\/2025\/12\/Apertura-e-himnos-265x198.jpeg 265w, https:\/\/nubesmgzdigital.com.ar\/wp-content\/uploads\/2025\/12\/Apertura-e-himnos-696x522.jpeg 696w, https:\/\/nubesmgzdigital.com.ar\/wp-content\/uploads\/2025\/12\/Apertura-e-himnos-1068x801.jpeg 1068w, https:\/\/nubesmgzdigital.com.ar\/wp-content\/uploads\/2025\/12\/Apertura-e-himnos-560x420.jpeg 560w, https:\/\/nubesmgzdigital.com.ar\/wp-content\/uploads\/2025\/12\/Apertura-e-himnos.jpeg 1600w\" sizes=\"auto, (max-width: 1024px) 100vw, 1024px\" \/><\/figure>\n\n\n\n<figure class=\"wp-block-image size-large\"><img loading=\"lazy\" decoding=\"async\" width=\"1024\" height=\"768\" data-id=\"20066\" src=\"https:\/\/nubesmgzdigital.com.ar\/wp-content\/uploads\/2025\/12\/Apertura-e-invitados-1024x768.jpeg\" alt=\"\" class=\"wp-image-20066\" srcset=\"https:\/\/nubesmgzdigital.com.ar\/wp-content\/uploads\/2025\/12\/Apertura-e-invitados-1024x768.jpeg 1024w, https:\/\/nubesmgzdigital.com.ar\/wp-content\/uploads\/2025\/12\/Apertura-e-invitados-300x225.jpeg 300w, https:\/\/nubesmgzdigital.com.ar\/wp-content\/uploads\/2025\/12\/Apertura-e-invitados-768x576.jpeg 768w, https:\/\/nubesmgzdigital.com.ar\/wp-content\/uploads\/2025\/12\/Apertura-e-invitados-1536x1152.jpeg 1536w, https:\/\/nubesmgzdigital.com.ar\/wp-content\/uploads\/2025\/12\/Apertura-e-invitados-80x60.jpeg 80w, https:\/\/nubesmgzdigital.com.ar\/wp-content\/uploads\/2025\/12\/Apertura-e-invitados-265x198.jpeg 265w, https:\/\/nubesmgzdigital.com.ar\/wp-content\/uploads\/2025\/12\/Apertura-e-invitados-696x522.jpeg 696w, https:\/\/nubesmgzdigital.com.ar\/wp-content\/uploads\/2025\/12\/Apertura-e-invitados-1068x801.jpeg 1068w, https:\/\/nubesmgzdigital.com.ar\/wp-content\/uploads\/2025\/12\/Apertura-e-invitados-560x420.jpeg 560w, https:\/\/nubesmgzdigital.com.ar\/wp-content\/uploads\/2025\/12\/Apertura-e-invitados.jpeg 1600w\" sizes=\"auto, (max-width: 1024px) 100vw, 1024px\" \/><\/figure>\n\n\n\n<figure class=\"wp-block-image size-large\"><img loading=\"lazy\" decoding=\"async\" width=\"1024\" height=\"768\" data-id=\"20063\" src=\"https:\/\/nubesmgzdigital.com.ar\/wp-content\/uploads\/2025\/12\/Comienzo-Jornada-1024x768.jpeg\" alt=\"\" class=\"wp-image-20063\" srcset=\"https:\/\/nubesmgzdigital.com.ar\/wp-content\/uploads\/2025\/12\/Comienzo-Jornada-1024x768.jpeg 1024w, https:\/\/nubesmgzdigital.com.ar\/wp-content\/uploads\/2025\/12\/Comienzo-Jornada-300x225.jpeg 300w, https:\/\/nubesmgzdigital.com.ar\/wp-content\/uploads\/2025\/12\/Comienzo-Jornada-768x576.jpeg 768w, https:\/\/nubesmgzdigital.com.ar\/wp-content\/uploads\/2025\/12\/Comienzo-Jornada-1536x1152.jpeg 1536w, https:\/\/nubesmgzdigital.com.ar\/wp-content\/uploads\/2025\/12\/Comienzo-Jornada-80x60.jpeg 80w, https:\/\/nubesmgzdigital.com.ar\/wp-content\/uploads\/2025\/12\/Comienzo-Jornada-265x198.jpeg 265w, https:\/\/nubesmgzdigital.com.ar\/wp-content\/uploads\/2025\/12\/Comienzo-Jornada-696x522.jpeg 696w, https:\/\/nubesmgzdigital.com.ar\/wp-content\/uploads\/2025\/12\/Comienzo-Jornada-1068x801.jpeg 1068w, https:\/\/nubesmgzdigital.com.ar\/wp-content\/uploads\/2025\/12\/Comienzo-Jornada-560x420.jpeg 560w, https:\/\/nubesmgzdigital.com.ar\/wp-content\/uploads\/2025\/12\/Comienzo-Jornada.jpeg 1600w\" sizes=\"auto, (max-width: 1024px) 100vw, 1024px\" \/><\/figure>\n<\/figure>\n\n\n\n<p>A continuaci\u00f3n, los participantes realizaron una visita t\u00e9cnica por lugares emblem\u00e1ticos de la ciudad, interpretada en clave del Camino Ingl\u00e9s, donde se pusieron en valor los principales recursos tur\u00edsticos asociados a esta hist\u00f3rica ruta jacobea, incluyendo su rica y amplia gastronom\u00eda.<\/p>\n\n\n\n<p><strong>Apertura institucional<\/strong><\/p>\n\n\n\n<p>A las 15:45, y con un aforo completo de m\u00e1s de 120 asistentes, se celebr\u00f3 la apertura institucional. El acto cont\u00f3 con la intervenci\u00f3n del presidente y vicepresidente institucional de ASICOTUR, representantes de la Deputaci\u00f3n da Coru\u00f1a y del Cl\u00faster de Turismo de Galicia.<\/p>\n\n\n\n<p><strong>Paneles de discusi\u00f3n<\/strong><br>El primer panel, titulado \u201c\u00bfEs posible repensar la cooperaci\u00f3n internacional desde el turismo como un acto de corresponsabilidad global?\u201d, donde analiz\u00f3 el papel de los fondos europeos y otras l\u00edneas de financiaci\u00f3n para impulsar proyectos tur\u00edsticos en Iberoam\u00e9rica y \u00c1frica.<\/p>\n\n\n\n<p>Se compartieron experiencias de Per\u00fa \u2014con la participaci\u00f3n del presidente del CEDIA\u2014, y el trabajo que realiza Cesal, ONG espa\u00f1ola en Rep\u00fablica Dominicana y Mozambique.&nbsp;<\/p>\n\n\n\n<p>En el segundo panel, \u201c\u00bfC\u00f3mo atraer nuevos peregrinos a los caminos inici\u00e1ticos y fortalecer su comercializaci\u00f3n?\u201d, estuvo conducido por el vicepresidente institucional de ASICOTUR, Jes\u00fas Ares V\u00e1zquez.<\/p>\n\n\n\n<p>En \u00e9l intervinieron representantes de la Di\u00f3cesis de Campo Mour\u00e3o (Brasil), quienes presentaron los resultados del Camino Inici\u00e1tico vinculado al Camino de Santiago en Paran\u00e1.<br>Posteriormente, la SECTUR de Quer\u00e9taro (M\u00e9xico) expuso los avances de la pr\u00f3xima inauguraci\u00f3n del Camino Inici\u00e1tico de Quer\u00e9taro, un recorrido de 127 km por la Sierra Gorda Queretana.<\/p>\n\n\n\n<p>El panel concluy\u00f3 con aportaciones de especialistas de Espa\u00f1a, Brasil y M\u00e9xico, quienes reflexionaron sobre el potencial de estos caminos inici\u00e1ticos como antesala del Camino de Santiago y sobre el compromiso necesario para su difusi\u00f3n y comercializaci\u00f3n.<\/p>\n\n\n\n<p><strong>Conversatorio final<\/strong><\/p>\n\n\n\n<p>La \u00faltima actividad del programa fue un conversatorio moderado por Tono Mugico, CEO de MR. Turismo, con la participaci\u00f3n de Antonio Leira Pi\u00f1eiro, diputado de Deportes de la Deputaci\u00f3n da Coru\u00f1a y el director de la Pastoral de Turismo de la Conferencia Episcopal Espa\u00f1ola, Gustavo Riveiro.<\/p>\n\n\n\n<p>El di\u00e1logo abord\u00f3 las figuras del viajero, turista y peregrino, destacando c\u00f3mo la experiencia de peregrinaci\u00f3n \u2014independientemente de su motivaci\u00f3n\u2014 transforma a las personas y a los destinos, fortaleciendo la identidad y el desarrollo local.<\/p>\n\n\n\n<p><strong>Lectura de m\u00e9ritos de la IV edici\u00f3n de los Reconocimientos a la Cooperaci\u00f3n Tur\u00edstica Internacional.<\/strong><\/p>\n\n\n\n<p>La jornada concluy\u00f3 con la entrega de los Reconocimientos a la Cooperaci\u00f3n Tur\u00edstica Internacional 2025, que distingui\u00f3 a entidades, proyectos y personas por su contribuci\u00f3n al turismo sostenible, inclusivo y responsable:<\/p>\n\n\n\n<p><strong>Categor\u00eda A \u2013 Entidades<\/strong><\/p>\n\n\n\n<p><strong>1. CENFOTUR \u2013 Centro de Formaci\u00f3n en Turismo (Per\u00fa)<\/strong><\/p>\n\n\n\n<p>Referente regional en formaci\u00f3n y certificaci\u00f3n tur\u00edstica. Impulsor de procesos de cooperaci\u00f3n Sur\u2013Sur y Triangular orientados al fortalecimiento de capacidades y al desarrollo del turismo sostenible.<\/p>\n\n\n\n<p><strong>2. ANAC \u2013 Administra\u00e7\u00e3o Nacional das \u00c1reas de Conserva\u00e7\u00e3o (Mozambique)<\/strong><\/p>\n\n\n\n<p>Instituci\u00f3n l\u00edder en conservaci\u00f3n de la biodiversidad y ecoturismo sostenible. Destaca por la reintroducci\u00f3n de fauna, la lucha contra la caza furtiva y el impulso del desarrollo comunitario.<\/p>\n\n\n\n<p><strong>Categor\u00eda B \u2013 Proyectos<\/strong><\/p>\n\n\n\n<p><strong>3. Red de Cruceros Ib\u00e9ricos Fluviales Transfronterizos (POCTEP RED CIFT)<\/strong><\/p>\n\n\n\n<p><strong>Pa\u00edses:<\/strong> Espa\u00f1a y Portugal<br>Desarrolla rutas n\u00e1utico-culturales fluviales que impulsan el turismo sostenible, la conservaci\u00f3n del patrimonio y la revitalizaci\u00f3n de zonas rurales transfronterizas.<\/p>\n\n\n\n<p><strong>4. Caminos Andinos<\/strong><\/p>\n\n\n\n<p><strong>Pa\u00edses:<\/strong> Bolivia, Colombia, Ecuador y Per\u00fa Implementa 16 rutas tur\u00edsticas que fortalecen la identidad andina, la integraci\u00f3n econ\u00f3mica y el turismo sostenible en la regi\u00f3n.<\/p>\n\n\n\n<p><strong>5. Cooperaci\u00f3n Triangular en Santo Tom\u00e9 y Pr\u00edncipe<\/strong><\/p>\n\n\n\n<p><strong>Pa\u00edses:<\/strong> Portugal, Argentina, Santo Tom\u00e9 y Pr\u00edncipe<\/p>\n\n\n\n<p>Promueve inclusi\u00f3n digital, telemedicina y turismo sostenible mediante cooperaci\u00f3n t\u00e9cnica y transferencia de conocimiento.<\/p>\n\n\n\n<p><strong>6. Ventana ADELANTE 2 \u2013 Destinos Tur\u00edsticos Inteligentes<\/strong><\/p>\n\n\n\n<p><strong>Pa\u00edses:<\/strong> Costa Rica y Colombia (implementaci\u00f3n), con apoyo de Argentina y Espa\u00f1a<br>Introduce estrategias de transformaci\u00f3n digital orientadas a construir destinos tur\u00edsticos inteligentes y fortalecer capacidades locales.<\/p>\n\n\n\n<p><strong>7. Trilha Jovem<\/strong><\/p>\n\n\n\n<p><strong>Pa\u00edses:<\/strong> Brasil, con cooperaci\u00f3n transversal de Paraguay y Argentina<br>Promueve la inclusi\u00f3n social y la formaci\u00f3n t\u00e9cnica en turismo para j\u00f3venes en situaci\u00f3n de vulnerabilidad, impulsando la integraci\u00f3n transfronteriza.<\/p>\n\n\n\n<p><strong>8. Alianzas Globales para el Turismo y el Desarrollo<\/strong><\/p>\n\n\n\n<p><strong>Pa\u00edses:<\/strong> M\u00e9xico (implementaci\u00f3n) con cooperaci\u00f3n de Espa\u00f1a, Argentina, EE. UU., Filipinas, Paraguay, Israel y Uruguay<br>Consolida a Coahuila como destino competitivo y sostenible mediante cooperaci\u00f3n internacional, inversiones y fortalecimiento econ\u00f3mico.<\/p>\n\n\n\n<p><strong>Categor\u00eda C \u2013 Personas<\/strong><\/p>\n\n\n\n<p><strong>9. Josefina Klinger (Colombia)<\/strong><\/p>\n\n\n\n<p>Lideresa en turismo sostenible y preservaci\u00f3n cultural en comunidades afrodescendientes de Nuqu\u00ed (Choc\u00f3), integrando ecoturismo, identidad y desarrollo comunitario.<\/p>\n\n\n\n<p><strong>10. D. Flavio Acu\u00f1a (Uruguay, en representaci\u00f3n de Rep\u00fablica Dominicana)<\/strong><\/p>\n\n\n\n<p>Empresario, fil\u00e1ntropo y referente del turismo de bienestar. Impulsor de redes internacionales, programas de capacitaci\u00f3n y oportunidades laborales en turismo responsable.<\/p>\n\n\n\n<p><strong>11. D\u00f1a. Jeanette Paill\u00e1n (Chile)<\/strong><\/p>\n\n\n\n<p>Reconocida por su labor visionaria en la promoci\u00f3n del turismo cultural ind\u00edgena y por el desarrollo de narrativas audiovisuales que valoran la diversidad cultural.<\/p>\n\n\n\n<p><strong>Cierre de la jornada<\/strong><\/p>\n\n\n\n<p>Para finalizar, varios colaboradores fueron invitados a reflexionar sobre los aprendizajes del d\u00eda. Coincidieron en que la jornada no se centr\u00f3 en problem\u00e1ticas que negativizan la actividad tur\u00edstica, sino en c\u00f3mo el turismo puede abrir nuevas oportunidades y fortalecer los territorios.<\/p>\n\n\n\n<p>En este sentido, ASICOTUR reafirma su papel como articulador de consorcios y proyectos de cooperaci\u00f3n.<\/p>\n\n\n\n<p>La pr\u00f3xima cita tendr\u00e1 lugar en FITUR 2026, donde la Asociaci\u00f3n entregar\u00e1 presencialmente las distinciones a los premiados que asistan. La ceremonia se celebrar\u00e1 en el <strong>stand de Per\u00fa el jueves 22 de enero<\/strong><\/p>\n<p>&nbsp;<\/p>\n\n\n","protected":false},"excerpt":{"rendered":"<p>La ciudad de A Coru\u00f1a acogi\u00f3 ayer la III Jornada de Cooperaci\u00f3n Tur\u00edstica Internacional, un encuentro organizado por la Asociaci\u00f3n Internacional para la Cooperaci\u00f3n Tur\u00edstica (ASICOTUR)y la Deputaci\u00f3n da Coru\u00f1a. La cita reuni\u00f3 a representantes de nueve pa\u00edses y present\u00f3 un programa de trabajo integral orientado a fortalecer los lazos con Iberoam\u00e9rica y \u00c1frica. Recepci\u00f3n [&hellip;]<\/p>\n","protected":false},"author":1,"featured_media":20063,"comment_status":"open","ping_status":"open","sticky":false,"template":"","format":"standard","meta":{"footnotes":""},"categories":[146,113],"tags":[],"class_list":["post-20061","post","type-post","status-publish","format-standard","has-post-thumbnail","hentry","category-asicotur","category-internacional"],"post_mailing_queue_ids":[],"_links":{"self":[{"href":"https:\/\/nubesmgzdigital.com.ar\/index.php\/wp-json\/wp\/v2\/posts\/20061","targetHints":{"allow":["GET"]}}],"collection":[{"href":"https:\/\/nubesmgzdigital.com.ar\/index.php\/wp-json\/wp\/v2\/posts"}],"about":[{"href":"https:\/\/nubesmgzdigital.com.ar\/index.php\/wp-json\/wp\/v2\/types\/post"}],"author":[{"embeddable":true,"href":"https:\/\/nubesmgzdigital.com.ar\/index.php\/wp-json\/wp\/v2\/users\/1"}],"replies":[{"embeddable":true,"href":"https:\/\/nubesmgzdigital.com.ar\/index.php\/wp-json\/wp\/v2\/comments?post=20061"}],"version-history":[{"count":3,"href":"https:\/\/nubesmgzdigital.com.ar\/index.php\/wp-json\/wp\/v2\/posts\/20061\/revisions"}],"predecessor-version":[{"id":20075,"href":"https:\/\/nubesmgzdigital.com.ar\/index.php\/wp-json\/wp\/v2\/posts\/20061\/revisions\/20075"}],"wp:featuredmedia":[{"embeddable":true,"href":"https:\/\/nubesmgzdigital.com.ar\/index.php\/wp-json\/wp\/v2\/media\/20063"}],"wp:attachment":[{"href":"https:\/\/nubesmgzdigital.com.ar\/index.php\/wp-json\/wp\/v2\/media?parent=20061"}],"wp:term":[{"taxonomy":"category","embeddable":true,"href":"https:\/\/nubesmgzdigital.com.ar\/index.php\/wp-json\/wp\/v2\/categories?post=20061"},{"taxonomy":"post_tag","embeddable":true,"href":"https:\/\/nubesmgzdigital.com.ar\/index.php\/wp-json\/wp\/v2\/tags?post=20061"}],"curies":[{"name":"wp","href":"https:\/\/api.w.org\/{rel}","templated":true}]}}