{"id":20079,"date":"2025-12-16T09:23:31","date_gmt":"2025-12-16T12:23:31","guid":{"rendered":"https:\/\/nubesmgzdigital.com.ar\/?p=20079"},"modified":"2025-12-16T09:23:32","modified_gmt":"2025-12-16T12:23:32","slug":"el-consejo-asesor-de-turismo-de-la-provincia-de-salta-cerro-el-ano-con-una-agenda-de-trabajo-consensuada-para-la-planificacion-2026","status":"publish","type":"post","link":"https:\/\/nubesmgzdigital.com.ar\/index.php\/2025\/12\/16\/el-consejo-asesor-de-turismo-de-la-provincia-de-salta-cerro-el-ano-con-una-agenda-de-trabajo-consensuada-para-la-planificacion-2026\/","title":{"rendered":"El Consejo Asesor de Turismo de la provincia de Salta cerr\u00f3 el a\u00f1o con una agenda de trabajo consensuada para la planificaci\u00f3n 2026"},"content":{"rendered":"\n<p><strong><em>La ministra de Turismo y Deportes, Manuela Arancibia, encabez\u00f3 la \u00faltima reuni\u00f3n del a\u00f1o del Consejo Asesor de Turismo, donde referentes del sector p\u00fablico y privado realizaron un balance de 2025 y definieron lineamientos estrat\u00e9gicos vinculados al desarrollo, la formaci\u00f3n, la sensibilizaci\u00f3n y la promoci\u00f3n tur\u00edstica de la provincia.<\/em><\/strong><\/p>\n\n\n\n<p>El Ministerio de Turismo y Deportes de Salta llev\u00f3 adelante la \u00faltima reuni\u00f3n del a\u00f1o del Consejo Asesor de Turismo, un espacio de di\u00e1logo y trabajo conjunto que reuni\u00f3 a representantes del sector p\u00fablico, presidentes de c\u00e1maras y asociaciones del sector. Estuvo encabezado por la ministra de Turismo y Deportes,\u00a0<strong>Manuela Arancibi<\/strong>a, y la secretaria de Turismo,<strong>\u00a0Nadia Loza<\/strong>.<\/p>\n\n\n\n<p>Durante el encuentro, cada c\u00e1mara realiz\u00f3 un balance del trabajo desarrollado a lo largo del a\u00f1o y present\u00f3 aportes y propuestas de cara a la planificaci\u00f3n 2026, con eje en el desarrollo tur\u00edstico, la formaci\u00f3n y capacitaci\u00f3n, la sensibilizaci\u00f3n y la promoci\u00f3n, consolidando una agenda de trabajo articulada entre el sector p\u00fablico y privado.<\/p>\n\n\n\n<p>En este marco, la ministra Manuela Arancibia destac\u00f3 la importancia de estos espacios de construcci\u00f3n colectiva y se\u00f1al\u00f3 que \u201cel Consejo Asesor es una herramienta fundamental para escuchar, intercambiar y proyectar pol\u00edticas p\u00fablicas que acompa\u00f1en el crecimiento del turismo en Salta. El trabajo conjunto con el sector privado nos permite planificar con una mirada integral y a largo plazo.\u201d<\/p>\n\n\n\n<figure class=\"wp-block-image\"><a href=\"https:\/\/www.salta.gob.ar\/public\/images\/noticias\/contenidos\/21132-el-consejo-asesor-de-turismo-cerro-el-anio-con-una-agenda-de-trabajo-consensuada-para-la-planificacion-2026.webp\"><img decoding=\"async\" src=\"https:\/\/www.salta.gob.ar\/public\/images\/noticias\/contenidos\/21132-el-consejo-asesor-de-turismo-cerro-el-anio-con-una-agenda-de-trabajo-consensuada-para-la-planificacion-2026.webp\" alt=\"El Consejo Asesor de Turismo cerr\u00f3 el a\u00f1o con una agenda de trabajo consensuada para la planificaci\u00f3n 2026\"\/><\/a><\/figure>\n\n\n\n<p>Asimismo, la funcionaria destac\u00f3 que \u201cnos llevamos propuestas concretas que fortalecen la agenda 2026, con foco en el desarrollo sostenible, la capacitaci\u00f3n permanente y la promoci\u00f3n de nuestros destinos, siempre en articulaci\u00f3n con quienes forman parte del sector.\u201d<\/p>\n\n\n\n<p>El Consejo Asesor de Turismo contin\u00faa consolid\u00e1ndose como un \u00e1mbito estrat\u00e9gico para el fortalecimiento del turismo en la provincia, promoviendo el di\u00e1logo permanente y la planificaci\u00f3n conjunta entre el Estado y el sector privado.<\/p>\n\n\n\n<p>Participaron del encuentro el presidente y el secretario de la C\u00e1mara de Turismo de Salta, Facundo Assaf y Mauricio Clark; la presidente y el tesorero de la Asociaci\u00f3n Salte\u00f1a de Agencias de Turismo, L\u00eda Rivella y Martin Contino; el presidente y vicepresidente del Salta Convention Bureau, Patricio Barbar\u00e1n y Daniel Astorga; en representaci\u00f3n de AHT \u2013 Filial Salta, Mariana Farjat; el presidente del Tren a las Nubes, Sebasti\u00e1n Vidal; el secretario de la C\u00e1mara Hotelera, Gastron\u00f3mica y Afines, Freddy Soria; en representaci\u00f3n del Centro de Convenciones Salta, Pablo Epstein; el presidente del Hotel Termas, Paul Tevez; el director del Telef\u00e9rico San Bernardo, Tom\u00e1s Hannach; el coordinador del Ente de Turismo de la Ciudad de Salta, Fernando Garc\u00eda Soria; el coordinador general del Ministerio de Turismo y Deportes, Santiago Su\u00f1er; y la subsecretaria de Promoci\u00f3n y Marketing, Laura Alcorta.&nbsp;<\/p>\n\n\n\n<hr class=\"wp-block-separator has-alpha-channel-opacity\"\/>\n\n\n\n<p>Fuente:&nbsp;<strong>Secretaria de Prensa y Comunicaci\u00f3n<\/strong><\/p><p><\/p>\n","protected":false},"excerpt":{"rendered":"<p>La ministra de Turismo y Deportes, Manuela Arancibia, encabez\u00f3 la \u00faltima reuni\u00f3n del a\u00f1o del Consejo Asesor de Turismo, donde referentes del sector p\u00fablico y privado realizaron un balance de 2025 y definieron lineamientos estrat\u00e9gicos vinculados al desarrollo, la formaci\u00f3n, la sensibilizaci\u00f3n y la promoci\u00f3n tur\u00edstica de la provincia. El Ministerio de Turismo y Deportes [&hellip;]<\/p>\n","protected":false},"author":1,"featured_media":20080,"comment_status":"open","ping_status":"open","sticky":false,"template":"","format":"standard","meta":{"footnotes":""},"categories":[118],"tags":[],"class_list":["post-20079","post","type-post","status-publish","format-standard","has-post-thumbnail","hentry","category-noa"],"post_mailing_queue_ids":[],"_links":{"self":[{"href":"https:\/\/nubesmgzdigital.com.ar\/index.php\/wp-json\/wp\/v2\/posts\/20079","targetHints":{"allow":["GET"]}}],"collection":[{"href":"https:\/\/nubesmgzdigital.com.ar\/index.php\/wp-json\/wp\/v2\/posts"}],"about":[{"href":"https:\/\/nubesmgzdigital.com.ar\/index.php\/wp-json\/wp\/v2\/types\/post"}],"author":[{"embeddable":true,"href":"https:\/\/nubesmgzdigital.com.ar\/index.php\/wp-json\/wp\/v2\/users\/1"}],"replies":[{"embeddable":true,"href":"https:\/\/nubesmgzdigital.com.ar\/index.php\/wp-json\/wp\/v2\/comments?post=20079"}],"version-history":[{"count":1,"href":"https:\/\/nubesmgzdigital.com.ar\/index.php\/wp-json\/wp\/v2\/posts\/20079\/revisions"}],"predecessor-version":[{"id":20081,"href":"https:\/\/nubesmgzdigital.com.ar\/index.php\/wp-json\/wp\/v2\/posts\/20079\/revisions\/20081"}],"wp:featuredmedia":[{"embeddable":true,"href":"https:\/\/nubesmgzdigital.com.ar\/index.php\/wp-json\/wp\/v2\/media\/20080"}],"wp:attachment":[{"href":"https:\/\/nubesmgzdigital.com.ar\/index.php\/wp-json\/wp\/v2\/media?parent=20079"}],"wp:term":[{"taxonomy":"category","embeddable":true,"href":"https:\/\/nubesmgzdigital.com.ar\/index.php\/wp-json\/wp\/v2\/categories?post=20079"},{"taxonomy":"post_tag","embeddable":true,"href":"https:\/\/nubesmgzdigital.com.ar\/index.php\/wp-json\/wp\/v2\/tags?post=20079"}],"curies":[{"name":"wp","href":"https:\/\/api.w.org\/{rel}","templated":true}]}}